{"id":6664,"date":"2013-02-28T00:00:00","date_gmt":"2013-02-28T00:00:00","guid":{"rendered":"http:\/\/emlekpont.hu\/?p=6664"},"modified":"2013-02-28T00:00:00","modified_gmt":"2013-02-28T00:00:00","slug":"a-%cb%9dnemzet-lelkiismerete%cb%9d-az-emlekpontban","status":"publish","type":"post","link":"https:\/\/emlekpont.hu\/?p=6664","title":{"rendered":"A \u02ddNemzet lelkiismerete\u02dd az Eml\u00e9kpontban"},"content":{"rendered":"<p>A \u00bdNemzet lelkiismerete\u00bd az Eml\u00e9kpontbanIrodalmi m\u00fbsor N\u00e9meth L\u00e1szl\u00f3 nemr\u00e9giben megjelent m\u00fbveib\u00f5l    N\u00e9meth L\u00e1szl\u00f3 tisztelet\u00e9re rendeznek irodalmi estet febru\u00e1r 28-\u00e1n, 17 \u00f3rakor az Eml\u00e9kpontban, az \u00edr\u00f3 k\u00f6zelm\u00faltban megjelent, kanyarg\u00f3s utat bej\u00e1rt m\u00fbveit n\u00e9h\u00e1ny kiv\u00e1lasztott r\u00e9szlet seg\u00edts\u00e9g\u00e9vel mutatj\u00e1k be. A m\u00fbsort N\u00e9meth \u00c1gnes, az \u00edr\u00f3 le\u00e1nya \u00e9s G\u00e1l Mih\u00e1ly \u00e1ll\u00edtotta \u00f6ssze, a sz\u00f6vegeket Szab\u00f3 Andr\u00e1s adja el\u00f5.  Elveszett dr\u00e1ma, bar\u00e1ti levelek \u00e9s szerelmi t\u00f6rt\u00e9net is beker\u00fclt az \u00edr\u00f3 l\u00e1nya \u00e9s Nemzet lelkiismerete c\u00edm\u00fb m\u00fb szerz\u00f5je \u00e1ltal \u00f6ssze\u00e1ll\u00edtott esten. Az elm\u00falt sz\u00e1zad magyar irodalm\u00e1nak egyik legjelent\u00f5sebb dr\u00e1ma\u00edr\u00f3j\u00e1nak F\u00e9rfisors c\u00edm\u00fb m\u00fbve csak 86 \u00e9vvel a meg\u00edr\u00e1sa ut\u00e1n jelent meg. N\u00e9meth L\u00e1szl\u00f3 k\u00f6nyvt\u00e1r\u00e1ban k\u00f6zel 800 k\u00f6tetnyi a szerz\u00f5k \u00e1ltal dedik\u00e1lt k\u00f6nyv maradt fenn, levelez\u00e9s\u00e9nek legszebb gondolatait v\u00e1logatva adta k\u00f6zre G\u00e1l Mih\u00e1ly kult\u00fart\u00f6rt\u00e9neti kuri\u00f3zumnak sz\u00e1m\u00edt\u00f3 katal\u00f3gus\u00e1ban.  &#8222;Nem val\u00f3s\u00e1gos el\u00f5ad\u00e1s, hanem leletment\u00e9s&#8221; &#8211; mondta el a m\u00fbsorr\u00f3l N\u00e9meth \u00c1gnes, aki a csal\u00e1di hagyat\u00e9k felt\u00e1r\u00e1s\u00e1val \u00e9s nyilv\u00e1noss\u00e1gra hoz\u00e1s\u00e1val foglalkozik legink\u00e1bb. Ilyen a F\u00e9rfisors c\u00edm\u00fb dr\u00e1ma is, amelyet N\u00e9meth L\u00e1szl\u00f3 1926-ban \u00edrt, de csup\u00e1n tavaly siker\u00fclt lebet\u00fbzni \u00e9s kiadni.  N\u00e9meth \u00c1gnes \u00e9desapja levelez\u00e9s\u00e9vel is sokat foglalkozott, amelyet k\u00e9t lelt\u00e1rban gy\u00fbjt\u00f6tt \u00f6ssze. Az els\u00f5 az 1949-ig tart\u00f3 id\u00f5szak, amely 750 oldalt tesz ki, a m\u00e1sodik pedig a &#8217;49-t\u00f5l hal\u00e1l\u00e1ig, amely el\u00e9ri a 3000 oldalt. Ma sajnos a fiatalok egy 750 oldalas k\u00f6nyvet nem vesznek a kez\u00fckbe &#8211; mondta N\u00e9meth \u00c1gnes. Ez\u00e9rt \u00e9desapja legszebb gondolatait a legjobb bar\u00e1taival, Illy\u00e9s Gyul\u00e1val, M\u00f3ricz Zsigmonddal \u00e9s Guly\u00e1s P\u00e1llal, kiemelte, \u00e9s egy 200 oldalas k\u00f6nyvet k\u00e9sz\u00edtett bel\u00f5le, amelyb\u00f5l r\u00e9szleteket olvasnak fel az esten. Emellett G\u00e1l Mih\u00e1ly elk\u00e9sz\u00edtette N\u00e9meth L\u00e1szl\u00f3 dedik\u00e1lt k\u00f6nyveinek katal\u00f3gus\u00e1t, az ezzel kapcsolatos \u00e9szrev\u00e9teleit \u00e9s tapasztalatait mondja el a k\u00f6z\u00f6ns\u00e9gnek.  Az el\u00f5ad\u00e1s utols\u00f3 r\u00e9sz\u00e9ben N\u00e9meth \u00c1gnes besz\u00e9l \u00e9desapja \u00e1ltal \u00edrt kedvenc k\u00f6nyv\u00e9r\u00f5l, a M\u00e1sik mesterr\u00f5l. A t\u00f6rt\u00e9net sz\u00fclei szerelm\u00e9r\u00f5l sz\u00f3l, \u00e9s err\u00f5l a k\u00f6nyvr\u00f5l akadt a kez\u00e9be egy M\u00f3ricz-kritika is. \u00d5szint\u00e9n mondja \u00e9s \u00e9rz\u00e9seit a t\u00f6rt\u00e9nettel kapcsolatban, valamint az is kider\u00fcl, hogy M\u00f3ricz mit is reag\u00e1lt r\u00e1.  H\u00f3dmez\u00f5v\u00e1s\u00e1rhelyen nagyon \u00f6r\u00fclnek, ha hallanak ap\u00e1mr\u00f3l, \u00e9s nagyon rem\u00e9lem, hogy \u00fajdons\u00e1gokat is tudunk mondani az ell\u00e1togat\u00f3knak &#8211; emelte ki N\u00e9meth \u00c1gnes.  Forr\u00e1s: Promen\u00e1d.hu<\/p>\n","protected":false},"excerpt":{"rendered":"<p>A \u00bdNemzet lelkiismerete\u00bd az Eml\u00e9kpontbanIrodalmi m\u00fbsor N\u00e9meth L\u00e1szl\u00f3 nemr\u00e9giben megjelent m\u00fbveib\u00f5l N\u00e9meth L\u00e1szl\u00f3 tisztelet\u00e9re rendeznek irodalmi estet febru\u00e1r 28-\u00e1n, 17 \u00f3rakor az Eml\u00e9kpontban, az \u00edr\u00f3 k\u00f6zelm\u00faltban megjelent, kanyarg\u00f3s utat bej\u00e1rt m\u00fbveit n\u00e9h\u00e1ny kiv\u00e1lasztott r\u00e9szlet seg\u00edts\u00e9g\u00e9vel mutatj\u00e1k be. A m\u00fbsort N\u00e9meth \u00c1gnes, az \u00edr\u00f3 le\u00e1nya \u00e9s G\u00e1l Mih\u00e1ly \u00e1ll\u00edtotta \u00f6ssze, a sz\u00f6vegeket Szab\u00f3 Andr\u00e1s adja el\u00f5. [&hellip;]<\/p>\n","protected":false},"author":5,"featured_media":0,"comment_status":"open","ping_status":"open","sticky":false,"template":"","format":"standard","meta":{"footnotes":""},"categories":[12,8,18],"tags":[],"_links":{"self":[{"href":"https:\/\/emlekpont.hu\/index.php?rest_route=\/wp\/v2\/posts\/6664"}],"collection":[{"href":"https:\/\/emlekpont.hu\/index.php?rest_route=\/wp\/v2\/posts"}],"about":[{"href":"https:\/\/emlekpont.hu\/index.php?rest_route=\/wp\/v2\/types\/post"}],"author":[{"embeddable":true,"href":"https:\/\/emlekpont.hu\/index.php?rest_route=\/wp\/v2\/users\/5"}],"replies":[{"embeddable":true,"href":"https:\/\/emlekpont.hu\/index.php?rest_route=%2Fwp%2Fv2%2Fcomments&post=6664"}],"version-history":[{"count":0,"href":"https:\/\/emlekpont.hu\/index.php?rest_route=\/wp\/v2\/posts\/6664\/revisions"}],"wp:attachment":[{"href":"https:\/\/emlekpont.hu\/index.php?rest_route=%2Fwp%2Fv2%2Fmedia&parent=6664"}],"wp:term":[{"taxonomy":"category","embeddable":true,"href":"https:\/\/emlekpont.hu\/index.php?rest_route=%2Fwp%2Fv2%2Fcategories&post=6664"},{"taxonomy":"post_tag","embeddable":true,"href":"https:\/\/emlekpont.hu\/index.php?rest_route=%2Fwp%2Fv2%2Ftags&post=6664"}],"curies":[{"name":"wp","href":"https:\/\/api.w.org\/{rel}","templated":true}]}}