{"id":6663,"date":"2013-02-28T00:00:00","date_gmt":"2013-02-28T00:00:00","guid":{"rendered":"http:\/\/emlekpont.hu\/?p=6663"},"modified":"2013-02-28T00:00:00","modified_gmt":"2013-02-28T00:00:00","slug":"irodalmi-estet-rendeztek-nemeth-laszlo-emlekere","status":"publish","type":"post","link":"https:\/\/emlekpont.hu\/?p=6663","title":{"rendered":"Irodalmi estet rendeztek N\u00e9meth L\u00e1szl\u00f3 eml\u00e9k\u00e9re"},"content":{"rendered":"<p>Irodalmi estet rendeztek N\u00e9meth L\u00e1szl\u00f3 eml\u00e9k\u00e9re  R\u00e9g elfelejtett dr\u00e1m\u00e1ja, bar\u00e1taival val\u00f3 levelez\u00e9se, valamint feles\u00e9g\u00e9vel k\u00f6z\u00f6s szerelmi t\u00f6rt\u00e9net\u00fck is ter\u00edt\u00e9kre ker\u00fclt azon az irodalmi esten, melyet N\u00e9meth L\u00e1szl\u00f3 eml\u00e9k\u00e9re rendeztek meg az Eml\u00e9kpontban.  N\u00e9meth L\u00e1szl\u00f3 hagyat\u00e9k\u00e1t l\u00e1nyai gondozz\u00e1k, akik munk\u00e1juk sor\u00e1n \u00fajabb \u00e9s \u00fajabb \u00edr\u00e1sokra bukkannak. K\u00e9t \u00e9vvel ezel\u00f5tt az \u00edr\u00f3 egy 1956-ban k\u00e9sz\u00fclt novell\u00e1ja ker\u00fclt el\u00f5, most pedig F\u00e9rfisors c\u00edm\u00fb dr\u00e1m\u00e1ja, amely 86 \u00e9ven kereszt\u00fcl lapult a fi\u00f3k m\u00e9ly\u00e9n. A k\u00e9zirat els\u00f5sorban arr\u00f3l sz\u00f3l, hogy N\u00e9meth L\u00e1szl\u00f3nak sem az orvosi p\u00e1lya, sem a h\u00e1zass\u00e1g nem tetszik igaz\u00e1n, az \u00edr\u00e1st tartotta legfontosabbnak \u00e9let\u00e9ben. A mondanival\u00f3 mellett azonban az is a megjelen\u00e9s k\u00f6r\u00fclm\u00e9nyei is \u00e9rdekesek.- A dr\u00e1m\u00e1t 1926-ban \u00edrta, melyet otthagyott bar\u00e1tj\u00e1n\u00e1l, Oszoly K\u00e1lm\u00e1nn\u00e1l. \u00d5 az \u00f6tvenes \u00e9vekben visszaadta \u00e9desap\u00e1mnak m\u00e1s k\u00e9ziratokkal egy\u00fctt. Akkor \u00e9n beteg voltam, mondtam, hogy seg\u00edtek neki. Ap\u00e1m ezt az \u00edr\u00e1s\u00e1t hozta el, hogy pr\u00f3b\u00e1ljam meg leg\u00e9pelni. \u00dagy n\u00e9z ki az \u00edr\u00e1s, mintha gy\u00f6ny\u00f6r\u00fb lenne, de nagyon neh\u00e9z k\u00f6vetni. Akkor valamennyit lep\u00f6ty\u00f6gtem bel\u00f5le, \u00e1m mivel akkor sz\u00fcletett meg a gyerekem \u00e9s elv\u00e1ltam, megint feled\u00e9sbe mer\u00fclt. Amikor azt\u00e1n a f\u00e9rjem eladta a lak\u00e1st \u00e9s az ottani h\u00e1ziasszony lement a pinc\u00e9be rendet rakni, megtal\u00e1lta m\u00faltamat &#8211; mondta N\u00e9meth \u00c1gnes, az \u00edr\u00f3 egyik l\u00e1nya.N\u00e9meth \u00c1gnes \u00e9desapja levelez\u00e9s\u00e9t \u00fajra k\u00e9zbe vette \u00e9s az eredeti v\u00e1ltozathoz k\u00e9pest egy j\u00f3val r\u00f6videbbet k\u00e9sz\u00edtett bel\u00f5le.- Manaps\u00e1g a 750 oldalas k\u00f6nyvh\u00f6z sem ny\u00falnak hozz\u00e1, nem veszik le a polcr\u00f3l, ez\u00e9rt gondoltam azt, hogy legyen egy r\u00f6vid\u00edtett v\u00e1ltozat, amelyben n\u00e9gy bar\u00e1tj\u00e1t: Oszoly K\u00e1lm\u00e1nt, Guly\u00e1s P\u00e1lt, Illy\u00e9s Gyul\u00e1t \u00e9s M\u00f3ricz Zsigmondot emeltem ki, az\u00e9rt \u00f5ket, mert mindenkit nem tudok. Ha ezt teszem, akkor megint 750 oldalas k\u00f6nyv sz\u00fcletik. Azt mutatom be, hogy milyen sz\u00e9p leveleket \u00edrtak, milyen kapcsolat volt k\u00f6z\u00f6tt\u00fck, mennyit seg\u00edtett\u00e9k \u00e9desap\u00e1mat &#8211; tette hozz\u00e1 N\u00e9meth \u00c1gnes.A m\u00e1sik mester c\u00edm\u00fb k\u00f6nyvb\u00f5l pedig azt tudhatja meg az olvas\u00f3, hogy N\u00e9meth L\u00e1szl\u00f3 \u00e9s feles\u00e9ge mikor tal\u00e1lkoztak el\u00f5sz\u00f6r, hogyan sz\u00f6v\u00f5d\u00f6tt k\u00f6z\u00f6tt\u00fck szerelem \u00e9s egy\u00e1ltal\u00e1n mi tartotta \u00f5ket egy\u00fctt \u00f6tven \u00e9ven kereszt\u00fcl.  Forr\u00e1s: V\u00e1s\u00e1rhelyi Telev\u00edzi\u00f3<\/p>\n","protected":false},"excerpt":{"rendered":"<p>Irodalmi estet rendeztek N\u00e9meth L\u00e1szl\u00f3 eml\u00e9k\u00e9re R\u00e9g elfelejtett dr\u00e1m\u00e1ja, bar\u00e1taival val\u00f3 levelez\u00e9se, valamint feles\u00e9g\u00e9vel k\u00f6z\u00f6s szerelmi t\u00f6rt\u00e9net\u00fck is ter\u00edt\u00e9kre ker\u00fclt azon az irodalmi esten, melyet N\u00e9meth L\u00e1szl\u00f3 eml\u00e9k\u00e9re rendeztek meg az Eml\u00e9kpontban. N\u00e9meth L\u00e1szl\u00f3 hagyat\u00e9k\u00e1t l\u00e1nyai gondozz\u00e1k, akik munk\u00e1juk sor\u00e1n \u00fajabb \u00e9s \u00fajabb \u00edr\u00e1sokra bukkannak. K\u00e9t \u00e9vvel ezel\u00f5tt az \u00edr\u00f3 egy 1956-ban k\u00e9sz\u00fclt novell\u00e1ja ker\u00fclt [&hellip;]<\/p>\n","protected":false},"author":5,"featured_media":0,"comment_status":"open","ping_status":"open","sticky":false,"template":"","format":"standard","meta":{"footnotes":""},"categories":[12,8,18],"tags":[],"_links":{"self":[{"href":"https:\/\/emlekpont.hu\/index.php?rest_route=\/wp\/v2\/posts\/6663"}],"collection":[{"href":"https:\/\/emlekpont.hu\/index.php?rest_route=\/wp\/v2\/posts"}],"about":[{"href":"https:\/\/emlekpont.hu\/index.php?rest_route=\/wp\/v2\/types\/post"}],"author":[{"embeddable":true,"href":"https:\/\/emlekpont.hu\/index.php?rest_route=\/wp\/v2\/users\/5"}],"replies":[{"embeddable":true,"href":"https:\/\/emlekpont.hu\/index.php?rest_route=%2Fwp%2Fv2%2Fcomments&post=6663"}],"version-history":[{"count":0,"href":"https:\/\/emlekpont.hu\/index.php?rest_route=\/wp\/v2\/posts\/6663\/revisions"}],"wp:attachment":[{"href":"https:\/\/emlekpont.hu\/index.php?rest_route=%2Fwp%2Fv2%2Fmedia&parent=6663"}],"wp:term":[{"taxonomy":"category","embeddable":true,"href":"https:\/\/emlekpont.hu\/index.php?rest_route=%2Fwp%2Fv2%2Fcategories&post=6663"},{"taxonomy":"post_tag","embeddable":true,"href":"https:\/\/emlekpont.hu\/index.php?rest_route=%2Fwp%2Fv2%2Ftags&post=6663"}],"curies":[{"name":"wp","href":"https:\/\/api.w.org\/{rel}","templated":true}]}}