{"id":6662,"date":"2013-03-04T00:00:00","date_gmt":"2013-03-04T00:00:00","guid":{"rendered":"http:\/\/emlekpont.hu\/?p=6662"},"modified":"2013-03-04T00:00:00","modified_gmt":"2013-03-04T00:00:00","slug":"ostorteneti-csodabogarak","status":"publish","type":"post","link":"https:\/\/emlekpont.hu\/?p=6662","title":{"rendered":"\u0150st\u00f6rt\u00e9neti csodabogarak"},"content":{"rendered":"<p>\u00d5st\u00f6rt\u00e9neti csodabogarak avagy alternat\u00edv elm\u00e9letek a magyar m\u00faltr\u00f3l  A hunokt\u00f3l vagy a finnugorokt\u00f3l sz\u00e1rmazunk? Rokonaink-e a t\u00f6r\u00f6k\u00f6k, a sum\u00e9rok \u00e9s a jap\u00e1nok? Vagy \u00e9pp Sz\u00edriuszr\u00f3l bolyg\u00f3r\u00f3l j\u00f6ttek \u00f5seink? Az Eml\u00e9kpont t\u00f6rt\u00e9nelmi szabadegyeteme, a SZE-EM. m\u00e1rcius 6-i el\u00f5ad\u00e1s\u00e1ban a magyar \u00f5st\u00f6rt\u00e9net kutat\u00e1s\u00e1nak alternat\u00edv elm\u00e9leteit mutatja be Balogh L\u00e1szl\u00f3, a Szegedi Tudom\u00e1nyegyetem oktat\u00f3ja d\u00e9lut\u00e1n 5 \u00f3r\u00e1t\u00f3l az Eml\u00e9kpontban.  A hivatalos akad\u00e9mia nyelvtudom\u00e1ny a finnugor nyelvrokons\u00e1g elm\u00e9let\u00e9t vallja. A magyar nyelv rokons\u00e1g\u00e1ra vonatkoz\u00f3an ezen k\u00edv\u00fcl t\u00f6bb alternat\u00edv megk\u00f6zel\u00edt\u00e9s is l\u00e9tezik, amelyeket Zsirai Mikl\u00f3s finnugorista 1943-ban \u00d5st\u00f6rt\u00e9neti csodabogarak c\u00edmmel megjelent munk\u00e1j\u00e1ban &#8211; az \u00edr\u00e1s A magyars\u00e1g \u00f5st\u00f6rt\u00e9nete, a kor legnevesebb magyar kutat\u00f3inak kifejezetten a nagyk\u00f6z\u00f6ns\u00e9g sz\u00e1m\u00e1ra sz\u00e1nt k\u00f6nyv z\u00e1r\u00f3tanulm\u00e1nya &#8211; felsorolja, hogy a magyar nyelvet a finnugor \u00e9s t\u00f6r\u00f6k nyelveken k\u00edv\u00fcl milyen m\u00e1s nyelvekkel egyeztett\u00e9k az egyiptomit\u00f3l az etruszkon \u00e1t a maoriig!  Az alternat\u00edv, gyakran fant\u00e1zia sz\u00fclte elm\u00e9letek keletkez\u00e9s\u00e9nek \u00bdt\u00e1rsadalmi ig\u00e9ny\u00e9t\u00bd az al\u00e1bbiakban foglalta \u00f6ssze Zsirai a negyvenes \u00e9vekben \u00edrt tanulm\u00e1ny\u00e1ban: &#8222;A m\u00falt dics\u00f5s\u00e9g\u00e9ben s\u00fctk\u00e9rez\u00f5 magyar ked\u00e9lyeket egy\u00e1ltal\u00e1n nem el\u00e9g\u00edti ki a &#8216;halzs\u00edros atyafis\u00e1g&#8217; sz\u00fcrke pr\u00f3z\u00e1ja, s a hivatalos tan\u00edt\u00e1snak csal\u00f3dottan h\u00e1tat ford\u00edtva ism\u00e9t ki erre, ki arra pr\u00f3b\u00e1l \u00e9rzelmi sz\u00fcks\u00e9gleteinek megfelel\u00f5 k\u00e1rp\u00f3tl\u00e1st, kiel\u00e9g\u00fcl\u00e9st tal\u00e1lni. [&#8230;] Megindult, folyik a verseny: ki tud szebb, \u00e9rdekesebb, szenz\u00e1ci\u00f3sabb elm\u00e9letet k\u00edn\u00e1lni.&#8221;  Az Eml\u00e9kpont m\u00e1rciusi t\u00f6rt\u00e9nelmi szabadegyetem\u00e9nek el\u00f5ad\u00e1s\u00e1n ezeket a v\u00e1ltozatos, sokszor \u00e1ltudom\u00e1nyos \u00e9s a &#8211; nemcsak szakmai &#8211; dilettantizmus hat\u00e1rait s\u00farol\u00f3 elm\u00e9leteket veszi g\u00f3rcs\u00f5 al\u00e1 Balogh L\u00e1szl\u00f3, az SZTE-BTK K\u00f6z\u00e9pkori Egyetemes T\u00f6rt\u00e9neti Tansz\u00e9k\u00e9nek tudom\u00e1nyos seg\u00e9dmunkat\u00e1rsa.<\/p>\n","protected":false},"excerpt":{"rendered":"<p>\u00d5st\u00f6rt\u00e9neti csodabogarak avagy alternat\u00edv elm\u00e9letek a magyar m\u00faltr\u00f3l A hunokt\u00f3l vagy a finnugorokt\u00f3l sz\u00e1rmazunk? Rokonaink-e a t\u00f6r\u00f6k\u00f6k, a sum\u00e9rok \u00e9s a jap\u00e1nok? Vagy \u00e9pp Sz\u00edriuszr\u00f3l bolyg\u00f3r\u00f3l j\u00f6ttek \u00f5seink? Az Eml\u00e9kpont t\u00f6rt\u00e9nelmi szabadegyeteme, a SZE-EM. m\u00e1rcius 6-i el\u00f5ad\u00e1s\u00e1ban a magyar \u00f5st\u00f6rt\u00e9net kutat\u00e1s\u00e1nak alternat\u00edv elm\u00e9leteit mutatja be Balogh L\u00e1szl\u00f3, a Szegedi Tudom\u00e1nyegyetem oktat\u00f3ja d\u00e9lut\u00e1n 5 \u00f3r\u00e1t\u00f3l az [&hellip;]<\/p>\n","protected":false},"author":5,"featured_media":0,"comment_status":"open","ping_status":"open","sticky":false,"template":"","format":"standard","meta":{"footnotes":""},"categories":[12,8,18],"tags":[],"_links":{"self":[{"href":"https:\/\/emlekpont.hu\/index.php?rest_route=\/wp\/v2\/posts\/6662"}],"collection":[{"href":"https:\/\/emlekpont.hu\/index.php?rest_route=\/wp\/v2\/posts"}],"about":[{"href":"https:\/\/emlekpont.hu\/index.php?rest_route=\/wp\/v2\/types\/post"}],"author":[{"embeddable":true,"href":"https:\/\/emlekpont.hu\/index.php?rest_route=\/wp\/v2\/users\/5"}],"replies":[{"embeddable":true,"href":"https:\/\/emlekpont.hu\/index.php?rest_route=%2Fwp%2Fv2%2Fcomments&post=6662"}],"version-history":[{"count":0,"href":"https:\/\/emlekpont.hu\/index.php?rest_route=\/wp\/v2\/posts\/6662\/revisions"}],"wp:attachment":[{"href":"https:\/\/emlekpont.hu\/index.php?rest_route=%2Fwp%2Fv2%2Fmedia&parent=6662"}],"wp:term":[{"taxonomy":"category","embeddable":true,"href":"https:\/\/emlekpont.hu\/index.php?rest_route=%2Fwp%2Fv2%2Fcategories&post=6662"},{"taxonomy":"post_tag","embeddable":true,"href":"https:\/\/emlekpont.hu\/index.php?rest_route=%2Fwp%2Fv2%2Ftags&post=6662"}],"curies":[{"name":"wp","href":"https:\/\/api.w.org\/{rel}","templated":true}]}}