{"id":6661,"date":"2013-03-06T00:00:00","date_gmt":"2013-03-06T00:00:00","guid":{"rendered":"http:\/\/emlekpont.hu\/?p=6661"},"modified":"2013-03-06T00:00:00","modified_gmt":"2013-03-06T00:00:00","slug":"a-kettos-honfoglalasrol-a-sze-em-en","status":"publish","type":"post","link":"https:\/\/emlekpont.hu\/?p=6661","title":{"rendered":"A kett\u0151s honfoglal\u00e1sr\u00f3l a SZE-EM-en"},"content":{"rendered":"<p>A kett\u00f5s honfoglal\u00e1sr\u00f3l a SZE-EM-en    \u00d5st\u00f6rt\u00e9neti csodabogarak c\u00edmmel tartott el\u00f5ad\u00e1st Balogh L\u00e1szl\u00f3 a SZE-EM-en. A szakember els\u00f5sorban a kett\u00f5s honfoglal\u00e1s elm\u00e9let\u00e9t boncolgatta.Els\u00f5sorban a kett\u00f5s honfoglal\u00e1s elm\u00e9let\u00e9nek m\u00e1sodvir\u00e1gz\u00e1s\u00e1t mutatta be Balogh L\u00e1szl\u00f3 az SZTE oktat\u00f3ja. Az elm\u00e9let tudom\u00e1nyosan is tarthat\u00f3 elemeit \u00e9s hib\u00e1s megold\u00e1sait jelen\u00edtette meg hallgat\u00f3s\u00e1g\u00e1nak. A kett\u00f5s honfoglal\u00e1s elm\u00e9lete az 1970-es \u00e9vekben v\u00e1lt n\u00e9pszer\u00fbv\u00e9, amelyr\u00f5l az ut\u00f3bbi t\u00edz \u00e9vben ism\u00e9t egyre t\u00f6bbet besz\u00e9lnek, ami Kir\u00e1ly P\u00e9ter kutat\u00e1s\u00e1nak k\u00f6sz\u00f6nhet\u00f5, mivel munk\u00e1j\u00e1ban m\u00e1r forr\u00e1sokkal gazdagon al\u00e1t\u00e1masztott \u00e9rvel\u00e9sek tal\u00e1lhat\u00f3k. Els\u00f5sorban \u00edrott forr\u00e1sokat \u00e9s nem r\u00e9g\u00e9szeti leleteket vonultat fel a szerz\u00f5 az elm\u00e9let bizony\u00edt\u00e1s\u00e1ra.- Ezek a forr\u00e1sok azonban nem forr\u00e1sok. Sajnos f\u00e9lre\u00e9rt\u00e9seken alapul \u00e9s nagyon durva m\u00f3dszertani hib\u00e1kat k\u00f6vetett el, mivel \u00e9letre h\u00edvott k\u00f6z\u00e9pkorinak l\u00e1tsz\u00f3, de val\u00f3j\u00e1ban 19 sz\u00e1zadi forr\u00e1sokat, aminek vajmi kev\u00e9s k\u00f6ze van a 6-7-8-ik sz\u00e1zadi K\u00e1rp\u00e1t-medence val\u00f3s t\u00f6rt\u00e9net\u00e9hez. K\u00fcl\u00f6n\u00f6sen, hogy a K\u00e1rp\u00e1t-medence ez idej\u00fb t\u00f6rt\u00e9net\u00e9t sz\u00e1mos latin \u00e9s biz\u00e1nci \u00edr\u00e1sb\u00f3l j\u00f3l ismerj\u00fck &#8211; mondta Balogh L\u00e1szl\u00f3. Az el\u00f5ad\u00f3 szerint a kett\u00f5s honfoglal\u00e1s elm\u00e9let\u00e9nek egy r\u00e9sze azonban al\u00e1t\u00e1maszthat\u00f3, vagyis \u00c1rp\u00e1d magyarjai val\u00f3ban itt tal\u00e1lt\u00e1k az avarok maradv\u00e1ny n\u00e9pess\u00e9g\u00e9t, de nem tudjuk bizony\u00edtani, hogy ezek magyar nyelven besz\u00e9ltek &#8211; pedig ez nem mell\u00e9kes &#8211; illetve nem tudjuk azt sem al\u00e1t\u00e1masztani, hogy magyaroknak gondolt\u00e1k magukat. Balogh L\u00e1szl\u00f3 felh\u00edvta arra is a figyelmet, ezt a t\u00e9m\u00e1t nem szabad \u00e9rzelmi alapon megk\u00f6zel\u00edteni. A kialakult elm\u00e9leteket nem szabad elvetni, de korrig\u00e1lni kell azokat a tudom\u00e1nyos t\u00e9nyek ment\u00e9n.- A magyars\u00e1ggal kapcsolatban az a probl\u00e9ma, ami rengeteg nom\u00e1d n\u00e9p eset\u00e9ben igaz, hogy a magyarok is a K\u00e1rp\u00e1t-medenc\u00e9be v\u00e1ndorl\u00e1suk el\u00f5tt t\u00fbnnek fel az \u00edrott forr\u00e1sokban. Az els\u00f5 besz\u00e1mol\u00f3 a 830-as \u00e9vekbe vezet el minket, ami a honfoglal\u00e1sig nagyon r\u00f6vid id\u00f5. Ezek a nom\u00e1d n\u00e9pek csak akkor ker\u00fcltek be a letelepedett civiliz\u00e1ci\u00f3k \u00edr\u00e1stud\u00f3 munk\u00e1iba, ha vesz\u00e9lyt jelentettek, megt\u00e1madt\u00e1k a birodalmat &#8211; mondta Balogh L\u00e1szl\u00f3. Balogh L\u00e1szl\u00f3 szerint kicsi a val\u00f3sz\u00edn\u00fbs\u00e9ge annak, hogy a magyars\u00e1g a 9. sz\u00e1zadn\u00e1l kor\u00e1bbi t\u00f6rt\u00e9net\u00e9t \u00edrott forr\u00e1sokkal siker\u00fcl al\u00e1t\u00e1masztani. Szinte kiz\u00e1rhat\u00f3, hogy felbukkan ilyen dokumentum.      Forr\u00e1s: V\u00e1s\u00e1rhelyi Telev\u00edzi\u00f3<\/p>\n","protected":false},"excerpt":{"rendered":"<p>A kett\u00f5s honfoglal\u00e1sr\u00f3l a SZE-EM-en \u00d5st\u00f6rt\u00e9neti csodabogarak c\u00edmmel tartott el\u00f5ad\u00e1st Balogh L\u00e1szl\u00f3 a SZE-EM-en. A szakember els\u00f5sorban a kett\u00f5s honfoglal\u00e1s elm\u00e9let\u00e9t boncolgatta.Els\u00f5sorban a kett\u00f5s honfoglal\u00e1s elm\u00e9let\u00e9nek m\u00e1sodvir\u00e1gz\u00e1s\u00e1t mutatta be Balogh L\u00e1szl\u00f3 az SZTE oktat\u00f3ja. Az elm\u00e9let tudom\u00e1nyosan is tarthat\u00f3 elemeit \u00e9s hib\u00e1s megold\u00e1sait jelen\u00edtette meg hallgat\u00f3s\u00e1g\u00e1nak. A kett\u00f5s honfoglal\u00e1s elm\u00e9lete az 1970-es \u00e9vekben v\u00e1lt n\u00e9pszer\u00fbv\u00e9, [&hellip;]<\/p>\n","protected":false},"author":5,"featured_media":0,"comment_status":"open","ping_status":"open","sticky":false,"template":"","format":"standard","meta":{"footnotes":""},"categories":[12,8,18],"tags":[],"_links":{"self":[{"href":"https:\/\/emlekpont.hu\/index.php?rest_route=\/wp\/v2\/posts\/6661"}],"collection":[{"href":"https:\/\/emlekpont.hu\/index.php?rest_route=\/wp\/v2\/posts"}],"about":[{"href":"https:\/\/emlekpont.hu\/index.php?rest_route=\/wp\/v2\/types\/post"}],"author":[{"embeddable":true,"href":"https:\/\/emlekpont.hu\/index.php?rest_route=\/wp\/v2\/users\/5"}],"replies":[{"embeddable":true,"href":"https:\/\/emlekpont.hu\/index.php?rest_route=%2Fwp%2Fv2%2Fcomments&post=6661"}],"version-history":[{"count":0,"href":"https:\/\/emlekpont.hu\/index.php?rest_route=\/wp\/v2\/posts\/6661\/revisions"}],"wp:attachment":[{"href":"https:\/\/emlekpont.hu\/index.php?rest_route=%2Fwp%2Fv2%2Fmedia&parent=6661"}],"wp:term":[{"taxonomy":"category","embeddable":true,"href":"https:\/\/emlekpont.hu\/index.php?rest_route=%2Fwp%2Fv2%2Fcategories&post=6661"},{"taxonomy":"post_tag","embeddable":true,"href":"https:\/\/emlekpont.hu\/index.php?rest_route=%2Fwp%2Fv2%2Ftags&post=6661"}],"curies":[{"name":"wp","href":"https:\/\/api.w.org\/{rel}","templated":true}]}}