{"id":6660,"date":"2013-03-07T00:00:00","date_gmt":"2013-03-07T00:00:00","guid":{"rendered":"http:\/\/emlekpont.hu\/?p=6660"},"modified":"2013-03-07T00:00:00","modified_gmt":"2013-03-07T00:00:00","slug":"megallapodas-a-radio7-tel","status":"publish","type":"post","link":"https:\/\/emlekpont.hu\/?p=6660","title":{"rendered":"Meg\u00e1llapod\u00e1s a R\u00e1di\u00f37-tel"},"content":{"rendered":"<p>Meg\u00e1llapod\u00e1s a R\u00e1di\u00f37-tel        Meg\u00e1llapod\u00e1st \u00edrt al\u00e1 \u00c9get\u00f5 Gyula a R\u00e1di\u00f3 7 \u00e9s a promenad.hu c\u00e9g- \u00e9s szerkeszt\u00f5s\u00e9gvezet\u00f5, tulajdonosa Blazovich P\u00e9terrel, az Eml\u00e9kpont int\u00e9zm\u00e9nyvezet\u00f5j\u00e9vel cs\u00fct\u00f6rt\u00f6k d\u00e9lut\u00e1n.  Az egy \u00e9vre sz\u00f3l\u00f3 szerz\u00f5d\u00e9s l\u00e9nyege, hogy az Eml\u00e9kpont m\u00e9diapartnere a R\u00e1di\u00f3 7 \u00e9s a promenad.hu lesz. Ez a meg\u00e1llapod\u00e1s hozz\u00e1seg\u00edti az int\u00e9zm\u00e9nyt ahhoz, hogy m\u00e9g intenz\u00edvebben jelen tudjon lenni a h\u00f3dmez\u00f5v\u00e1s\u00e1rhelyiek mindennapjaiban &#8211; fejtette ki Blazovich P\u00e9ter, aki hozz\u00e1tette, \u00edgy a r\u00e9gi\u00f3ban lak\u00f3k is el tudj\u00e1k \u00e9rni az Eml\u00e9kpont rendezv\u00e9nyeit.    \u00c9get\u00f5 Gyula, a R\u00e1di\u00f37 \u00e9s a promenad.hu c\u00e9g- \u00e9s szerkeszt\u00f5s\u00e9gvezet\u00f5, tulajdonosa, valamint Blazovich P\u00e9ter, az Eml\u00e9kpont int\u00e9zm\u00e9nyvezet\u00f5je  Egy \u00e9vre sz\u00f3l a meg\u00e1llapod\u00e1s &#8211; tudtuk meg Blazovich P\u00e9tert\u00f5l, aki elmondta, egy \u00e9v ut\u00e1n ism\u00e9t le\u00fcl\u00fcnk \u00e9s \u00e1tbesz\u00e9lj\u00fck a szerz\u00f5d\u00e9st, ha sz\u00fcks\u00e9ges kieg\u00e9sz\u00edtj\u00fck. Az Eml\u00e9kpont int\u00e9zm\u00e9nyvezet\u00f5je kiemelte, ez a kapcsolat, amit most \u00edr\u00e1sban is r\u00f6gz\u00edtettek, kor\u00e1bban is j\u00f3l m\u00fbk\u00f6d\u00f6tt. K\u00e9t &#8211; h\u00e1rom h\u00e9ttel ezel\u00f5tt a pr\u00f3ba\u00fczem elindult &#8211; fejtette ki az int\u00e9zm\u00e9nyvezet\u00f5, aki hozz\u00e1tette, m\u00e1r l\u00e1t el\u00f5rel\u00e9p\u00e9st a programok l\u00e1togatotts\u00e1g\u00e1nak tekintet\u00e9ben.  Forr\u00e1s: promenad.hu &#8211; a vid\u00e9k h\u00edrport\u00e1lja<\/p>\n","protected":false},"excerpt":{"rendered":"<p>Meg\u00e1llapod\u00e1s a R\u00e1di\u00f37-tel Meg\u00e1llapod\u00e1st \u00edrt al\u00e1 \u00c9get\u00f5 Gyula a R\u00e1di\u00f3 7 \u00e9s a promenad.hu c\u00e9g- \u00e9s szerkeszt\u00f5s\u00e9gvezet\u00f5, tulajdonosa Blazovich P\u00e9terrel, az Eml\u00e9kpont int\u00e9zm\u00e9nyvezet\u00f5j\u00e9vel cs\u00fct\u00f6rt\u00f6k d\u00e9lut\u00e1n. Az egy \u00e9vre sz\u00f3l\u00f3 szerz\u00f5d\u00e9s l\u00e9nyege, hogy az Eml\u00e9kpont m\u00e9diapartnere a R\u00e1di\u00f3 7 \u00e9s a promenad.hu lesz. Ez a meg\u00e1llapod\u00e1s hozz\u00e1seg\u00edti az int\u00e9zm\u00e9nyt ahhoz, hogy m\u00e9g intenz\u00edvebben jelen tudjon lenni [&hellip;]<\/p>\n","protected":false},"author":5,"featured_media":0,"comment_status":"open","ping_status":"open","sticky":false,"template":"","format":"standard","meta":{"footnotes":""},"categories":[12,8,18],"tags":[],"_links":{"self":[{"href":"https:\/\/emlekpont.hu\/index.php?rest_route=\/wp\/v2\/posts\/6660"}],"collection":[{"href":"https:\/\/emlekpont.hu\/index.php?rest_route=\/wp\/v2\/posts"}],"about":[{"href":"https:\/\/emlekpont.hu\/index.php?rest_route=\/wp\/v2\/types\/post"}],"author":[{"embeddable":true,"href":"https:\/\/emlekpont.hu\/index.php?rest_route=\/wp\/v2\/users\/5"}],"replies":[{"embeddable":true,"href":"https:\/\/emlekpont.hu\/index.php?rest_route=%2Fwp%2Fv2%2Fcomments&post=6660"}],"version-history":[{"count":0,"href":"https:\/\/emlekpont.hu\/index.php?rest_route=\/wp\/v2\/posts\/6660\/revisions"}],"wp:attachment":[{"href":"https:\/\/emlekpont.hu\/index.php?rest_route=%2Fwp%2Fv2%2Fmedia&parent=6660"}],"wp:term":[{"taxonomy":"category","embeddable":true,"href":"https:\/\/emlekpont.hu\/index.php?rest_route=%2Fwp%2Fv2%2Fcategories&post=6660"},{"taxonomy":"post_tag","embeddable":true,"href":"https:\/\/emlekpont.hu\/index.php?rest_route=%2Fwp%2Fv2%2Ftags&post=6660"}],"curies":[{"name":"wp","href":"https:\/\/api.w.org\/{rel}","templated":true}]}}