{"id":6659,"date":"2013-03-08T00:00:00","date_gmt":"2013-03-08T00:00:00","guid":{"rendered":"http:\/\/emlekpont.hu\/?p=6659"},"modified":"2013-03-08T00:00:00","modified_gmt":"2013-03-08T00:00:00","slug":"hezso-ferenc-es-az-emlekpont-kozos-rajzpalyazat","status":"publish","type":"post","link":"https:\/\/emlekpont.hu\/?p=6659","title":{"rendered":"H\u00e9zs\u0151 Ferenc \u00e9s az Eml\u00e9kpont k\u00f6z\u00f6s rajzp\u00e1ly\u00e1zat"},"content":{"rendered":"<p>Hagyom\u00e1ny \u00e9s moderns\u00e9g avagy a m\u00falt, jelen \u00e9s j\u00f6v\u00f5 k\u00e9pi \u00e1t\u00e9rtelmez\u00e9seH\u00e9zs\u00f5 Ferenc \u00e9s az Eml\u00e9kpont k\u00f6z\u00f6s rajzp\u00e1ly\u00e1zata    A 75 \u00e9ves H\u00e9zs\u00f5 Ferenc Munk\u00e1csy-d\u00edjas fest\u00f5m\u00fbv\u00e9sz ki\u00e1ll\u00edt\u00e1s\u00e1hoz kapcsol\u00f3d\u00f3 rajzp\u00e1ly\u00e1zatot hirdet az Eml\u00e9kpont \u00e1ltal\u00e1nos \u00e9s k\u00f6z\u00e9piskol\u00e1s di\u00e1koknak. Az \u00e1prilis 21-ig beadhat\u00f3 m\u00fbvek t\u00e9m\u00e1jak\u00e9nt a hagyom\u00e1nyok \u00e9s a modern vil\u00e1g k\u00f6z\u00f6tti kapcsolatot jel\u00f6lt\u00e9k meg a szervez\u00f5k.    Az Eml\u00e9kpont jelenlegi id\u00f5szaki ki\u00e1ll\u00edt\u00e1sa H\u00e9zs\u00f5 Ferenc fest\u00f5m\u00fbv\u00e9sz munk\u00e1ss\u00e1ga el\u00f5tt tiszteleg. Az id\u00e9n 75. \u00e9v\u00e9t bet\u00f6lt\u00f5 H\u00e9zs\u00f5 m\u00fbv\u00e9szete a v\u00e1s\u00e1rhelyi \u00e9s az alf\u00f6ldi n\u00e9p\u00e9let ir\u00e1nt elk\u00f6telezett. Tiszteli a helyi k\u00e9pz\u00f5m\u00fbv\u00e9szeti hagyom\u00e1nyt, de formailag nem k\u00f6vet\u00f5je senkinek. A pusztul\u00e1sra \u00edt\u00e9lt tanyavil\u00e1got, a k\u00fcls\u00f5 k\u00e9nyszerek hat\u00e1s\u00e1ra megv\u00e1ltozott tanyai \u00e9letform\u00e1t \u00fajszer\u00fben, saj\u00e1tos szimb\u00f3lumrendszerrel jelen\u00edti meg. Munk\u00e1ss\u00e1g\u00e1t t\u00f6bb d\u00edjjal, t\u00f6bbek k\u00f6z\u00f6tt Tornyai-plakettel \u00e9s Munk\u00e1csy-d\u00edjjal is elismert\u00e9k.        A rajzp\u00e1ly\u00e1zat t\u00e9m\u00e1ja a m\u00falt, a jelen \u00e9s a j\u00f6v\u00f5 \u00e1t\u00e9rtelmez\u00e9se a &#8222;h\u00e9zs\u00f5i vil\u00e1gon&#8221; kereszt\u00fcl. A szervez\u00f5k \u00e1ltal\u00e1nos \u00e9s k\u00f6z\u00e9piskol\u00e1s di\u00e1kok alkot\u00e1sait v\u00e1rj\u00e1k: olyan pap\u00edralap\u00fa, A\/3-as m\u00e9retn\u00e9l nem nagyobb rajzokat, amelyek kapcsol\u00f3dnak H\u00e9zs\u00f5 Ferenc fest\u00e9szet\u00e9hez \u00e9s megjelenik rajtuk a hagyom\u00e1nyos, illetve a modern \u00e9let \u00f6sszekapcsol\u00f3d\u00e1sa. Az alkot\u00e1sok bead\u00e1s\u00e1ra \u00e1prilis 21-ig ny\u00edlik lehet\u00f5s\u00e9g\u00fck a fiataloknak. A be\u00e9rkezett p\u00e1lyam\u00fbvekb\u00f5l az eredm\u00e9nyhirdet\u00e9ssel a zs\u00fbri mellett a k\u00f6z\u00f6ns\u00e9g is szavazhat az Eml\u00e9kpont k\u00f6z\u00f6ss\u00e9gi oldal\u00e1n egy id\u00f5ben kamaraki\u00e1ll\u00edt\u00e1s ny\u00edlik m\u00e1jus 3-\u00e1n, az Eml\u00e9kpontban.  A p\u00e1ly\u00e1zati ki\u00edr\u00e1s az al\u00e1bbi linken \u00e9rhet\u00f5 el:  http:\/\/www.emlekpont.hu\/palyazat\/hezso_rajzpalyazat.html<\/p>\n","protected":false},"excerpt":{"rendered":"<p>Hagyom\u00e1ny \u00e9s moderns\u00e9g avagy a m\u00falt, jelen \u00e9s j\u00f6v\u00f5 k\u00e9pi \u00e1t\u00e9rtelmez\u00e9seH\u00e9zs\u00f5 Ferenc \u00e9s az Eml\u00e9kpont k\u00f6z\u00f6s rajzp\u00e1ly\u00e1zata A 75 \u00e9ves H\u00e9zs\u00f5 Ferenc Munk\u00e1csy-d\u00edjas fest\u00f5m\u00fbv\u00e9sz ki\u00e1ll\u00edt\u00e1s\u00e1hoz kapcsol\u00f3d\u00f3 rajzp\u00e1ly\u00e1zatot hirdet az Eml\u00e9kpont \u00e1ltal\u00e1nos \u00e9s k\u00f6z\u00e9piskol\u00e1s di\u00e1koknak. Az \u00e1prilis 21-ig beadhat\u00f3 m\u00fbvek t\u00e9m\u00e1jak\u00e9nt a hagyom\u00e1nyok \u00e9s a modern vil\u00e1g k\u00f6z\u00f6tti kapcsolatot jel\u00f6lt\u00e9k meg a szervez\u00f5k. Az Eml\u00e9kpont jelenlegi [&hellip;]<\/p>\n","protected":false},"author":5,"featured_media":0,"comment_status":"open","ping_status":"open","sticky":false,"template":"","format":"standard","meta":{"footnotes":""},"categories":[12,8,18],"tags":[],"_links":{"self":[{"href":"https:\/\/emlekpont.hu\/index.php?rest_route=\/wp\/v2\/posts\/6659"}],"collection":[{"href":"https:\/\/emlekpont.hu\/index.php?rest_route=\/wp\/v2\/posts"}],"about":[{"href":"https:\/\/emlekpont.hu\/index.php?rest_route=\/wp\/v2\/types\/post"}],"author":[{"embeddable":true,"href":"https:\/\/emlekpont.hu\/index.php?rest_route=\/wp\/v2\/users\/5"}],"replies":[{"embeddable":true,"href":"https:\/\/emlekpont.hu\/index.php?rest_route=%2Fwp%2Fv2%2Fcomments&post=6659"}],"version-history":[{"count":0,"href":"https:\/\/emlekpont.hu\/index.php?rest_route=\/wp\/v2\/posts\/6659\/revisions"}],"wp:attachment":[{"href":"https:\/\/emlekpont.hu\/index.php?rest_route=%2Fwp%2Fv2%2Fmedia&parent=6659"}],"wp:term":[{"taxonomy":"category","embeddable":true,"href":"https:\/\/emlekpont.hu\/index.php?rest_route=%2Fwp%2Fv2%2Fcategories&post=6659"},{"taxonomy":"post_tag","embeddable":true,"href":"https:\/\/emlekpont.hu\/index.php?rest_route=%2Fwp%2Fv2%2Ftags&post=6659"}],"curies":[{"name":"wp","href":"https:\/\/api.w.org\/{rel}","templated":true}]}}