{"id":6657,"date":"2013-03-13T00:00:00","date_gmt":"2013-03-13T00:00:00","guid":{"rendered":"http:\/\/emlekpont.hu\/?p=6657"},"modified":"2013-03-13T00:00:00","modified_gmt":"2013-03-13T00:00:00","slug":"kulcsot-adni-a-muvekhez","status":"publish","type":"post","link":"https:\/\/emlekpont.hu\/?p=6657","title":{"rendered":"Kulcsot adni a m\u0171vekhez"},"content":{"rendered":"<p>Kulcsot adni a m\u00fbvekhezH\u00e9zs\u00f5 Ferenc fest\u00f5m\u00fbv\u00e9sz tart t\u00e1rlatvezet\u00e9st az Eml\u00e9kpontban    H\u00e9zs\u00f5 Ferenc Munk\u00e1csy-d\u00edjas fest\u00f5m\u00fbv\u00e9sz tart t\u00e1rlatvezet\u00e9st gy\u00fbjtem\u00e9nyes ki\u00e1ll\u00edt\u00e1s\u00e1n ma d\u00e9lut\u00e1n 3 \u00f3rakor az Eml\u00e9kpontban. A jubileumi t\u00e1rlaton a mester hatvanas-hetvenes \u00e9vekben k\u00e9sz\u00fclt \u00e9s els\u00f5, k\u00e9nyszer\u00fben id\u00f5 el\u00f5tt bez\u00e1rt ki\u00e1ll\u00edt\u00e1s\u00e1n is szerepl\u00f5 alkot\u00e1sai l\u00e1that\u00f3ak.  Az id\u00e9n 75 \u00e9ves m\u00fbv\u00e9sz sz\u00e1m\u00e1ra nem idegen feladat a t\u00e1rlatvezet\u00e9s, hiszen 35 \u00e9vig tan\u00edtott sz\u00fcl\u00f5v\u00e1ros\u00e1ban, H\u00f3dmez\u00f5v\u00e1s\u00e1rhelyen, illetve a szegedi Juh\u00e1sz Gyula Tan\u00e1rk\u00e9pz\u00f5 F\u00f5iskol\u00e1n. A mai bemutat\u00f3 c\u00e9lja, hogy kulcsot adjon az \u00e9rdekl\u00f5d\u00f5knek: a r\u00e9sztvev\u00f5k vizu\u00e1lisan olvasni tudjanak m\u00fbveiben \u00e9s jobban meg\u00e9rts\u00e9k a pusztul\u00e1sra \u00edt\u00e9lt tanyavil\u00e1got, a k\u00fcls\u00f5 k\u00e9nyszerek hat\u00e1s\u00e1ra megv\u00e1ltozott tanyai \u00e9letform\u00e1t megjelen\u00edt\u00f5 alkot\u00e1sait.  Az ifj\u00fa H\u00e9zs\u00f5 kor\u00e1n a szellemi \u00e9let vonz\u00e1s\u00e1ba ker\u00fclt, a neves zongorista-humorista, Antal Imre \u00e9desapja ir\u00e1ny\u00edtotta F\u00fcst\u00f6s Zolt\u00e1n fest\u00f5m\u00fbv\u00e9szhez a cukr\u00e1sznak k\u00e9sz\u00fcl\u00f5 fi\u00fat. Nagy szerencs\u00e9j\u00e9nek tartja, hogy a K\u00e9pz\u00f5m\u00fbv\u00e9szeti F\u00f5iskol\u00e1ra els\u00f5re nem vett\u00e9k fel, mert 1956 ut\u00e1n &#8211; ekkor \u00e9retts\u00e9gizett a Bethen G\u00e1bor Gimn\u00e1ziumban &#8211; v\u00e1ltozott a f\u00f5iskola szellemis\u00e9ge, \u00edgy a konzervat\u00edv, realista ir\u00e1nyzattal szemben kialak\u00edthatta egy\u00e9ni st\u00edlus\u00e1t mestere, Pap Gyula \u00e1ltal. A k\u00e9pz\u00f5m\u00fbv\u00e9szetin 1962-ben v\u00e9gzett \u00e9s a kezdetekt\u00f5l fogva tagja volt a V\u00e1s\u00e1rhelyi M\u00fbv\u00e9sztelepnek. M\u00fbv\u00e9szete a v\u00e1s\u00e1rhelyi \u00e9s az alf\u00f6ldi n\u00e9p\u00e9let ir\u00e1nt elk\u00f6telezett. Tiszteli a helyi k\u00e9pz\u00f5m\u00fbv\u00e9szeti hagyom\u00e1nyt, de formailag nem k\u00f6vet\u00f5je senkinek. Munk\u00e1ss\u00e1g\u00e1t t\u00f6bb d\u00edjjal, t\u00f6bbek k\u00f6z\u00f6tt Tornyai-plakettel \u00e9s Munk\u00e1csy-d\u00edjjal is elismert\u00e9k.       H\u00e9zs\u00f5 Ferenc Alf\u00f6ld c\u00edm\u00fb festm\u00e9nye el\u00f5tt(MTI fot\u00f3: Kelemen Zolt\u00e1n Gergely)    M\u00fbv\u00e9szet\u00e9ben H\u00e9zs\u00f5 Ferenc saj\u00e1tos szimb\u00f3lumrendszert teremtett, mellyel saj\u00e1t elmond\u00e1sa szerint \u00bdpof\u00e1n akarja v\u00e1gni\u00bd k\u00e9pei n\u00e9z\u00f5it. Az 1970-ben k\u00e9sz\u00fclt Alf\u00f6ld c\u00edm\u00fb festm\u00e9ny\u00e9n a s\u00edrban l\u00e1that\u00f3 egy rebellis parasztember &#8211; egy \u00b448-as honv\u00e9d kiegyenes\u00edtett kasz\u00e1val, nemzeti sz\u00edn\u00fb sapk\u00e1ban &#8211; vele egy\u00fctt eltemetve a magyar falu. A s\u00edrbolt felett a modern vil\u00e1g jelenik meg: termel\u00f5sz\u00f6vetkezet, panelh\u00e1zak \u00e9s olajf\u00far\u00f3 torony.<\/p>\n","protected":false},"excerpt":{"rendered":"<p>Kulcsot adni a m\u00fbvekhezH\u00e9zs\u00f5 Ferenc fest\u00f5m\u00fbv\u00e9sz tart t\u00e1rlatvezet\u00e9st az Eml\u00e9kpontban H\u00e9zs\u00f5 Ferenc Munk\u00e1csy-d\u00edjas fest\u00f5m\u00fbv\u00e9sz tart t\u00e1rlatvezet\u00e9st gy\u00fbjtem\u00e9nyes ki\u00e1ll\u00edt\u00e1s\u00e1n ma d\u00e9lut\u00e1n 3 \u00f3rakor az Eml\u00e9kpontban. A jubileumi t\u00e1rlaton a mester hatvanas-hetvenes \u00e9vekben k\u00e9sz\u00fclt \u00e9s els\u00f5, k\u00e9nyszer\u00fben id\u00f5 el\u00f5tt bez\u00e1rt ki\u00e1ll\u00edt\u00e1s\u00e1n is szerepl\u00f5 alkot\u00e1sai l\u00e1that\u00f3ak. Az id\u00e9n 75 \u00e9ves m\u00fbv\u00e9sz sz\u00e1m\u00e1ra nem idegen feladat a t\u00e1rlatvezet\u00e9s, hiszen [&hellip;]<\/p>\n","protected":false},"author":5,"featured_media":0,"comment_status":"open","ping_status":"open","sticky":false,"template":"","format":"standard","meta":{"footnotes":""},"categories":[12,8,18],"tags":[],"_links":{"self":[{"href":"https:\/\/emlekpont.hu\/index.php?rest_route=\/wp\/v2\/posts\/6657"}],"collection":[{"href":"https:\/\/emlekpont.hu\/index.php?rest_route=\/wp\/v2\/posts"}],"about":[{"href":"https:\/\/emlekpont.hu\/index.php?rest_route=\/wp\/v2\/types\/post"}],"author":[{"embeddable":true,"href":"https:\/\/emlekpont.hu\/index.php?rest_route=\/wp\/v2\/users\/5"}],"replies":[{"embeddable":true,"href":"https:\/\/emlekpont.hu\/index.php?rest_route=%2Fwp%2Fv2%2Fcomments&post=6657"}],"version-history":[{"count":0,"href":"https:\/\/emlekpont.hu\/index.php?rest_route=\/wp\/v2\/posts\/6657\/revisions"}],"wp:attachment":[{"href":"https:\/\/emlekpont.hu\/index.php?rest_route=%2Fwp%2Fv2%2Fmedia&parent=6657"}],"wp:term":[{"taxonomy":"category","embeddable":true,"href":"https:\/\/emlekpont.hu\/index.php?rest_route=%2Fwp%2Fv2%2Fcategories&post=6657"},{"taxonomy":"post_tag","embeddable":true,"href":"https:\/\/emlekpont.hu\/index.php?rest_route=%2Fwp%2Fv2%2Ftags&post=6657"}],"curies":[{"name":"wp","href":"https:\/\/api.w.org\/{rel}","templated":true}]}}