{"id":6656,"date":"2013-03-20T00:00:00","date_gmt":"2013-03-20T00:00:00","guid":{"rendered":"http:\/\/emlekpont.hu\/?p=6656"},"modified":"2013-03-20T00:00:00","modified_gmt":"2013-03-20T00:00:00","slug":"a-folyton-valtozo-atalakulo-vilag-kronikasa","status":"publish","type":"post","link":"https:\/\/emlekpont.hu\/?p=6656","title":{"rendered":"A folyton v\u00e1ltoz\u00f3, \u00e1talakul\u00f3 vil\u00e1g kr\u00f3nik\u00e1sa"},"content":{"rendered":"<p>A folyton v\u00e1ltoz\u00f3, \u00e1talakul\u00f3 vil\u00e1g kr\u00f3nik\u00e1saH\u00e9zs\u00f5 Ferenc lesz a K\u00f6z\u00e9leti Pont vend\u00e9ge    Ismert emberek, kev\u00e9ss\u00e9 ismert oldalukr\u00f3l mutatkoznak be az Eml\u00e9kpont k\u00f6z\u00e9leti estj\u00e9n, a K\u00f6z\u00e9leti Pontban. M\u00e1rcius 21-\u00e9n, d\u00e9lut\u00e1n \u00f6t \u00f3r\u00e1t\u00f3l H\u00e9zs\u00f5 Ferenc fest\u00f5m\u00fbv\u00e9sszel besz\u00e9lget Blazovich P\u00e9ter, az Eml\u00e9kpont int\u00e9zm\u00e9nyvezet\u00f5je a Munk\u00e1csy-d\u00edjas mester fest\u00f5i hitvall\u00e1s\u00e1r\u00f3l, egyedi a v\u00e1s\u00e1rhelyi hagyom\u00e1nyokban gy\u00f6kerez\u00f5, de semmi m\u00e1shoz nem hasonl\u00edthat\u00f3 m\u00fbv\u00e9szeti st\u00edlus\u00e1r\u00f3l, t\u00f6bb \u00e9vtizedes tan\u00e1ri p\u00e1ly\u00e1j\u00e1r\u00f3l \u00e9s csal\u00e1dj\u00e1r\u00f3l.  H\u00e9zs\u00f5 Ferenc jubileumi ki\u00e1ll\u00edt\u00e1sa janu\u00e1rban ny\u00edlt meg az Eml\u00e9kpontban. Az id\u00e9n 75 \u00e9ves m\u00fbv\u00e9sz kor\u00e1n a szellemi \u00e9let vonz\u00e1s\u00e1ba ker\u00fclt, a neves zongorista-humorista, Antal Imre \u00e9desapja ir\u00e1ny\u00edtotta F\u00fcst\u00f6s Zolt\u00e1n fest\u00f5m\u00fbv\u00e9szhez a cukr\u00e1sznak k\u00e9sz\u00fcl\u00f5 fi\u00fat. Nagy szerencs\u00e9j\u00e9nek tartja, hogy a K\u00e9pz\u00f5m\u00fbv\u00e9szeti F\u00f5iskol\u00e1ra els\u00f5re nem vett\u00e9k fel, mert 1956 ut\u00e1n &#8211; ekkor \u00e9retts\u00e9gizett a Bethlen G\u00e1bor Gimn\u00e1ziumban &#8211; v\u00e1ltozott a f\u00f5iskola szellemis\u00e9ge, \u00edgy a konzervat\u00edv, realista ir\u00e1nyzattal szemben kialak\u00edthatta egy\u00e9ni st\u00edlus\u00e1t mestere, Pap Gyula \u00e1ltal. A k\u00e9pz\u00f5m\u00fbv\u00e9szetin 1962-ben v\u00e9gzett. Az alkot\u00e1s mellett 35 \u00e9vig tan\u00edtott: sz\u00fcl\u00f5v\u00e1ros\u00e1ban, illetve a szegedi Juh\u00e1sz Gyula Tan\u00e1rk\u00e9pz\u00f5 F\u00f5iskol\u00e1n.  Kezdetekt\u00f5l fogva tagja volt a V\u00e1s\u00e1rhelyi M\u00fbv\u00e9sztelepnek. M\u00fbv\u00e9szete a v\u00e1s\u00e1rhelyi \u00e9s az alf\u00f6ldi n\u00e9p\u00e9let ir\u00e1nt elk\u00f6telezett. Tiszteli a helyi k\u00e9pz\u00f5m\u00fbv\u00e9szeti hagyom\u00e1nyt, de formailag nem k\u00f6vet\u00f5je senkinek. Munk\u00e1ss\u00e1g\u00e1t t\u00f6bb d\u00edjjal, t\u00f6bbek k\u00f6z\u00f6tt Tornyai-plakettel \u00e9s Munk\u00e1csy-d\u00edjjal is elismert\u00e9k. M\u00fbv\u00e9szet\u00e9ben H\u00e9zs\u00f5 Ferenc saj\u00e1tos szimb\u00f3lumrendszert teremtett, mellyel &#8211; saj\u00e1t elmond\u00e1sa szerint &#8211; \u00bdpof\u00e1n akarja v\u00e1gni\u00bd k\u00e9pei n\u00e9z\u00f5it.<\/p>\n","protected":false},"excerpt":{"rendered":"<p>A folyton v\u00e1ltoz\u00f3, \u00e1talakul\u00f3 vil\u00e1g kr\u00f3nik\u00e1saH\u00e9zs\u00f5 Ferenc lesz a K\u00f6z\u00e9leti Pont vend\u00e9ge Ismert emberek, kev\u00e9ss\u00e9 ismert oldalukr\u00f3l mutatkoznak be az Eml\u00e9kpont k\u00f6z\u00e9leti estj\u00e9n, a K\u00f6z\u00e9leti Pontban. M\u00e1rcius 21-\u00e9n, d\u00e9lut\u00e1n \u00f6t \u00f3r\u00e1t\u00f3l H\u00e9zs\u00f5 Ferenc fest\u00f5m\u00fbv\u00e9sszel besz\u00e9lget Blazovich P\u00e9ter, az Eml\u00e9kpont int\u00e9zm\u00e9nyvezet\u00f5je a Munk\u00e1csy-d\u00edjas mester fest\u00f5i hitvall\u00e1s\u00e1r\u00f3l, egyedi a v\u00e1s\u00e1rhelyi hagyom\u00e1nyokban gy\u00f6kerez\u00f5, de semmi m\u00e1shoz nem hasonl\u00edthat\u00f3 [&hellip;]<\/p>\n","protected":false},"author":5,"featured_media":0,"comment_status":"open","ping_status":"open","sticky":false,"template":"","format":"standard","meta":{"footnotes":""},"categories":[12,8,18],"tags":[],"_links":{"self":[{"href":"https:\/\/emlekpont.hu\/index.php?rest_route=\/wp\/v2\/posts\/6656"}],"collection":[{"href":"https:\/\/emlekpont.hu\/index.php?rest_route=\/wp\/v2\/posts"}],"about":[{"href":"https:\/\/emlekpont.hu\/index.php?rest_route=\/wp\/v2\/types\/post"}],"author":[{"embeddable":true,"href":"https:\/\/emlekpont.hu\/index.php?rest_route=\/wp\/v2\/users\/5"}],"replies":[{"embeddable":true,"href":"https:\/\/emlekpont.hu\/index.php?rest_route=%2Fwp%2Fv2%2Fcomments&post=6656"}],"version-history":[{"count":0,"href":"https:\/\/emlekpont.hu\/index.php?rest_route=\/wp\/v2\/posts\/6656\/revisions"}],"wp:attachment":[{"href":"https:\/\/emlekpont.hu\/index.php?rest_route=%2Fwp%2Fv2%2Fmedia&parent=6656"}],"wp:term":[{"taxonomy":"category","embeddable":true,"href":"https:\/\/emlekpont.hu\/index.php?rest_route=%2Fwp%2Fv2%2Fcategories&post=6656"},{"taxonomy":"post_tag","embeddable":true,"href":"https:\/\/emlekpont.hu\/index.php?rest_route=%2Fwp%2Fv2%2Ftags&post=6656"}],"curies":[{"name":"wp","href":"https:\/\/api.w.org\/{rel}","templated":true}]}}