{"id":6655,"date":"2013-03-21T00:00:00","date_gmt":"2013-03-21T00:00:00","guid":{"rendered":"http:\/\/emlekpont.hu\/?p=6655"},"modified":"2013-03-21T00:00:00","modified_gmt":"2013-03-21T00:00:00","slug":"elsosorban-tanarnak-tartja-magat","status":"publish","type":"post","link":"https:\/\/emlekpont.hu\/?p=6655","title":{"rendered":"Els\u0151sorban tan\u00e1rnak tartja mag\u00e1t"},"content":{"rendered":"<p>Els\u00f5sorban tan\u00e1rnak tartja mag\u00e1tH\u00e9zs\u00f5 Ferenc a K\u00f6z\u00e9leti Pontban     75 \u00e9v j\u00f3 alkalom a sz\u00e1mvet\u00e9sre, \u00fagy \u00e9rzem, sikeres \u00e9letem volt. Azt csin\u00e1ltam, amire v\u00e1llalkoztam tan\u00e1rk\u00e9nt \u00e9s k\u00e9pz\u00f5m\u00fbv\u00e9szk\u00e9nt &#8211; nyilatkozta H\u00e9zs\u00f5 Ferenc fest\u00f5m\u00fbv\u00e9sz, aki m\u00e1rcius 21-\u00e9n az Eml\u00e9kpont k\u00f6z\u00e9leti rendezv\u00e9nysorozat\u00e1nak vend\u00e9gek\u00e9nt id\u00e9zte fel p\u00e1lyafut\u00e1sa, \u00e9lete fordul\u00f3pontjait.  A 75 \u00e9ves Munk\u00e1csy-d\u00edjas m\u00fbv\u00e9sszel Blazovich P\u00e9ter, az Eml\u00e9kpont int\u00e9zm\u00e9nyvezet\u00f5je besz\u00e9lgetett, amihez a h\u00e1tteret a fest\u00f5 sz\u00fclet\u00e9snapj\u00e1n megny\u00edlt ki\u00e1ll\u00edt\u00e1s adta. H\u00e9zs\u00f5 Ferenc elmondta, fia kutatta a csal\u00e1df\u00e1t, \u00e9s mint kider\u00fclt 1723-ig visszavezethet\u00f5en H\u00f3dmez\u00f5v\u00e1s\u00e1rhelyen \u00e9ltek a H\u00e9zs\u00f5k. \u00d5sei gazd\u00e1lkod\u00f3k, iparosok voltak. \u00c9desapja cip\u00e9szk\u00e9nt dolgozott, k\u00e9s\u00f5bb a Majolikagy\u00e1rb\u00f3l ment nyugd\u00edjba. Ferenc a t\u00f6bbi tab\u00e1ni gyerekkel egy\u00fctt k\u00f3borolta be \u00e9s ismerte meg a v\u00e1rost. K\u00e9s\u00f5bb \u00e9rdekl\u00f5d\u00e9se egyre ink\u00e1bb az olvas\u00e1s \u00e9s a rajzol\u00e1s fel\u00e9 fordult.  A besz\u00e9lget\u00e9s sor\u00e1n elhangzott, hogy cukr\u00e1sz szeretett volna lenni, de Antal Imre tan\u00edt\u00f3 \u00far felfigyelt tehets\u00e9g\u00e9re, \u00e9s F\u00fcst\u00f6s Zolt\u00e1n fest\u00f5m\u00fbv\u00e9szhez ir\u00e1ny\u00edtotta. A Bethlen G\u00e1bor Gimn\u00e1zium ut\u00e1n a k\u00e9pz\u00f5m\u00fbv\u00e9szeti f\u00f5iskola k\u00f6vetkezett, majd V\u00e1s\u00e1rhelyre visszat\u00e9rve tan\u00edtani kezdett.  Mint els\u00f5 gener\u00e1ci\u00f3s \u00e9rtelmis\u00e9ginek t\u00f6bbet kellett k\u00fczdenie az\u00e9rt, hogy feljusson erre a szintre, \u00fagy v\u00e9li ennek is k\u00f6sz\u00f6nhet\u00f5, hogy soha nem szakadt el a val\u00f3s\u00e1gt\u00f3l, realit\u00e1s\u00e9rz\u00e9ke mindig megmaradt. A m\u00fbv\u00e9szekr\u00f5l kialakult boh\u00e9m k\u00e9p t\u00f5le t\u00e1vol \u00e1ll, tan\u00e1rk\u00e9nt nem engedhette meg mag\u00e1nak, de nem is v\u00e1gyott erre a labilis \u00e9letform\u00e1ra, sz\u00e1m\u00e1ra fontosabb volt az \u00e1tgondoltabb, kisz\u00e1m\u00edthat\u00f3bb \u00e9let. Visszagondolva \u00fagy v\u00e9li, ezt a p\u00e1ly\u00e1t ilyen eredm\u00e9nnyel nem tudta volna a feles\u00e9ge \u00e9s a csal\u00e1dja n\u00e9lk\u00fcl v\u00e9gig csin\u00e1lni. &#8222;\u00dagy \u00e9rzem, nem kell sz\u00e9gyenkeznem a megtett utam \u00e9s a teljes\u00edtm\u00e9nyem miatt sem&#8221; &#8211; jelentette ki.  H\u00e9zs\u00f5 Ferenc els\u00f5sorban tan\u00e1rnak tartja mag\u00e1t, mert azt vallja, hogy tan\u00edtani csak akkor lehet j\u00f3l, ha tiszt\u00e1zta a maga vil\u00e1gk\u00e9p\u00e9t, vil\u00e1gn\u00e9zet\u00e9t. Hozz\u00e1tette: &#8222;Nem csak adtam, mint tan\u00e1r, hanem nagyon sokat kaptam is a fiatalokt\u00f3l. Mindig arra sarkallt ez a k\u00f6rnyezet, hogy meg\u00faj\u00edtsam saj\u00e1t magam, \u00edgy mindig el\u00f5re tekintettem. Eg\u00e9sz munk\u00e1ss\u00e1gom ezt a fajta magatart\u00e1st t\u00fckr\u00f6zte, \u00e9s tan\u00edtv\u00e1nyaimnak is azt szoktam tan\u00e1csolni, hogy ig\u00e9nyesen el\u00f5re figyeljenek, \u00e9s \u00f6nmagukat pr\u00f3b\u00e1lj\u00e1k megval\u00f3s\u00edtani.&#8221;    Forr\u00e1s: Promen\u00e1d.hu<\/p>\n","protected":false},"excerpt":{"rendered":"<p>Els\u00f5sorban tan\u00e1rnak tartja mag\u00e1tH\u00e9zs\u00f5 Ferenc a K\u00f6z\u00e9leti Pontban 75 \u00e9v j\u00f3 alkalom a sz\u00e1mvet\u00e9sre, \u00fagy \u00e9rzem, sikeres \u00e9letem volt. Azt csin\u00e1ltam, amire v\u00e1llalkoztam tan\u00e1rk\u00e9nt \u00e9s k\u00e9pz\u00f5m\u00fbv\u00e9szk\u00e9nt &#8211; nyilatkozta H\u00e9zs\u00f5 Ferenc fest\u00f5m\u00fbv\u00e9sz, aki m\u00e1rcius 21-\u00e9n az Eml\u00e9kpont k\u00f6z\u00e9leti rendezv\u00e9nysorozat\u00e1nak vend\u00e9gek\u00e9nt id\u00e9zte fel p\u00e1lyafut\u00e1sa, \u00e9lete fordul\u00f3pontjait. A 75 \u00e9ves Munk\u00e1csy-d\u00edjas m\u00fbv\u00e9sszel Blazovich P\u00e9ter, az Eml\u00e9kpont int\u00e9zm\u00e9nyvezet\u00f5je besz\u00e9lgetett, [&hellip;]<\/p>\n","protected":false},"author":5,"featured_media":0,"comment_status":"open","ping_status":"open","sticky":false,"template":"","format":"standard","meta":{"footnotes":""},"categories":[12,8,18],"tags":[],"_links":{"self":[{"href":"https:\/\/emlekpont.hu\/index.php?rest_route=\/wp\/v2\/posts\/6655"}],"collection":[{"href":"https:\/\/emlekpont.hu\/index.php?rest_route=\/wp\/v2\/posts"}],"about":[{"href":"https:\/\/emlekpont.hu\/index.php?rest_route=\/wp\/v2\/types\/post"}],"author":[{"embeddable":true,"href":"https:\/\/emlekpont.hu\/index.php?rest_route=\/wp\/v2\/users\/5"}],"replies":[{"embeddable":true,"href":"https:\/\/emlekpont.hu\/index.php?rest_route=%2Fwp%2Fv2%2Fcomments&post=6655"}],"version-history":[{"count":0,"href":"https:\/\/emlekpont.hu\/index.php?rest_route=\/wp\/v2\/posts\/6655\/revisions"}],"wp:attachment":[{"href":"https:\/\/emlekpont.hu\/index.php?rest_route=%2Fwp%2Fv2%2Fmedia&parent=6655"}],"wp:term":[{"taxonomy":"category","embeddable":true,"href":"https:\/\/emlekpont.hu\/index.php?rest_route=%2Fwp%2Fv2%2Fcategories&post=6655"},{"taxonomy":"post_tag","embeddable":true,"href":"https:\/\/emlekpont.hu\/index.php?rest_route=%2Fwp%2Fv2%2Ftags&post=6655"}],"curies":[{"name":"wp","href":"https:\/\/api.w.org\/{rel}","templated":true}]}}