{"id":6654,"date":"2013-03-25T00:00:00","date_gmt":"2013-03-25T00:00:00","guid":{"rendered":"http:\/\/emlekpont.hu\/?p=6654"},"modified":"2013-03-25T00:00:00","modified_gmt":"2013-03-25T00:00:00","slug":"egbekialtas-a-delvideki-magyar-nepirtasrol","status":"publish","type":"post","link":"https:\/\/emlekpont.hu\/?p=6654","title":{"rendered":"\u00c9gbeki\u00e1lt\u00e1s a d\u00e9lvid\u00e9ki magyar n\u00e9pirt\u00e1sr\u00f3l"},"content":{"rendered":"<p>\u00c9gbeki\u00e1lt\u00e1s a d\u00e9lvid\u00e9ki magyar n\u00e9pirt\u00e1sr\u00f3lD\u00e9lvid\u00e9ki Magyar Golgota 1944-45 k\u00f6nyvbemutat\u00f3  A m\u00e1sodik vil\u00e1gh\u00e1bor\u00fa v\u00e9g\u00e9n magyarellenes etnikai tisztogat\u00e1sokra ker\u00fclt sor a szomsz\u00e9dos orsz\u00e1gokban. A d\u00e9lvid\u00e9ki n\u00e9pirt\u00e1st \u00e9vtizedeken kereszt\u00fcl hallgat\u00e1s \u00f6vezte. A t\u00e9m\u00e1ban nemr\u00e9giben jelent meg egy \u00f6sszefoglal\u00f3 tanulm\u00e1nyk\u00f6tet D\u00e9lvid\u00e9ki Magyar Golgota 1944-45 c\u00edmmel, melynek szerkeszt\u00f5j\u00e9vel, Bank Barbara t\u00f6rt\u00e9n\u00e9sz-lev\u00e9lt\u00e1rossal Guly\u00e1s L\u00e1szl\u00f3 t\u00f6rt\u00e9n\u00e9sz besz\u00e9lget, \u00e9rintve a kutat\u00e1sok, a kegyeletad\u00e1s, a rehabilit\u00e1ci\u00f3 \u00e9s a k\u00e1rp\u00f3tl\u00e1s akad\u00e1lyait, ellentmond\u00e1sait \u00e9s lehet\u00f5s\u00e9geit m\u00e1rcius 27-\u00e9n, szerd\u00e1n 17 \u00f3rakor az Eml\u00e9kpontban.  1944-45-ben, brut\u00e1lis t\u00e1mad\u00e1s \u00e9rte a magyars\u00e1got a D\u00e9lvid\u00e9ken. A Tito partiz\u00e1njai vez\u00e9nylet\u00e9vel v\u00e9grehajtott t\u00f6bb t\u00edzezer \u00e1rtatlan magyar \u00e1ldozatot \u00e9s m\u00e9g t\u00f6bb kifosztottat, l\u00e1gernyomor\u00edtottat eredm\u00e9nyez\u00f5 n\u00e9pirt\u00e1sr\u00f3l hossz\u00fa \u00e9vtizedekig m\u00e9g besz\u00e9lni sem lehetett. A rendszerv\u00e1lt\u00e1st k\u00f6vet\u00f5 h\u00fasz \u00e9v is alig hozott v\u00e1ltoz\u00e1st: szerb elz\u00e1rk\u00f3z\u00e1s, relativiz\u00e1l\u00e1s \u00e9s jelent\u00e9ktelen\u00edt\u00e9s, valamint visszat\u00e9r\u00f5en er\u00f5tlen, elvtelen \u00e9s k\u00e9nyszeres magyar igazod\u00e1si l\u00e9p\u00e9sek kett\u00f5ss\u00e9ge jellemezte a d\u00e9lvid\u00e9ki n\u00e9pirt\u00e1st \u00e9rtelmezni igyekv\u00f5 politikai sz\u00e1nd\u00e9kokat.  2010 \u00f3ta a magyar politik\u00e1ban, k\u00f6zbesz\u00e9dben \u00e9s tudom\u00e1nyos er\u00f5fesz\u00edt\u00e9sekben j\u00f3l \u00e9rz\u00e9kelhet\u00f5en lass\u00fa paradigmav\u00e1lt\u00e1s zajlik az 1944-45-\u00f6s d\u00e9lvid\u00e9ki esem\u00e9nyek meg\u00edt\u00e9l\u00e9s\u00e9vel \u00e9s \u00e9rtelmez\u00e9s\u00e9vel kapcsolatban. Eme szeml\u00e9letv\u00e1lt\u00e1s kiemelked\u00f5 esem\u00e9nye volt, amikor 2011-ben a magyar \u00e1llam a legmagasabb szinten nyilv\u00e1n\u00edtotta ki, hogy 1944-45-ben a D\u00e9lvid\u00e9ken a magyarok ellen elk\u00f6vettet n\u00e9pirt\u00e1s zajlott, amelynek felt\u00e1r\u00e1sa \u00e9s j\u00f3v\u00e1t\u00e9tele a szerb \u00e1llamnak \u00e9s szerb t\u00e1rsadalomnak is els\u00f5rang\u00fa felel\u00f5ss\u00e9ge.2011. november 25-27 k\u00f6z\u00f6tt a Magyar Orsz\u00e1ggy\u00fbl\u00e9sben, a Magyar Tudom\u00e1nyos Akad\u00e9mi\u00e1n, a Trianon M\u00fazeumban \u00e9s a Szent Istv\u00e1n Bazilik\u00e1ban \u00faj korszakot nyit\u00f3 megeml\u00e9kez\u00e9seket, rendezv\u00e9nyeket, konferenci\u00e1kat tartottak, ki\u00e1ll\u00edt\u00e1sokat nyitottak meg. A D\u00e9lvid\u00e9ki Magyar Golgota 1944-45 c\u00edm\u00fb tanulm\u00e1nyk\u00f6tet e korszakos rendezv\u00e9nyek legfontosabb gondolatait \u00e9s kapcsol\u00f3d\u00f3 dokumentumait mutatja be.<\/p>\n","protected":false},"excerpt":{"rendered":"<p>\u00c9gbeki\u00e1lt\u00e1s a d\u00e9lvid\u00e9ki magyar n\u00e9pirt\u00e1sr\u00f3lD\u00e9lvid\u00e9ki Magyar Golgota 1944-45 k\u00f6nyvbemutat\u00f3 A m\u00e1sodik vil\u00e1gh\u00e1bor\u00fa v\u00e9g\u00e9n magyarellenes etnikai tisztogat\u00e1sokra ker\u00fclt sor a szomsz\u00e9dos orsz\u00e1gokban. A d\u00e9lvid\u00e9ki n\u00e9pirt\u00e1st \u00e9vtizedeken kereszt\u00fcl hallgat\u00e1s \u00f6vezte. A t\u00e9m\u00e1ban nemr\u00e9giben jelent meg egy \u00f6sszefoglal\u00f3 tanulm\u00e1nyk\u00f6tet D\u00e9lvid\u00e9ki Magyar Golgota 1944-45 c\u00edmmel, melynek szerkeszt\u00f5j\u00e9vel, Bank Barbara t\u00f6rt\u00e9n\u00e9sz-lev\u00e9lt\u00e1rossal Guly\u00e1s L\u00e1szl\u00f3 t\u00f6rt\u00e9n\u00e9sz besz\u00e9lget, \u00e9rintve a kutat\u00e1sok, a kegyeletad\u00e1s, [&hellip;]<\/p>\n","protected":false},"author":5,"featured_media":0,"comment_status":"open","ping_status":"open","sticky":false,"template":"","format":"standard","meta":{"footnotes":""},"categories":[12,8,18],"tags":[],"_links":{"self":[{"href":"https:\/\/emlekpont.hu\/index.php?rest_route=\/wp\/v2\/posts\/6654"}],"collection":[{"href":"https:\/\/emlekpont.hu\/index.php?rest_route=\/wp\/v2\/posts"}],"about":[{"href":"https:\/\/emlekpont.hu\/index.php?rest_route=\/wp\/v2\/types\/post"}],"author":[{"embeddable":true,"href":"https:\/\/emlekpont.hu\/index.php?rest_route=\/wp\/v2\/users\/5"}],"replies":[{"embeddable":true,"href":"https:\/\/emlekpont.hu\/index.php?rest_route=%2Fwp%2Fv2%2Fcomments&post=6654"}],"version-history":[{"count":0,"href":"https:\/\/emlekpont.hu\/index.php?rest_route=\/wp\/v2\/posts\/6654\/revisions"}],"wp:attachment":[{"href":"https:\/\/emlekpont.hu\/index.php?rest_route=%2Fwp%2Fv2%2Fmedia&parent=6654"}],"wp:term":[{"taxonomy":"category","embeddable":true,"href":"https:\/\/emlekpont.hu\/index.php?rest_route=%2Fwp%2Fv2%2Fcategories&post=6654"},{"taxonomy":"post_tag","embeddable":true,"href":"https:\/\/emlekpont.hu\/index.php?rest_route=%2Fwp%2Fv2%2Ftags&post=6654"}],"curies":[{"name":"wp","href":"https:\/\/api.w.org\/{rel}","templated":true}]}}