{"id":6653,"date":"2013-03-26T00:00:00","date_gmt":"2013-03-26T00:00:00","guid":{"rendered":"http:\/\/emlekpont.hu\/?p=6653"},"modified":"2013-03-26T00:00:00","modified_gmt":"2013-03-26T00:00:00","slug":"hetkoznapok-rakosi-bortoneiben-es-internalotaboraiban","status":"publish","type":"post","link":"https:\/\/emlekpont.hu\/?p=6653","title":{"rendered":"H\u00e9tk\u00f6znapok R\u00e1kosi b\u00f6rt\u00f6neiben \u00e9s intern\u00e1l\u00f3t\u00e1boraiban"},"content":{"rendered":"<p>H\u00e9tk\u00f6znapok R\u00e1kosi b\u00f6rt\u00f6neiben \u00e9s intern\u00e1l\u00f3t\u00e1boraibanRendhagy\u00f3 tan\u00f3ra az \u00f6tvenes \u00e9vek szenved\u00e9seinek sz\u00edntereir\u00f5l  &#8222;Ne csak \u00f5rizz, hanem gy\u00fbl\u00f6lj is!&#8221; &#8211; hirdette a v\u00e1ci fegyh\u00e1z \u00e1vh-\u00e1s \u00f5reinek szobafelirata, \u00e9s a hatalom &#8222;szobr\u00e1szmesterei&#8221; k\u00f6nny\u00fbszerrel form\u00e1zt\u00e1k a rabok test\u00e9t azz\u00e1, amire sz\u00e1nt\u00e1k \u00f5ket: uniformiz\u00e1lt sz\u00e1mok t\u00f6meg\u00e9v\u00e9, amikb\u00f5l \u00bdegyszer\u00fben\u00bd ki\u00f6nthet\u00f5 vagy kiverhet\u00f5 volt a vallom\u00e1s. A R\u00e1kosi-diktat\u00fara b\u00f6rt\u00f6neinek \u00e9s intern\u00e1l\u00f3t\u00e1borainak kegyetlen viszonyair\u00f3l Bank Barbara t\u00f6rt\u00e9n\u00e9sz tart rendhagy\u00f3 t\u00f6rt\u00e9nelem\u00f3r\u00e1t m\u00e1rcius 27-\u00e9n, szerd\u00e1n d\u00e9lel\u00f5tt 10 \u00f3rakor az Eml\u00e9kpontban.  1948 \u00e9s 1953 k\u00f6z\u00f6tt minden m\u00e1sodik magyar csal\u00e1dban volt olyan, akit valami miatt megfigyel\u00e9s alatt tartott a kommunista diktat\u00fara, v\u00e9lt vagy val\u00f3s ellenfeleit pedig a legdurv\u00e1bb eszk\u00f6z\u00f6kkel igyekezett ellehetetlen\u00edteni a rendszer. Az elszigetel\u00e9sre nemcsak fegyh\u00e1zakat \u00e9s b\u00f6rt\u00f6n\u00f6ket, hanem intern\u00e1l\u00f3- \u00e9s k\u00e9nyszermunkat\u00e1borokat is fenntartott. A hatalom t\u00f6megesen gy\u00fbjtette \u00f6ssze a sz\u00e1m\u00e1ra politikailag vesz\u00e9lyesnek vagy &#8222;k\u00e1rt\u00e9konynak&#8221; felt\u00e9telezett &#8222;ellenfeleit&#8221; vagy embercsoportjait az erre a c\u00e9lra l\u00e9trehozott, \u00e9s m\u00fbk\u00f6dtetett k\u00fcl\u00f6n fegyveres rendfenntart\u00f3 test\u00fclettel. 1950-ben az \u00c1VH t\u00f6bb b\u00fcntet\u00e9s-v\u00e9grehajt\u00e1si int\u00e9zm\u00e9nyt is \u00e1tvett a Bel\u00fcgyminiszt\u00e9riumt\u00f3l, amelyek mell\u00e9 megkapta az enged\u00e9lyt, a saj\u00e1t m\u00fbk\u00f6dtet\u00e9s\u00fb intern\u00e1l\u00f3t\u00e1borok l\u00e9trehoz\u00e1s\u00e1hoz is. Az ir\u00e1ny\u00edt\u00e1sa al\u00e1 tartozott a kistarcsai gy\u00fbjt\u00f5- \u00e9s intern\u00e1l\u00f3t\u00e1bor, majd fel\u00e9p\u00edttett\u00e9k az intern\u00e1ltakkal a recski, tiszal\u00f6ki, kazincbarcikai, bern\u00e1tk\u00fati \u00e9s saj\u00f3b\u00e1bonyi intern\u00e1l\u00f3t\u00e1borokat.  Argej\u00f3 \u00c9va t\u00f6rt\u00e9n\u00e9sz A hatalomnak al\u00e1vetett test c\u00edm\u00fb tanulm\u00e1ny\u00e1ban r\u00e9szletesen \u00edr az \u00e1llambiztons\u00e1giak fogva tartottakkal \u00fbz\u00f6tt \u00bdj\u00e1t\u00e9k\u00e1r\u00f3l\u00bd \u00e9s m\u00f3dszereir\u00f5l. A &#8222;begy\u00fbjt\u00f6tt&#8221; rabok megt\u00f6r\u00e9s\u00e9nek nem puszt\u00e1n a f\u00e1jdalom okoz\u00e1sa volt a c\u00e9lja, sokkal ink\u00e1bb a test\u00fck feletti hatalom folyamatos demonstr\u00e1l\u00e1sa. A rendszer nemcsak megt\u00fbrte, de szinte el\u00f5\u00edrta a foglyokkal val\u00f3 kegyetlenked\u00e9st. A Gy\u00fbjt\u00f5fogh\u00e1z parancsnoka p\u00e9ld\u00e1ul az al\u00e1bbiakat mondta: &#8222;Vegy\u00e9k tudom\u00e1sul, nem kell a test\u00fckkel elsz\u00e1molnunk, legfeljebb a n\u00e9h\u00e1ny v\u00f6d\u00f6r m\u00e9sz el\u00f5teremt\u00e9se okozhat gondot.&#8221; Miut\u00e1n a ver\u00e9st \u00e1llamv\u00e9delmi m\u00f3dszerk\u00e9nt enged\u00e9lyezt\u00e9k az \u00c1VH-n\u00e1l, a kihallgat\u00e1sok sor\u00e1n \u00e9s a b\u00f6rt\u00f6n\u00f6kben a legdrasztikusabb t\u00falkap\u00e1sok t\u00f6rt\u00e9ntek, melynek k\u00f6vetkezt\u00e9ben emberek sz\u00e1zai megnyomorodtak, vagy meghaltak. A testi k\u00ednz\u00e1sokkal pedig fel\u00e9rtek az \u00e1llambiztons\u00e1gi tisztek lelki gy\u00f6tr\u00e9sei is.  A R\u00e1kosi-rendszer terroruralm\u00e1nak k\u00fcl\u00f6nlegesen aljas vil\u00e1g\u00e1t Bank Barbara, az \u00c1llambiztons\u00e1gi Szolg\u00e1latok T\u00f6rt\u00e9neti Lev\u00e9lt\u00e1r\u00e1nak t\u00f6rt\u00e9n\u00e9sze mutatja be az Eml\u00e9kpont rendhagy\u00f3 t\u00f6rt\u00e9nelem\u00f3r\u00e1j\u00e1n r\u00e9sztvev\u00f5 di\u00e1koknak holnap d\u00e9lel\u00f5tt 10 \u00f3r\u00e1t\u00f3l a k\u00f6zgy\u00fbjtem\u00e9ny el\u00f5ad\u00f3term\u00e9ben.<\/p>\n","protected":false},"excerpt":{"rendered":"<p>H\u00e9tk\u00f6znapok R\u00e1kosi b\u00f6rt\u00f6neiben \u00e9s intern\u00e1l\u00f3t\u00e1boraibanRendhagy\u00f3 tan\u00f3ra az \u00f6tvenes \u00e9vek szenved\u00e9seinek sz\u00edntereir\u00f5l &#8222;Ne csak \u00f5rizz, hanem gy\u00fbl\u00f6lj is!&#8221; &#8211; hirdette a v\u00e1ci fegyh\u00e1z \u00e1vh-\u00e1s \u00f5reinek szobafelirata, \u00e9s a hatalom &#8222;szobr\u00e1szmesterei&#8221; k\u00f6nny\u00fbszerrel form\u00e1zt\u00e1k a rabok test\u00e9t azz\u00e1, amire sz\u00e1nt\u00e1k \u00f5ket: uniformiz\u00e1lt sz\u00e1mok t\u00f6meg\u00e9v\u00e9, amikb\u00f5l \u00bdegyszer\u00fben\u00bd ki\u00f6nthet\u00f5 vagy kiverhet\u00f5 volt a vallom\u00e1s. A R\u00e1kosi-diktat\u00fara b\u00f6rt\u00f6neinek \u00e9s intern\u00e1l\u00f3t\u00e1borainak kegyetlen [&hellip;]<\/p>\n","protected":false},"author":5,"featured_media":0,"comment_status":"open","ping_status":"open","sticky":false,"template":"","format":"standard","meta":{"footnotes":""},"categories":[12,8,18],"tags":[],"_links":{"self":[{"href":"https:\/\/emlekpont.hu\/index.php?rest_route=\/wp\/v2\/posts\/6653"}],"collection":[{"href":"https:\/\/emlekpont.hu\/index.php?rest_route=\/wp\/v2\/posts"}],"about":[{"href":"https:\/\/emlekpont.hu\/index.php?rest_route=\/wp\/v2\/types\/post"}],"author":[{"embeddable":true,"href":"https:\/\/emlekpont.hu\/index.php?rest_route=\/wp\/v2\/users\/5"}],"replies":[{"embeddable":true,"href":"https:\/\/emlekpont.hu\/index.php?rest_route=%2Fwp%2Fv2%2Fcomments&post=6653"}],"version-history":[{"count":0,"href":"https:\/\/emlekpont.hu\/index.php?rest_route=\/wp\/v2\/posts\/6653\/revisions"}],"wp:attachment":[{"href":"https:\/\/emlekpont.hu\/index.php?rest_route=%2Fwp%2Fv2%2Fmedia&parent=6653"}],"wp:term":[{"taxonomy":"category","embeddable":true,"href":"https:\/\/emlekpont.hu\/index.php?rest_route=%2Fwp%2Fv2%2Fcategories&post=6653"},{"taxonomy":"post_tag","embeddable":true,"href":"https:\/\/emlekpont.hu\/index.php?rest_route=%2Fwp%2Fv2%2Ftags&post=6653"}],"curies":[{"name":"wp","href":"https:\/\/api.w.org\/{rel}","templated":true}]}}