{"id":6652,"date":"2013-04-03T00:00:00","date_gmt":"2013-04-03T00:00:00","guid":{"rendered":"http:\/\/emlekpont.hu\/?p=6652"},"modified":"2013-04-03T00:00:00","modified_gmt":"2013-04-03T00:00:00","slug":"alsosok-versmondo-versenye","status":"publish","type":"post","link":"https:\/\/emlekpont.hu\/?p=6652","title":{"rendered":"Als\u00f3sok versmond\u00f3 versenye"},"content":{"rendered":"<p>Als\u00f3sok versmond\u00f3 versenye H\u00f3dmez\u00f5v\u00e1s\u00e1rhelyen  Az idei esztend\u00f5ben is az Eml\u00e9kpont \u00e9s a Mozaik Kamaraterem ad helyet a h\u00f3dmez\u00f5v\u00e1s\u00e1rhelyi kist\u00e9rs\u00e9g als\u00f3 tagozatos tanul\u00f3inak versmond\u00f3 verseny\u00e9nek a Liszt Ferenc \u00c9nek-Zenei \u00c1ltal\u00e1nos Iskola szervez\u00e9s\u00e9ben. Az \u00e1prilis 4-\u00e9n, cs\u00fct\u00f6rt\u00f6k\u00f6n d\u00e9lut\u00e1n f\u00e9l h\u00e1romkor kezd\u00f5d\u00f5 vet\u00e9lked\u00f5re t\u00f6bb mint f\u00e9lsz\u00e1z kisdi\u00e1kot v\u00e1rnak V\u00e1s\u00e1rhelyr\u00f5l, M\u00e1rt\u00e9lyr\u00f3l \u00e9s Sz\u00e9kkutasr\u00f3l.  A cs\u00fct\u00f6rt\u00f6k\u00f6n 14 \u00f3ra 30 perckor kezd\u00f5d\u00f5 megm\u00e9rettet\u00e9sen a k\u00f6zgy\u00fbjtem\u00e9ny el\u00f5ad\u00f3term\u00e9ben a 3-4. oszt\u00e1lyosok, m\u00edg a moziban az 1-2 oszt\u00e1lyosok m\u00e9rik \u00f6ssze el\u00f5ad\u00f3 \u00e9s versmond\u00f3 k\u00e9pess\u00e9g\u00fcket egy-egy \u00e9letkoruknak megfelel\u00f5, szabadon v\u00e1lasztott k\u00f6ltem\u00e9ny elszaval\u00e1s\u00e1val.<\/p>\n","protected":false},"excerpt":{"rendered":"<p>Als\u00f3sok versmond\u00f3 versenye H\u00f3dmez\u00f5v\u00e1s\u00e1rhelyen Az idei esztend\u00f5ben is az Eml\u00e9kpont \u00e9s a Mozaik Kamaraterem ad helyet a h\u00f3dmez\u00f5v\u00e1s\u00e1rhelyi kist\u00e9rs\u00e9g als\u00f3 tagozatos tanul\u00f3inak versmond\u00f3 verseny\u00e9nek a Liszt Ferenc \u00c9nek-Zenei \u00c1ltal\u00e1nos Iskola szervez\u00e9s\u00e9ben. Az \u00e1prilis 4-\u00e9n, cs\u00fct\u00f6rt\u00f6k\u00f6n d\u00e9lut\u00e1n f\u00e9l h\u00e1romkor kezd\u00f5d\u00f5 vet\u00e9lked\u00f5re t\u00f6bb mint f\u00e9lsz\u00e1z kisdi\u00e1kot v\u00e1rnak V\u00e1s\u00e1rhelyr\u00f5l, M\u00e1rt\u00e9lyr\u00f3l \u00e9s Sz\u00e9kkutasr\u00f3l. A cs\u00fct\u00f6rt\u00f6k\u00f6n 14 \u00f3ra 30 perckor [&hellip;]<\/p>\n","protected":false},"author":5,"featured_media":0,"comment_status":"open","ping_status":"open","sticky":false,"template":"","format":"standard","meta":{"footnotes":""},"categories":[12,8,18],"tags":[],"_links":{"self":[{"href":"https:\/\/emlekpont.hu\/index.php?rest_route=\/wp\/v2\/posts\/6652"}],"collection":[{"href":"https:\/\/emlekpont.hu\/index.php?rest_route=\/wp\/v2\/posts"}],"about":[{"href":"https:\/\/emlekpont.hu\/index.php?rest_route=\/wp\/v2\/types\/post"}],"author":[{"embeddable":true,"href":"https:\/\/emlekpont.hu\/index.php?rest_route=\/wp\/v2\/users\/5"}],"replies":[{"embeddable":true,"href":"https:\/\/emlekpont.hu\/index.php?rest_route=%2Fwp%2Fv2%2Fcomments&post=6652"}],"version-history":[{"count":0,"href":"https:\/\/emlekpont.hu\/index.php?rest_route=\/wp\/v2\/posts\/6652\/revisions"}],"wp:attachment":[{"href":"https:\/\/emlekpont.hu\/index.php?rest_route=%2Fwp%2Fv2%2Fmedia&parent=6652"}],"wp:term":[{"taxonomy":"category","embeddable":true,"href":"https:\/\/emlekpont.hu\/index.php?rest_route=%2Fwp%2Fv2%2Fcategories&post=6652"},{"taxonomy":"post_tag","embeddable":true,"href":"https:\/\/emlekpont.hu\/index.php?rest_route=%2Fwp%2Fv2%2Ftags&post=6652"}],"curies":[{"name":"wp","href":"https:\/\/api.w.org\/{rel}","templated":true}]}}