{"id":6651,"date":"2013-04-10T00:00:00","date_gmt":"2013-04-10T00:00:00","guid":{"rendered":"http:\/\/emlekpont.hu\/?p=6651"},"modified":"2013-04-10T00:00:00","modified_gmt":"2013-04-10T00:00:00","slug":"rendhagyo-irodalomora-a-kolteszet-napjan","status":"publish","type":"post","link":"https:\/\/emlekpont.hu\/?p=6651","title":{"rendered":"Rendhagy\u00f3 irodalom\u00f3ra a k\u00f6lt\u00e9szet napj\u00e1n"},"content":{"rendered":"<p>\u00bdSzeretlek, mint anyj\u00e1t a gyermek&#8230;\u00bdRendhagy\u00f3 irodalom\u00f3ra a k\u00f6lt\u00e9szet napj\u00e1n az Eml\u00e9kpontban  A magyar k\u00f6lt\u00e9szet napj\u00e1n, J\u00f3zsef Attila szerelmi k\u00f6lt\u00e9szet\u00e9r\u00f5l tart rendhagy\u00f3 magyar irodalom \u00f3r\u00e1t Hornok Andr\u00e1s, a szegedi S\u00e1gv\u00e1ri Endre Gimn\u00e1zium szakvezet\u00f5 tan\u00e1ra \u00e1prilis 11-\u00e9n, cs\u00fct\u00f6rt\u00f6k\u00f6n d\u00e9lut\u00e1n \u00f6t \u00f3r\u00e1t\u00f3l az Eml\u00e9kpontban.  J\u00f3zsef Attila k\u00e9sei k\u00f6lt\u00e9szet\u00e9nek egyik f\u00f5 t\u00e9m\u00e1ja a szerelem, amit \u00e1t- meg \u00e1tsz\u00f5 a mag\u00e1ny terhe, illetve a szeretet \u00e9s a harm\u00f3nia ir\u00e1nti v\u00e1gyakoz\u00e1s. Diszharmonikus, kudarcba fulladt kapcsolataiban az anya-k\u00e9pet kereste, \u00edgy nem meglep\u00f5, hogy szerelmi l\u00edr\u00e1j\u00e1ban vissza-visszat\u00e9r az anyamot\u00edvum. Az eg\u00e9sz \u00e9letm\u00fbv\u00f6n v\u00e9gigvonul a szerelem tematik\u00e1ja: minden \u00e9letszakaszban felfedezhet\u00f5 a meg\u00e9rt\u00f5 t\u00e1rs ir\u00e1nti v\u00e1gy\u00f3d\u00e1s. A rendhagy\u00f3 irodalom\u00f3ra sor\u00e1n ezeknek a kapcsolatoknak a felt\u00e9rk\u00e9pez\u00e9s\u00e9re v\u00e1llalkozik a megh\u00edvott el\u00f5ad\u00f3.<\/p>\n","protected":false},"excerpt":{"rendered":"<p>\u00bdSzeretlek, mint anyj\u00e1t a gyermek&#8230;\u00bdRendhagy\u00f3 irodalom\u00f3ra a k\u00f6lt\u00e9szet napj\u00e1n az Eml\u00e9kpontban A magyar k\u00f6lt\u00e9szet napj\u00e1n, J\u00f3zsef Attila szerelmi k\u00f6lt\u00e9szet\u00e9r\u00f5l tart rendhagy\u00f3 magyar irodalom \u00f3r\u00e1t Hornok Andr\u00e1s, a szegedi S\u00e1gv\u00e1ri Endre Gimn\u00e1zium szakvezet\u00f5 tan\u00e1ra \u00e1prilis 11-\u00e9n, cs\u00fct\u00f6rt\u00f6k\u00f6n d\u00e9lut\u00e1n \u00f6t \u00f3r\u00e1t\u00f3l az Eml\u00e9kpontban. J\u00f3zsef Attila k\u00e9sei k\u00f6lt\u00e9szet\u00e9nek egyik f\u00f5 t\u00e9m\u00e1ja a szerelem, amit \u00e1t- meg \u00e1tsz\u00f5 a [&hellip;]<\/p>\n","protected":false},"author":5,"featured_media":0,"comment_status":"open","ping_status":"open","sticky":false,"template":"","format":"standard","meta":{"footnotes":""},"categories":[12,8,18],"tags":[],"_links":{"self":[{"href":"https:\/\/emlekpont.hu\/index.php?rest_route=\/wp\/v2\/posts\/6651"}],"collection":[{"href":"https:\/\/emlekpont.hu\/index.php?rest_route=\/wp\/v2\/posts"}],"about":[{"href":"https:\/\/emlekpont.hu\/index.php?rest_route=\/wp\/v2\/types\/post"}],"author":[{"embeddable":true,"href":"https:\/\/emlekpont.hu\/index.php?rest_route=\/wp\/v2\/users\/5"}],"replies":[{"embeddable":true,"href":"https:\/\/emlekpont.hu\/index.php?rest_route=%2Fwp%2Fv2%2Fcomments&post=6651"}],"version-history":[{"count":0,"href":"https:\/\/emlekpont.hu\/index.php?rest_route=\/wp\/v2\/posts\/6651\/revisions"}],"wp:attachment":[{"href":"https:\/\/emlekpont.hu\/index.php?rest_route=%2Fwp%2Fv2%2Fmedia&parent=6651"}],"wp:term":[{"taxonomy":"category","embeddable":true,"href":"https:\/\/emlekpont.hu\/index.php?rest_route=%2Fwp%2Fv2%2Fcategories&post=6651"},{"taxonomy":"post_tag","embeddable":true,"href":"https:\/\/emlekpont.hu\/index.php?rest_route=%2Fwp%2Fv2%2Ftags&post=6651"}],"curies":[{"name":"wp","href":"https:\/\/api.w.org\/{rel}","templated":true}]}}