{"id":6650,"date":"2013-04-12T00:00:00","date_gmt":"2013-04-12T00:00:00","guid":{"rendered":"http:\/\/emlekpont.hu\/?p=6650"},"modified":"2013-04-12T00:00:00","modified_gmt":"2013-04-12T00:00:00","slug":"a-holokauszt-magyarorszagi-aldozataira-emlekezunk","status":"publish","type":"post","link":"https:\/\/emlekpont.hu\/?p=6650","title":{"rendered":"A Holokauszt magyarorsz\u00e1gi \u00e1ldozataira eml\u00e9kez\u00fcnk"},"content":{"rendered":"<p>A Holokauszt magyarorsz\u00e1gi \u00e1ldozataira eml\u00e9kez\u00fcnkDr. Mario Silva, a Nemzetk\u00f6zi Holokauszt Eml\u00e9kez\u00e9si Sz\u00f6vets\u00e9g eln\u00f6ke \u00e9s Hende Csaba honv\u00e9delmi miniszter is r\u00e9szt vesz a h\u00f3dmez\u00f5v\u00e1s\u00e1rhelyi megeml\u00e9kez\u00e9seken  Haz\u00e1nkba l\u00e1togat a Holokauszt Magyarorsz\u00e1gi \u00c1ldozatainak Eml\u00e9knapja alkalm\u00e1b\u00f3l dr. Mario Silva, a Nemzetk\u00f6zi Holokauszt Eml\u00e9kez\u00e9si Sz\u00f6vets\u00e9g (IHRA &#8211; International Holocaust Remembrance Alliance) soros kanadai eln\u00f6ke, Steven T. Katz, professzor, eln\u00f6ki tan\u00e1csad\u00f3, valamint dr. Kathrin Meyer titk\u00e1rs\u00e1gvezet\u00f5. A deleg\u00e1ci\u00f3 tagjai 2013. \u00e1prilis 16-\u00e1n H\u00f3dmez\u00f5v\u00e1s\u00e1rhelyen r\u00e9szt vesznek a Bethlen G\u00e1bor Reform\u00e1tus Gimn\u00e1zium megeml\u00e9kez\u00e9s\u00e9n, ahol Hende Csaba honv\u00e9delmi miniszter mond besz\u00e9det, majd a Holokauszt M\u00fazeum programjain rendhagy\u00f3 t\u00f6rt\u00e9nelem\u00f3r\u00e1n \u00e9s \u00fcnnepi megeml\u00e9kez\u00e9sen sz\u00f3lalnak fel.  A Holokauszt Magyarorsz\u00e1gi \u00c1ldozatainak Eml\u00e9knapja kapcs\u00e1n H\u00f3dmez\u00f5v\u00e1s\u00e1rhelyen eg\u00e9sz h\u00e9ten rendhagy\u00f3 t\u00f6rt\u00e9nelem\u00f3r\u00e1kkal v\u00e1rj\u00e1k a di\u00e1kokat a vid\u00e9ki Magyarorsz\u00e1g egyetlen \u00e1lland\u00f3 Holokauszt ki\u00e1ll\u00edt\u00e1s\u00e1n. A tanul\u00f3k a Holokauszt &#8211; Magyar Trag\u00e9dia 1944 ki\u00e1ll\u00edt\u00f3helyen l\u00e1tottak seg\u00edts\u00e9g\u00e9vel k\u00f6nnyebben meg\u00e9rthetik \u00e9s feldolgozhatj\u00e1k a V\u00e9szkorszak sz\u00f6rny\u00fbs\u00e9geit, hiszen k\u00f6zvetlenebb\u00fcl tal\u00e1lkoznak a Holokauszt borzalmaival, \u00e9s h\u00fasv\u00e9r emberek p\u00e9ld\u00e1j\u00e1n kereszt\u00fcl \u00e9rz\u00e9kelhetik, mi az, aminek soha t\u00f6bbet nem szabad megt\u00f6rt\u00e9nnie.   A megeml\u00e9kez\u00f5 programok 2013. \u00e1prilis 16-\u00e1n, kedden, 10 \u00f3rakor, a Bethlen G\u00e1bor Reform\u00e1tus Gimn\u00e1zium f\u00f6ldszinti aul\u00e1j\u00e1ban kezd\u00f5dnek, ahol Hende Csaba honv\u00e9delmi miniszter mond besz\u00e9det, a gimn\u00e1zium di\u00e1kjai az alkalomra k\u00e9sz\u00fclt sz\u00ednpadi m\u00fbsort adnak el\u00f5, \u00e9s megtekinthet\u00f5 lesz a di\u00e1kok \u00e9s pedag\u00f3gusok alkot\u00e1saib\u00f3l v\u00e1logatott, a Holokauszt t\u00e9m\u00e1j\u00e1t feldolgoz\u00f3 k\u00e9pz\u00f5m\u00fbv\u00e9szeti ki\u00e1ll\u00edt\u00e1s is. Az esem\u00e9nyen r\u00e9szt vesz dr. Mario Silva, a Nemzetk\u00f6zi Holokauszt Eml\u00e9kez\u00e9si Sz\u00f6vets\u00e9g (IHRA &#8211; International Holocaust Remembrance Alliance) soros kanadai eln\u00f6ke, Steven T. Katz, professzor, eln\u00f6ki tan\u00e1csad\u00f3, valamint dr. Kathrin Meyer titk\u00e1rs\u00e1gvezet\u00f5.  Ezt k\u00f6vet\u00f5en 11 \u00f3rakor a Zsinag\u00f3g\u00e1ban \u00e9s a Holokauszt &#8211; Magyar Trag\u00e9dia 1944 ki\u00e1ll\u00edt\u00f3helyen rendhagy\u00f3 t\u00f6rt\u00e9nelem\u00f3ra keret\u00e9ben Steven T. Katz, professzor, a Nemzetk\u00f6zi Holokauszt Eml\u00e9kez\u00e9si Sz\u00f6vets\u00e9g eln\u00f6ki tan\u00e1csad\u00f3ja a h\u00f3dmez\u00f5v\u00e1s\u00e1rhelyi di\u00e1koknak besz\u00e9l a Holokauszt oktat\u00e1s \u00e9s eml\u00e9kez\u00e9s jelent\u00f5s\u00e9g\u00e9r\u00f5l. A nyilv\u00e1nos oktat\u00e1si programokon Sz\u00f5nyi Andrea, a USC Shoah Foundation nemzetk\u00f6zi oktat\u00e1si f\u00f5tan\u00e1csad\u00f3ja, a Zachor Alap\u00edtv\u00e1ny f\u00f5igazgat\u00f3ja az elbesz\u00e9lt t\u00f6rt\u00e9nelem alkalmaz\u00e1s\u00e1r\u00f3l, Vanderstein P\u00e9tern\u00e9 Zsuzsa, a H\u00f3dmez\u00f5v\u00e1s\u00e1rhelyi Zsid\u00f3 Hitk\u00f6zs\u00e9g tagja a zsid\u00f3 kult\u00fark\u00f6r kegyeleti szok\u00e1sair\u00f3l tart el\u00f5ad\u00e1st.   A 12 \u00f3rakor kezd\u00f5d\u00f5 &#8222;A Kegyelet forr\u00e1sa&#8221; c\u00edmet visel\u00f5 megeml\u00e9kez\u00e9sen k\u00f6sz\u00f6nt\u00f5t mond Dr. K\u00f3sz\u00f3 P\u00e9ter, H\u00f3dmez\u00f5v\u00e1s\u00e1rhely Megyei Jog\u00fa V\u00e1ros alpolg\u00e1rmestere, megeml\u00e9kez\u00f5 besz\u00e9det tart dr. Mario Silva, a Nemzetk\u00f6zi Holokauszt Eml\u00e9kez\u00e9si Sz\u00f6vets\u00e9g (IHRA &#8211; International Holocaust Remembrance Alliance) soros kanadai eln\u00f6ke, valamint Dr. Erd\u00e9lyi Mikl\u00f3s, a H\u00f3dmez\u00f5v\u00e1s\u00e1rhelyi Zsid\u00f3 Hitk\u00f6zs\u00e9g \u00fcgyvezet\u00f5 eln\u00f6ke.  A program 14 \u00f3rakor az &#8222;Emberment\u00e9s a v\u00e9szkorszak idej\u00e9n&#8221; c\u00edm\u00fb konferenci\u00e1val folytat\u00f3dik.<\/p>\n","protected":false},"excerpt":{"rendered":"<p>A Holokauszt magyarorsz\u00e1gi \u00e1ldozataira eml\u00e9kez\u00fcnkDr. Mario Silva, a Nemzetk\u00f6zi Holokauszt Eml\u00e9kez\u00e9si Sz\u00f6vets\u00e9g eln\u00f6ke \u00e9s Hende Csaba honv\u00e9delmi miniszter is r\u00e9szt vesz a h\u00f3dmez\u00f5v\u00e1s\u00e1rhelyi megeml\u00e9kez\u00e9seken Haz\u00e1nkba l\u00e1togat a Holokauszt Magyarorsz\u00e1gi \u00c1ldozatainak Eml\u00e9knapja alkalm\u00e1b\u00f3l dr. Mario Silva, a Nemzetk\u00f6zi Holokauszt Eml\u00e9kez\u00e9si Sz\u00f6vets\u00e9g (IHRA &#8211; International Holocaust Remembrance Alliance) soros kanadai eln\u00f6ke, Steven T. Katz, professzor, eln\u00f6ki tan\u00e1csad\u00f3, [&hellip;]<\/p>\n","protected":false},"author":5,"featured_media":0,"comment_status":"open","ping_status":"open","sticky":false,"template":"","format":"standard","meta":{"footnotes":""},"categories":[12,8,18],"tags":[],"_links":{"self":[{"href":"https:\/\/emlekpont.hu\/index.php?rest_route=\/wp\/v2\/posts\/6650"}],"collection":[{"href":"https:\/\/emlekpont.hu\/index.php?rest_route=\/wp\/v2\/posts"}],"about":[{"href":"https:\/\/emlekpont.hu\/index.php?rest_route=\/wp\/v2\/types\/post"}],"author":[{"embeddable":true,"href":"https:\/\/emlekpont.hu\/index.php?rest_route=\/wp\/v2\/users\/5"}],"replies":[{"embeddable":true,"href":"https:\/\/emlekpont.hu\/index.php?rest_route=%2Fwp%2Fv2%2Fcomments&post=6650"}],"version-history":[{"count":0,"href":"https:\/\/emlekpont.hu\/index.php?rest_route=\/wp\/v2\/posts\/6650\/revisions"}],"wp:attachment":[{"href":"https:\/\/emlekpont.hu\/index.php?rest_route=%2Fwp%2Fv2%2Fmedia&parent=6650"}],"wp:term":[{"taxonomy":"category","embeddable":true,"href":"https:\/\/emlekpont.hu\/index.php?rest_route=%2Fwp%2Fv2%2Fcategories&post=6650"},{"taxonomy":"post_tag","embeddable":true,"href":"https:\/\/emlekpont.hu\/index.php?rest_route=%2Fwp%2Fv2%2Ftags&post=6650"}],"curies":[{"name":"wp","href":"https:\/\/api.w.org\/{rel}","templated":true}]}}