{"id":6649,"date":"2013-04-15T00:00:00","date_gmt":"2013-04-15T00:00:00","guid":{"rendered":"http:\/\/emlekpont.hu\/?p=6649"},"modified":"2013-04-15T00:00:00","modified_gmt":"2013-04-15T00:00:00","slug":"embermentok-a-veszkorszak-idejen","status":"publish","type":"post","link":"https:\/\/emlekpont.hu\/?p=6649","title":{"rendered":"Emberment\u0151k a V\u00e9szkorszak idej\u00e9n"},"content":{"rendered":"<p>Emberment\u00f5k a V\u00e9szkorszak idej\u00e9nKonferencia a holokauszt magyarorsz\u00e1gi \u00e1ldozatainak eml\u00e9knapj\u00e1n  \u00c1prilis 16-a a Holokauszt Magyarorsz\u00e1gi \u00c1ldozatainak Eml\u00e9knapja. Az Eml\u00e9kpont szervez\u00e9s\u00e9ben kedden d\u00e9lut\u00e1n k\u00e9t \u00f3r\u00e1t\u00f3l konferenci\u00e1t rendeznek a V\u00e9szkorszak emberment\u00f5ir\u00f5l a k\u00f6zgy\u00fbjtem\u00e9ny el\u00f5ad\u00f3term\u00e9ben.  2001 \u00f3ta minden \u00e9v \u00e1prilis 16-\u00e1n a holokauszt magyarorsz\u00e1gi \u00e1ldozataira eml\u00e9kez\u00fcnk. 1944-ben e napon kezd\u00f5d\u00f6tt meg a magyarorsz\u00e1gi zsid\u00f3k gett\u00f3kba k\u00e9nyszer\u00edt\u00e9se K\u00e1rp\u00e1talj\u00e1n. Az ezt k\u00f6vet\u00f5 h\u00f3napok sor\u00e1n t\u00f6bb mint n\u00e9gysz\u00e1zezer zsid\u00f3 honfit\u00e1rsunkat z\u00e1rtak gy\u00fbjt\u00f5t\u00e1borokba, majd hurcoltak el Magyarorsz\u00e1gr\u00f3l a n\u00e1ci hal\u00e1lt\u00e1borokba. Az ilyen tragikus id\u00f5k k\u00f6zepette is voltak olyan &#8222;Igaz Emberek&#8221;, akik felemelt\u00e9k hangjukat a b\u00fbn\u00f6k ellen, seg\u00edt\u00f5 kezet ny\u00fajtottak az \u00fcld\u00f6z\u00f6tteknek.  Az eml\u00e9knapon 14 \u00f3r\u00e1t\u00f3l a V\u00e9szkorszak emberment\u00f5ir\u00f5l tartanak konferenci\u00e1t az Eml\u00e9kpontban. Azokr\u00f3l, akik emberek maradtak az embertelens\u00e9gben \u00e9s ak\u00e1r saj\u00e1t \u00e9let\u00fck kock\u00e1ztat\u00e1s\u00e1val is mentett\u00e9k \u00e9s seg\u00edtett\u00e9k az \u00fcld\u00f6z\u00f6tteket: \u00e9lelemmel, hamis szem\u00e9lyi iratokkal l\u00e1tt\u00e1k el vagy \u00e9pp b\u00fajtatt\u00e1k \u00f5ket. A diplomat\u00e1k v\u00e9dleveleket bocs\u00e1tottak ki, \u00bdv\u00e9dett h\u00e1zakat\u00bd \u00e1ll\u00edtottak fel. Az \u00bdIgaz Emberek\u00bd \u00e1ldozatos tev\u00e9kenys\u00e9ge eredm\u00e9nyekk\u00e9ppen t\u00f6bb ezer honfit\u00e1rsunk menek\u00fclt meg a biztos hal\u00e1lt\u00f3l. A konferenci\u00e1t Blazovich P\u00e9ter, az Eml\u00e9kpont int\u00e9zm\u00e9nyvezet\u00f5je nyitja meg.  Az el\u00f5ad\u00e1sokon sz\u00f3 lesz a ment\u00f5kr\u00f5l \u00e9s az \u00e1ldozatokr\u00f3l, H\u00f3dmez\u00f5v\u00e1s\u00e1rhely p\u00e9ld\u00e1j\u00e1r\u00f3l, arr\u00f3l, hogy a v\u00e1ros vezet\u00e9se elszabot\u00e1lta a gett\u00f3 fel\u00e1ll\u00edt\u00e1s\u00e1t 1944-ben. A konferencia r\u00e9sztvev\u00f5i a holokauszt oktat\u00e1s\u00e1nak m\u00f3dszertan\u00e1r\u00f3l, valamint Auschwitz bomb\u00e1z\u00e1s\u00e1nak lehet\u00f5s\u00e9geir\u00f5l is hallhatnak el\u00f5ad\u00e1sokat.<\/p>\n","protected":false},"excerpt":{"rendered":"<p>Emberment\u00f5k a V\u00e9szkorszak idej\u00e9nKonferencia a holokauszt magyarorsz\u00e1gi \u00e1ldozatainak eml\u00e9knapj\u00e1n \u00c1prilis 16-a a Holokauszt Magyarorsz\u00e1gi \u00c1ldozatainak Eml\u00e9knapja. Az Eml\u00e9kpont szervez\u00e9s\u00e9ben kedden d\u00e9lut\u00e1n k\u00e9t \u00f3r\u00e1t\u00f3l konferenci\u00e1t rendeznek a V\u00e9szkorszak emberment\u00f5ir\u00f5l a k\u00f6zgy\u00fbjtem\u00e9ny el\u00f5ad\u00f3term\u00e9ben. 2001 \u00f3ta minden \u00e9v \u00e1prilis 16-\u00e1n a holokauszt magyarorsz\u00e1gi \u00e1ldozataira eml\u00e9kez\u00fcnk. 1944-ben e napon kezd\u00f5d\u00f6tt meg a magyarorsz\u00e1gi zsid\u00f3k gett\u00f3kba k\u00e9nyszer\u00edt\u00e9se K\u00e1rp\u00e1talj\u00e1n. Az ezt [&hellip;]<\/p>\n","protected":false},"author":5,"featured_media":0,"comment_status":"open","ping_status":"open","sticky":false,"template":"","format":"standard","meta":{"footnotes":""},"categories":[12,8,18],"tags":[],"_links":{"self":[{"href":"https:\/\/emlekpont.hu\/index.php?rest_route=\/wp\/v2\/posts\/6649"}],"collection":[{"href":"https:\/\/emlekpont.hu\/index.php?rest_route=\/wp\/v2\/posts"}],"about":[{"href":"https:\/\/emlekpont.hu\/index.php?rest_route=\/wp\/v2\/types\/post"}],"author":[{"embeddable":true,"href":"https:\/\/emlekpont.hu\/index.php?rest_route=\/wp\/v2\/users\/5"}],"replies":[{"embeddable":true,"href":"https:\/\/emlekpont.hu\/index.php?rest_route=%2Fwp%2Fv2%2Fcomments&post=6649"}],"version-history":[{"count":0,"href":"https:\/\/emlekpont.hu\/index.php?rest_route=\/wp\/v2\/posts\/6649\/revisions"}],"wp:attachment":[{"href":"https:\/\/emlekpont.hu\/index.php?rest_route=%2Fwp%2Fv2%2Fmedia&parent=6649"}],"wp:term":[{"taxonomy":"category","embeddable":true,"href":"https:\/\/emlekpont.hu\/index.php?rest_route=%2Fwp%2Fv2%2Fcategories&post=6649"},{"taxonomy":"post_tag","embeddable":true,"href":"https:\/\/emlekpont.hu\/index.php?rest_route=%2Fwp%2Fv2%2Ftags&post=6649"}],"curies":[{"name":"wp","href":"https:\/\/api.w.org\/{rel}","templated":true}]}}