{"id":6648,"date":"2013-04-19T00:00:00","date_gmt":"2013-04-19T00:00:00","guid":{"rendered":"http:\/\/emlekpont.hu\/?p=6648"},"modified":"2013-04-19T00:00:00","modified_gmt":"2013-04-19T00:00:00","slug":"harom-az-egyben-a-kriterion-konyvkiado-koteteinek-bemutatoja","status":"publish","type":"post","link":"https:\/\/emlekpont.hu\/?p=6648","title":{"rendered":"H\u00e1rom az egyben: a Kriterion K\u00f6nyvkiad\u00f3 k\u00f6teteinek bemutat\u00f3ja"},"content":{"rendered":"<p>H\u00e1rom az egyben: k\u00f6nyvek az rom\u00e1niai magyars\u00e1g k\u00f6zelm\u00faltj\u00e1r\u00f3lA Kriterion K\u00f6nyvkiad\u00f3 k\u00f6teteinek bemutat\u00f3ja az Eml\u00e9kpontban  H\u00e1rom, a Kriterion K\u00f6nyvkiad\u00f3 gondoz\u00e1s\u00e1ban megjelent k\u00f6tet szerz\u00f5i bemutat\u00f3j\u00e1ra v\u00e1rj\u00e1k az \u00e9rdekl\u00f5d\u00f5ket \u00e1prilis 22-\u00e9n, h\u00e9tf\u00f5n 16 \u00f3r\u00e1ra az Eml\u00e9kpontba, amelyen a rom\u00e1niai magyar k\u00f6nyvkiad\u00e1s meghat\u00e1roz\u00f3 alakja, H. Szab\u00f3 Gyula kiad\u00f3igazgat\u00f3 is r\u00e9szt vesz.  Baumgartner Bernadette: Kisebbs\u00e9g a kisebbs\u00e9gben a Szatm\u00e1r megyei n\u00e9metek a k\u00e9t vil\u00e1gh\u00e1bor\u00fa k\u00f6z\u00f6tti t\u00f6rt\u00e9net\u00e9t bemutat\u00f3 k\u00f6nyv\u00e9nek t\u00e9m\u00e1ja a mai napig dar\u00e1zsf\u00e9szeknek sz\u00e1m\u00edt. Noha a Magyarorsz\u00e1gt\u00f3l Rom\u00e1ni\u00e1hoz ker\u00fclt n\u00e9met n\u00e9pcsoportok k\u00f6z\u00f6tt messze a Szatm\u00e1r vid\u00e9ki volt a legkisebb, m\u00e9gis az \u00faj k\u00f6rnyezetben gyorsan a rom\u00e1n-n\u00e9met-magyar ellent\u00e9tes ir\u00e1ny\u00fa politikai t\u00f6rekv\u00e9sek \u00f6sszt\u00fcz\u00e9be ker\u00fclt. A k\u00f6nyv ennek a rom\u00e1n \u00e1llamban kialakult \u00faj felt\u00e9telek k\u00f6z\u00f6tt v\u00e9gbemen\u00f5 nemzeti \u00e9bred\u00e9snek az okait, szakaszait \u00e9s megnyilv\u00e1nul\u00e1si form\u00e1it mutatja be.      Az \u00fajonnan &#8222;felfedezett&#8221; P\u00e1sint \u00d6d\u00f6n (1900-1950) \u00e9lett\u00f6rt\u00e9net\u00e9t sz\u00fclet\u00e9s\u00e9nek \u00e9s hal\u00e1l\u00e1nak rejt\u00e9lye foglalja keretbe. A legenda szerint nem csup\u00e1n Bethlen Istv\u00e1n minisztereln\u00f6k szem\u00e9lyi titk\u00e1ra volt, hanem fia is &#8211; egy erd\u00e9lyi unit\u00e1rius papn\u00e9t\u00f3l sz\u00fcletett &#8222;szerelemgyereke&#8221;. N\u00f3v\u00e9 B\u00e9la t\u00f6rt\u00e9n\u00e9sz a trianoni &#8222;elsodort nemzed\u00e9k&#8221; \u00e9rdekes alakj\u00e1nak p\u00e1lyak\u00e9pet mutatja be k\u00f6nyv\u00e9ben: P\u00e1sint kiterjedt kapcsolatai \u00e9s inform\u00e1lis hat\u00f3k\u00f6rei r\u00e9v\u00e9n a &#8222;hivat\u00e1sos kisebbs\u00e9gment\u00f5k&#8221; tragikus alakja, akit bar\u00e1tai szerint az \u00c1VH hajszolt \u00f6ngyilkoss\u00e1gba.       G. M\u00e1tyus Melinda reform\u00e1tus lelk\u00e9sz a temesv\u00e1ri reform\u00e1tus egyh\u00e1zk\u00f6zs\u00e9g 1989-es forradalm\u00e1t bemutat\u00f3 k\u00f6tet\u00e9t ismerteti. A Sz\u00ednr\u00f5l sz\u00ednre c\u00edm\u00fb k\u00f6nyvr\u00f5l kider\u00fcl, T\u00f5k\u00e9s L\u00e1szl\u00f3 \u00e9rkez\u00e9sekor t\u00e9len gyakran be sem f\u00fbt\u00f6ttek a templomterembe, az \u00f6reg lelk\u00e9sz a tucatnyi h\u00edv\u00f5 sz\u00e1m\u00e1ra az irod\u00e1ban tartotta meg az istentiszteletet, ahol az \u00edr\u00f3asztal f\u00f6l\u00f6tt Nicolae Ceau\u00baescu kommunista p\u00e1rtf\u00f5titk\u00e1r k\u00e9pe f\u00fcgg\u00f6tt a falon. Ez a gy\u00fclekezet alakult \u00e1t 1989 december\u00e9re egy t\u00f6bb sz\u00e1z f\u00f5s motiv\u00e1lt k\u00f6z\u00f6ss\u00e9gg\u00e9, amely t\u00fcntet\u00f5 szolidarit\u00e1ssal \u00e1llt lelk\u00e9sze mell\u00e9 akkor is, amikor ez imm\u00e1r vesz\u00e9lyekkel j\u00e1rt, amikor m\u00e1r csak rend\u00f5rkordonok k\u00f6z\u00f6tt lehetett bejutni az istentiszteletre&#8230;      A k\u00f6tetek szerz\u00f5ivel \u00e9s H. Szab\u00f3 Gyula kiad\u00f3igazgat\u00f3val Vincze G\u00e1bor, az Eml\u00e9kpont t\u00f6rt\u00e9n\u00e9sze besz\u00e9lget h\u00e9tf\u00f5n 16 \u00f3r\u00e1t\u00f3l a kommunizmus \u00e9vtizedeit bemutat\u00f3 k\u00f6zgy\u00fbjtem\u00e9ny id\u00f5szaki ki\u00e1ll\u00edt\u00f3term\u00e9ben.<\/p>\n","protected":false},"excerpt":{"rendered":"<p>H\u00e1rom az egyben: k\u00f6nyvek az rom\u00e1niai magyars\u00e1g k\u00f6zelm\u00faltj\u00e1r\u00f3lA Kriterion K\u00f6nyvkiad\u00f3 k\u00f6teteinek bemutat\u00f3ja az Eml\u00e9kpontban H\u00e1rom, a Kriterion K\u00f6nyvkiad\u00f3 gondoz\u00e1s\u00e1ban megjelent k\u00f6tet szerz\u00f5i bemutat\u00f3j\u00e1ra v\u00e1rj\u00e1k az \u00e9rdekl\u00f5d\u00f5ket \u00e1prilis 22-\u00e9n, h\u00e9tf\u00f5n 16 \u00f3r\u00e1ra az Eml\u00e9kpontba, amelyen a rom\u00e1niai magyar k\u00f6nyvkiad\u00e1s meghat\u00e1roz\u00f3 alakja, H. Szab\u00f3 Gyula kiad\u00f3igazgat\u00f3 is r\u00e9szt vesz. Baumgartner Bernadette: Kisebbs\u00e9g a kisebbs\u00e9gben a Szatm\u00e1r megyei [&hellip;]<\/p>\n","protected":false},"author":5,"featured_media":0,"comment_status":"open","ping_status":"open","sticky":false,"template":"","format":"standard","meta":{"footnotes":""},"categories":[12,8,18],"tags":[],"_links":{"self":[{"href":"https:\/\/emlekpont.hu\/index.php?rest_route=\/wp\/v2\/posts\/6648"}],"collection":[{"href":"https:\/\/emlekpont.hu\/index.php?rest_route=\/wp\/v2\/posts"}],"about":[{"href":"https:\/\/emlekpont.hu\/index.php?rest_route=\/wp\/v2\/types\/post"}],"author":[{"embeddable":true,"href":"https:\/\/emlekpont.hu\/index.php?rest_route=\/wp\/v2\/users\/5"}],"replies":[{"embeddable":true,"href":"https:\/\/emlekpont.hu\/index.php?rest_route=%2Fwp%2Fv2%2Fcomments&post=6648"}],"version-history":[{"count":0,"href":"https:\/\/emlekpont.hu\/index.php?rest_route=\/wp\/v2\/posts\/6648\/revisions"}],"wp:attachment":[{"href":"https:\/\/emlekpont.hu\/index.php?rest_route=%2Fwp%2Fv2%2Fmedia&parent=6648"}],"wp:term":[{"taxonomy":"category","embeddable":true,"href":"https:\/\/emlekpont.hu\/index.php?rest_route=%2Fwp%2Fv2%2Fcategories&post=6648"},{"taxonomy":"post_tag","embeddable":true,"href":"https:\/\/emlekpont.hu\/index.php?rest_route=%2Fwp%2Fv2%2Ftags&post=6648"}],"curies":[{"name":"wp","href":"https:\/\/api.w.org\/{rel}","templated":true}]}}