{"id":6647,"date":"2013-04-29T00:00:00","date_gmt":"2013-04-29T00:00:00","guid":{"rendered":"http:\/\/emlekpont.hu\/?p=6647"},"modified":"2013-04-29T00:00:00","modified_gmt":"2013-04-29T00:00:00","slug":"a-vadnyugat-meghoditasa-a-sze-em-en","status":"publish","type":"post","link":"https:\/\/emlekpont.hu\/?p=6647","title":{"rendered":"A vadnyugat &#8222;megh\u00f3d\u00edt\u00e1sa&#8221; a SZE-EM-en"},"content":{"rendered":"<p>Indi\u00e1nok vs. pr\u00e9mvad\u00e1szok \u00e9s misszion\u00e1riusok A vadnyugat &#8222;megh\u00f3d\u00edt\u00e1sa&#8221; a SZE-EM-en  Az Eml\u00e9kpont t\u00f6rt\u00e9nelmi szabadegyetem\u00e9n K\u00f6k\u00e9ny Andrea, az SZTE-BTK \u00dajkori Egyetemes T\u00f6rt\u00e9neti \u00e9s Mediterr\u00e1n Tanulm\u00e1nyok Tansz\u00e9k egyetemi adjunktusa az Amerikai Egyes\u00fclt \u00c1llamok korai t\u00f6rt\u00e9net\u00e9be, a (vad)nyugati terjeszked\u00e9s id\u00f5szak\u00e1ba vezeti be hallgat\u00f3s\u00e1g\u00e1t \u00e1prilis 30-\u00e1n, kedden 17 \u00f3rakor a h\u00f3dmez\u00f5v\u00e1s\u00e1rhelyi k\u00f6zgy\u00fbjtem\u00e9nyben.  Az el\u00f5ad\u00e1s k\u00f6z\u00e9ppontj\u00e1ban az \u00e1llam megalakul\u00e1s\u00e1t\u00f3l a 19. sz\u00e1zad k\u00f6zep\u00e9ig terjed\u00f5 id\u00f5szak ter\u00fcleti terjeszked\u00e9se, a vadnyugat &#8222;megh\u00f3d\u00edt\u00e1sa&#8221; \u00e1ll. Kik voltak azok, akik \u00fatra keltek, \u00e9s milyen okokb\u00f3l? Milyen kih\u00edv\u00e1sokkal kellett megk\u00fczdeni\u00fck, milyen k\u00f6r\u00fclm\u00e9nyek k\u00f6z\u00e9 \u00e9rkeztek? Hogyan viszonyultak az adott vid\u00e9ken \u00e9l\u00f5 \u00f5slakosokhoz, hogyan alak\u00edtott\u00e1k ki k\u00f6z\u00f6ss\u00e9geiket, s hogyan v\u00e1ltak a ter\u00fcletek hivatalosan is az USA r\u00e9sz\u00e9v\u00e9?      Mikor \u00e9s hogyan lett amerikai a Mississippi nyugati v\u00edzgy\u00fbjt\u00f5 medenc\u00e9je? Mennyiben tekinthet\u00f5 a terjeszked\u00e9s el\u00f5zm\u00e9ny\u00e9nek az els\u00f5 pr\u00e9mvad\u00e1szok vagy \u00e9ppen a misszion\u00e1riusok megjelen\u00e9se? Hogyan ker\u00fclt az Egyes\u00fclt \u00c1llamokhoz az eredetileg spanyolok \u00e1ltal gyarmatos\u00edtott Florida \u00e9s Texas? Mi\u00e9rt volt fordul\u00f3pont a kaliforniai aranyl\u00e1z t\u00f6rt\u00e9nete,s mikorra val\u00f3sult meg az Egyes\u00fclt \u00c1llamok kontinent\u00e1lis hat\u00e1rainak el\u00e9r\u00e9se, az Atlanti-\u00f3ce\u00e1nt\u00f3l eg\u00e9szen a Csendes-\u00f3ce\u00e1nig? K\u00f6k\u00e9ny Andrea el\u00f5ad\u00e1s ezekre a k\u00e9rd\u00e9sekre is megpr\u00f3b\u00e1l v\u00e1laszt adni, mik\u00f6zben azt is felv\u00e1zolja, hogyan v\u00e1ltoztak meg az er\u00f5viszonyok az amerikai kontinensen, s mik\u00e9nt lett a 19. sz\u00e1zad m\u00e1sodik fel\u00e9re nagyhatalom az Amerikai Egyes\u00fclt \u00c1llamok.<\/p>\n","protected":false},"excerpt":{"rendered":"<p>Indi\u00e1nok vs. pr\u00e9mvad\u00e1szok \u00e9s misszion\u00e1riusok A vadnyugat &#8222;megh\u00f3d\u00edt\u00e1sa&#8221; a SZE-EM-en Az Eml\u00e9kpont t\u00f6rt\u00e9nelmi szabadegyetem\u00e9n K\u00f6k\u00e9ny Andrea, az SZTE-BTK \u00dajkori Egyetemes T\u00f6rt\u00e9neti \u00e9s Mediterr\u00e1n Tanulm\u00e1nyok Tansz\u00e9k egyetemi adjunktusa az Amerikai Egyes\u00fclt \u00c1llamok korai t\u00f6rt\u00e9net\u00e9be, a (vad)nyugati terjeszked\u00e9s id\u00f5szak\u00e1ba vezeti be hallgat\u00f3s\u00e1g\u00e1t \u00e1prilis 30-\u00e1n, kedden 17 \u00f3rakor a h\u00f3dmez\u00f5v\u00e1s\u00e1rhelyi k\u00f6zgy\u00fbjtem\u00e9nyben. Az el\u00f5ad\u00e1s k\u00f6z\u00e9ppontj\u00e1ban az \u00e1llam megalakul\u00e1s\u00e1t\u00f3l a [&hellip;]<\/p>\n","protected":false},"author":5,"featured_media":0,"comment_status":"open","ping_status":"open","sticky":false,"template":"","format":"standard","meta":{"footnotes":""},"categories":[12,8,18],"tags":[],"_links":{"self":[{"href":"https:\/\/emlekpont.hu\/index.php?rest_route=\/wp\/v2\/posts\/6647"}],"collection":[{"href":"https:\/\/emlekpont.hu\/index.php?rest_route=\/wp\/v2\/posts"}],"about":[{"href":"https:\/\/emlekpont.hu\/index.php?rest_route=\/wp\/v2\/types\/post"}],"author":[{"embeddable":true,"href":"https:\/\/emlekpont.hu\/index.php?rest_route=\/wp\/v2\/users\/5"}],"replies":[{"embeddable":true,"href":"https:\/\/emlekpont.hu\/index.php?rest_route=%2Fwp%2Fv2%2Fcomments&post=6647"}],"version-history":[{"count":0,"href":"https:\/\/emlekpont.hu\/index.php?rest_route=\/wp\/v2\/posts\/6647\/revisions"}],"wp:attachment":[{"href":"https:\/\/emlekpont.hu\/index.php?rest_route=%2Fwp%2Fv2%2Fmedia&parent=6647"}],"wp:term":[{"taxonomy":"category","embeddable":true,"href":"https:\/\/emlekpont.hu\/index.php?rest_route=%2Fwp%2Fv2%2Fcategories&post=6647"},{"taxonomy":"post_tag","embeddable":true,"href":"https:\/\/emlekpont.hu\/index.php?rest_route=%2Fwp%2Fv2%2Ftags&post=6647"}],"curies":[{"name":"wp","href":"https:\/\/api.w.org\/{rel}","templated":true}]}}