{"id":6646,"date":"2013-05-02T00:00:00","date_gmt":"2013-05-02T00:00:00","guid":{"rendered":"http:\/\/emlekpont.hu\/?p=6646"},"modified":"2013-05-02T00:00:00","modified_gmt":"2013-05-02T00:00:00","slug":"megmozgatta-a-fiatalokat-hezso-ferenc-kepi-vilaga","status":"publish","type":"post","link":"https:\/\/emlekpont.hu\/?p=6646","title":{"rendered":"Megmozgatta a fiatalokat H\u00e9zs\u0151 Ferenc k\u00e9pi vil\u00e1ga"},"content":{"rendered":"<p>Megmozgatta a fiatalokat H\u00e9zs\u00f5 Ferenc k\u00e9pi vil\u00e1ga K\u00f6zel m\u00e1sf\u00e9lsz\u00e1z alkot\u00e1s \u00e9rkezett az Eml\u00e9kpont felh\u00edv\u00e1s\u00e1ra  A 75 \u00e9ves H\u00e9zs\u00f5 Ferenc Munk\u00e1csy-d\u00edjas fest\u00f5m\u00fbv\u00e9sz ki\u00e1ll\u00edt\u00e1s\u00e1hoz kapcsol\u00f3d\u00f3 rajzp\u00e1ly\u00e1zatot hirdetett az Eml\u00e9kpont \u00e1ltal\u00e1nos \u00e9s k\u00f6z\u00e9piskol\u00e1s di\u00e1koknak. A be\u00e9rkezett 142 alkot\u00e1s k\u00f6z\u00fcl a szakmai zs\u00fbri v\u00e1lasztotta ki a h\u00e1rom kateg\u00f3ria gy\u00f5zteseit, de a szervez\u00f5k k\u00f6z\u00f6ns\u00e9gd\u00edjat is adom\u00e1nyoznak, amelyre az Eml\u00e9kpont Facebook oldal\u00e1n v\u00e1rj\u00e1k a like-okat. A d\u00edj\u00e1tad\u00f3ra m\u00e1jus 14-\u00e9n ker\u00fcl sor a k\u00f6zgy\u00fbjtem\u00e9ny id\u00f5szaki ki\u00e1ll\u00edt\u00f3term\u00e9ben, ahol a mester t\u00e1rlat\u00e1val egy\u00fctt tekinthetik meg az \u00e9rdekl\u00f5d\u00f5k a legjobbnak \u00edt\u00e9lt p\u00e1lyam\u00fbveket.  A rajzp\u00e1ly\u00e1zat t\u00e9m\u00e1ja a m\u00falt, a jelen \u00e9s a j\u00f6v\u00f5 \u00e1t\u00e9rtelmez\u00e9se volt a &#8222;h\u00e9zs\u00f5i vil\u00e1gon&#8221; kereszt\u00fcl. Az \u00e1ltal\u00e1nos \u00e9s k\u00f6z\u00e9piskol\u00e1s di\u00e1kok r\u00e9sz\u00e9re meghirdetett felh\u00edv\u00e1sra k\u00f6zel m\u00e1sf\u00e9lsz\u00e1z igen sz\u00ednvonalas m\u00fb \u00e9rkezett be. Nagy Imre, a Tornyai J\u00e1nos M\u00fazeum \u00e9s K\u00f6zm\u00fbvel\u00f5d\u00e9si K\u00f6zpont igazgat\u00f3ja elmondta, hogy nagyon v\u00e1ltozatos \u00e9s gazdag anyag gy\u00fblt \u00f6ssze \u00e9s a zs\u00fbri tagjait is meglepte, hogy az orsz\u00e1g m\u00e1s r\u00e9sz\u00e9r\u00f5l is \u00e9rkeztek alkot\u00e1sok. A be\u00e9rkezett m\u00fbvekben az volt az izgalmas, ahogyan a h\u00e9zs\u00f5i \u00e9letm\u00fb direkt \u00e9s nagyon \u00e1t\u00e9lt hat\u00e1sait k\u00e9pesek voltak a fiatalok \u00e1br\u00e1zolni &#8211; emelte ki a zs\u00fbri eln\u00f6ke. A d\u00edjazott, valamint a ki\u00e1ll\u00edt\u00e1sra ker\u00fcl\u00f5 alkot\u00e1sok kiv\u00e1laszt\u00e1s\u00e1ban r\u00e9szt vett Heged\u00fbsn\u00e9 D\u00e9k\u00e1ny Magdolna m\u00fbv\u00e9szeti tan\u00e1csad\u00f3, valamint H\u00e9zs\u00f5 Ferenc fest\u00f5m\u00fbv\u00e9sz is. A rangsor kialak\u00edt\u00e1sa komoly feladat volt &#8211; jegyezt\u00e9k meg v\u00e1logat\u00e1s k\u00f6zben -, ugyanis a zs\u00fbri az olyan invenci\u00f3zus munk\u00e1kat keresete, amelyekben a h\u00e9zs\u00f5i hat\u00e1sra kibontakoz\u00f3 egy\u00e9ni \u00f6tletek jelentek meg.      Az \u00f6sszes alkot\u00e1s megtekinthet\u00f5 az Eml\u00e9kpont k\u00f6z\u00f6ss\u00e9gi oldal\u00e1n, ahol m\u00e1jus 10-ig v\u00e1rj\u00e1k a l\u00e1jkokat a szervez\u00f5k a k\u00f6z\u00f6ns\u00e9g \u00e1ltal legjobbnak \u00edt\u00e9lt m\u00fb(vek)re. A rajzp\u00e1ly\u00e1zat d\u00edj\u00e1tad\u00f3ja m\u00e1jus 14-\u00e9n, kedden d\u00e9lut\u00e1n h\u00e1rom \u00f3rakor lesz a k\u00f6zgy\u00fbjtem\u00e9ny id\u00f5szaki ki\u00e1ll\u00edt\u00f3term\u00e9ben.<\/p>\n","protected":false},"excerpt":{"rendered":"<p>Megmozgatta a fiatalokat H\u00e9zs\u00f5 Ferenc k\u00e9pi vil\u00e1ga K\u00f6zel m\u00e1sf\u00e9lsz\u00e1z alkot\u00e1s \u00e9rkezett az Eml\u00e9kpont felh\u00edv\u00e1s\u00e1ra A 75 \u00e9ves H\u00e9zs\u00f5 Ferenc Munk\u00e1csy-d\u00edjas fest\u00f5m\u00fbv\u00e9sz ki\u00e1ll\u00edt\u00e1s\u00e1hoz kapcsol\u00f3d\u00f3 rajzp\u00e1ly\u00e1zatot hirdetett az Eml\u00e9kpont \u00e1ltal\u00e1nos \u00e9s k\u00f6z\u00e9piskol\u00e1s di\u00e1koknak. A be\u00e9rkezett 142 alkot\u00e1s k\u00f6z\u00fcl a szakmai zs\u00fbri v\u00e1lasztotta ki a h\u00e1rom kateg\u00f3ria gy\u00f5zteseit, de a szervez\u00f5k k\u00f6z\u00f6ns\u00e9gd\u00edjat is adom\u00e1nyoznak, amelyre az Eml\u00e9kpont Facebook [&hellip;]<\/p>\n","protected":false},"author":5,"featured_media":0,"comment_status":"open","ping_status":"open","sticky":false,"template":"","format":"standard","meta":{"footnotes":""},"categories":[12,8,18],"tags":[],"_links":{"self":[{"href":"https:\/\/emlekpont.hu\/index.php?rest_route=\/wp\/v2\/posts\/6646"}],"collection":[{"href":"https:\/\/emlekpont.hu\/index.php?rest_route=\/wp\/v2\/posts"}],"about":[{"href":"https:\/\/emlekpont.hu\/index.php?rest_route=\/wp\/v2\/types\/post"}],"author":[{"embeddable":true,"href":"https:\/\/emlekpont.hu\/index.php?rest_route=\/wp\/v2\/users\/5"}],"replies":[{"embeddable":true,"href":"https:\/\/emlekpont.hu\/index.php?rest_route=%2Fwp%2Fv2%2Fcomments&post=6646"}],"version-history":[{"count":0,"href":"https:\/\/emlekpont.hu\/index.php?rest_route=\/wp\/v2\/posts\/6646\/revisions"}],"wp:attachment":[{"href":"https:\/\/emlekpont.hu\/index.php?rest_route=%2Fwp%2Fv2%2Fmedia&parent=6646"}],"wp:term":[{"taxonomy":"category","embeddable":true,"href":"https:\/\/emlekpont.hu\/index.php?rest_route=%2Fwp%2Fv2%2Fcategories&post=6646"},{"taxonomy":"post_tag","embeddable":true,"href":"https:\/\/emlekpont.hu\/index.php?rest_route=%2Fwp%2Fv2%2Ftags&post=6646"}],"curies":[{"name":"wp","href":"https:\/\/api.w.org\/{rel}","templated":true}]}}