{"id":6645,"date":"2013-05-03T00:00:00","date_gmt":"2013-05-03T00:00:00","guid":{"rendered":"http:\/\/emlekpont.hu\/?p=6645"},"modified":"2013-05-03T00:00:00","modified_gmt":"2013-05-03T00:00:00","slug":"rajzfilmunnep-hodmezovasarhelyen","status":"publish","type":"post","link":"https:\/\/emlekpont.hu\/?p=6645","title":{"rendered":"Rajzfilm\u00fcnnep H\u00f3dmez\u0151v\u00e1s\u00e1rhelyen"},"content":{"rendered":"<p>Rajzfilm\u00fcnnep H\u00f3dmez\u00f5v\u00e1s\u00e1rhelyenJ\u00f6v\u00f5 vas\u00e1rnap magyar rajzfilmek d\u00f6mpingje az Eml\u00e9kpontban  Harmadszor rendezi meg az Orsz\u00e1gos Rajzfilm\u00fcnnepet a KEDD, Magyarorsz\u00e1g egyik legsikeresebb anim\u00e1ci\u00f3s m\u00fbhelye az AEGON Magyarorsz\u00e1g Zrt. t\u00e1mogat\u00e1s\u00e1val. A programsorozathoz 37 hazai telep\u00fcl\u00e9s csatlakozott, k\u00f6zel 70 helysz\u00ednnel, k\u00f6zt\u00fck H\u00f3dmez\u00f5v\u00e1s\u00e1rhely v\u00e1rosa is. M\u00e1jus 12-\u00e9n, vas\u00e1rnap d\u00e9lel\u00f5tt az Eml\u00e9kpontba v\u00e1rj\u00e1k a gyerekeket \u00e9s a klasszikus magyar rajzfilmek kedvel\u00f5it.  Az Orsz\u00e1gos Rajzfilm\u00fcnnep helysz\u00ednein &#8211; k\u00f6zt\u00fck a moziv\u00e1 alakul\u00f3 Eml\u00e9kpont el\u00f5ad\u00f3term\u00e9ben &#8211; az elm\u00falt t\u00f6bb mint f\u00e9l \u00e9vsz\u00e1zad m\u00e1ig rendk\u00edv\u00fcl n\u00e9pszer\u00fb magyar rajzfilmjeib\u00f5l (Pom Pom, Kukori \u00e9s Kotkoda, Frakk, V\u00edzip\u00f3k-csodap\u00f3k \u00e9s Dr. Bub\u00f3 mes\u00e9i k\u00f6z\u00fcl) v\u00e1laszthatnak az \u00e9rdekl\u00f5d\u00f5k. A vet\u00edt\u00e9sek alatt a gyerekek illusztr\u00e1ci\u00f3kat k\u00e9sz\u00edthetnek a mes\u00e9khez, ezekb\u00f5l ki\u00e1ll\u00edt\u00e1st rendeznek a helysz\u00ednen, \u00e9s a rajzok k\u00e9sz\u00edt\u00f5it jutalmazz\u00e1k is! Az AEGON Magyarorsz\u00e1g pedig mese\u00edr\u00f3 \u00e9s rajzp\u00e1ly\u00e1zatot hirdet a gyerekeknek.      Tov\u00e1bbi inform\u00e1ci\u00f3k \u00e9s programok: http:\/\/www.rajzfilmunnep.hu<\/p>\n","protected":false},"excerpt":{"rendered":"<p>Rajzfilm\u00fcnnep H\u00f3dmez\u00f5v\u00e1s\u00e1rhelyenJ\u00f6v\u00f5 vas\u00e1rnap magyar rajzfilmek d\u00f6mpingje az Eml\u00e9kpontban Harmadszor rendezi meg az Orsz\u00e1gos Rajzfilm\u00fcnnepet a KEDD, Magyarorsz\u00e1g egyik legsikeresebb anim\u00e1ci\u00f3s m\u00fbhelye az AEGON Magyarorsz\u00e1g Zrt. t\u00e1mogat\u00e1s\u00e1val. A programsorozathoz 37 hazai telep\u00fcl\u00e9s csatlakozott, k\u00f6zel 70 helysz\u00ednnel, k\u00f6zt\u00fck H\u00f3dmez\u00f5v\u00e1s\u00e1rhely v\u00e1rosa is. M\u00e1jus 12-\u00e9n, vas\u00e1rnap d\u00e9lel\u00f5tt az Eml\u00e9kpontba v\u00e1rj\u00e1k a gyerekeket \u00e9s a klasszikus magyar rajzfilmek kedvel\u00f5it. Az [&hellip;]<\/p>\n","protected":false},"author":5,"featured_media":0,"comment_status":"open","ping_status":"open","sticky":false,"template":"","format":"standard","meta":{"footnotes":""},"categories":[12,8,18],"tags":[],"_links":{"self":[{"href":"https:\/\/emlekpont.hu\/index.php?rest_route=\/wp\/v2\/posts\/6645"}],"collection":[{"href":"https:\/\/emlekpont.hu\/index.php?rest_route=\/wp\/v2\/posts"}],"about":[{"href":"https:\/\/emlekpont.hu\/index.php?rest_route=\/wp\/v2\/types\/post"}],"author":[{"embeddable":true,"href":"https:\/\/emlekpont.hu\/index.php?rest_route=\/wp\/v2\/users\/5"}],"replies":[{"embeddable":true,"href":"https:\/\/emlekpont.hu\/index.php?rest_route=%2Fwp%2Fv2%2Fcomments&post=6645"}],"version-history":[{"count":0,"href":"https:\/\/emlekpont.hu\/index.php?rest_route=\/wp\/v2\/posts\/6645\/revisions"}],"wp:attachment":[{"href":"https:\/\/emlekpont.hu\/index.php?rest_route=%2Fwp%2Fv2%2Fmedia&parent=6645"}],"wp:term":[{"taxonomy":"category","embeddable":true,"href":"https:\/\/emlekpont.hu\/index.php?rest_route=%2Fwp%2Fv2%2Fcategories&post=6645"},{"taxonomy":"post_tag","embeddable":true,"href":"https:\/\/emlekpont.hu\/index.php?rest_route=%2Fwp%2Fv2%2Ftags&post=6645"}],"curies":[{"name":"wp","href":"https:\/\/api.w.org\/{rel}","templated":true}]}}