{"id":6644,"date":"2013-05-06T00:00:00","date_gmt":"2013-05-06T00:00:00","guid":{"rendered":"http:\/\/emlekpont.hu\/?p=6644"},"modified":"2013-05-06T00:00:00","modified_gmt":"2013-05-06T00:00:00","slug":"a-balkan-ekszerdoboza-montenegro","status":"publish","type":"post","link":"https:\/\/emlekpont.hu\/?p=6644","title":{"rendered":"A Balk\u00e1n \u00e9kszerdoboza: Montenegr\u00f3"},"content":{"rendered":"<p>A Balk\u00e1n \u00e9kszerdoboza: Montenegr\u00f3Virtu\u00e1lis t\u00fara a Fekete-hegyek k\u00f6z\u00e9  V\u00e1s\u00e1rhely ismert kir\u00e1ndul\u00e1sszervez\u00f5je, Farkas Ferenc k\u00f6z\u00e9piskolai tan\u00e1r vezet\u00e9s\u00e9vel m\u00e1jus 9-\u00e9n, cs\u00fct\u00f6rt\u00f6k\u00f6n d\u00e9lut\u00e1n 5 \u00f3rai, az Eml\u00e9kpontb\u00f3l t\u00f6rt\u00e9n\u00f5 indul\u00e1ssal virtu\u00e1lis t\u00far\u00e1ra v\u00e1rj\u00e1k az \u00e9rdekl\u00f5d\u00f5ket a Balk\u00e1n \u00e9kszerdoboz\u00e1ba, Montenegr\u00f3ba.  A vet\u00edt\u00e9ssel sz\u00ednes\u00edtett \u00fatibesz\u00e1mol\u00f3 r\u00e9sztvev\u00f5i &#8211; a k\u00f6zgy\u00fbjtem\u00e9ny karossz\u00e9k\u00e9ben \u00fclve &#8211; m\u00e1szhatj\u00e1k meg a Din\u00e1ri-hegys\u00e9g csod\u00e1s cs\u00facsait, a Durmitort \u00e9s a Lovcent, majd leereszkedhetnek az Adria legszebb vid\u00e9k\u00e9re, a Kotori-\u00f6b\u00f6lbe, valamint v\u00e9gigj\u00e1rhatj\u00e1k Crna Gora \u00f5si \u00e9s leny\u00fbg\u00f6z\u00f5 v\u00e1rosait, Budv\u00e1t, Bart \u00e9s Cetinj\u00e9t, illetve a doll\u00e1rmilliomosok kedvelt \u00fcd\u00fcl\u00f5j\u00e9t Sveti Stefant.<\/p>\n","protected":false},"excerpt":{"rendered":"<p>A Balk\u00e1n \u00e9kszerdoboza: Montenegr\u00f3Virtu\u00e1lis t\u00fara a Fekete-hegyek k\u00f6z\u00e9 V\u00e1s\u00e1rhely ismert kir\u00e1ndul\u00e1sszervez\u00f5je, Farkas Ferenc k\u00f6z\u00e9piskolai tan\u00e1r vezet\u00e9s\u00e9vel m\u00e1jus 9-\u00e9n, cs\u00fct\u00f6rt\u00f6k\u00f6n d\u00e9lut\u00e1n 5 \u00f3rai, az Eml\u00e9kpontb\u00f3l t\u00f6rt\u00e9n\u00f5 indul\u00e1ssal virtu\u00e1lis t\u00far\u00e1ra v\u00e1rj\u00e1k az \u00e9rdekl\u00f5d\u00f5ket a Balk\u00e1n \u00e9kszerdoboz\u00e1ba, Montenegr\u00f3ba. A vet\u00edt\u00e9ssel sz\u00ednes\u00edtett \u00fatibesz\u00e1mol\u00f3 r\u00e9sztvev\u00f5i &#8211; a k\u00f6zgy\u00fbjtem\u00e9ny karossz\u00e9k\u00e9ben \u00fclve &#8211; m\u00e1szhatj\u00e1k meg a Din\u00e1ri-hegys\u00e9g csod\u00e1s cs\u00facsait, a Durmitort \u00e9s [&hellip;]<\/p>\n","protected":false},"author":5,"featured_media":0,"comment_status":"open","ping_status":"open","sticky":false,"template":"","format":"standard","meta":{"footnotes":""},"categories":[12,8,18],"tags":[],"_links":{"self":[{"href":"https:\/\/emlekpont.hu\/index.php?rest_route=\/wp\/v2\/posts\/6644"}],"collection":[{"href":"https:\/\/emlekpont.hu\/index.php?rest_route=\/wp\/v2\/posts"}],"about":[{"href":"https:\/\/emlekpont.hu\/index.php?rest_route=\/wp\/v2\/types\/post"}],"author":[{"embeddable":true,"href":"https:\/\/emlekpont.hu\/index.php?rest_route=\/wp\/v2\/users\/5"}],"replies":[{"embeddable":true,"href":"https:\/\/emlekpont.hu\/index.php?rest_route=%2Fwp%2Fv2%2Fcomments&post=6644"}],"version-history":[{"count":0,"href":"https:\/\/emlekpont.hu\/index.php?rest_route=\/wp\/v2\/posts\/6644\/revisions"}],"wp:attachment":[{"href":"https:\/\/emlekpont.hu\/index.php?rest_route=%2Fwp%2Fv2%2Fmedia&parent=6644"}],"wp:term":[{"taxonomy":"category","embeddable":true,"href":"https:\/\/emlekpont.hu\/index.php?rest_route=%2Fwp%2Fv2%2Fcategories&post=6644"},{"taxonomy":"post_tag","embeddable":true,"href":"https:\/\/emlekpont.hu\/index.php?rest_route=%2Fwp%2Fv2%2Ftags&post=6644"}],"curies":[{"name":"wp","href":"https:\/\/api.w.org\/{rel}","templated":true}]}}