{"id":6643,"date":"2013-05-08T00:00:00","date_gmt":"2013-05-08T00:00:00","guid":{"rendered":"http:\/\/emlekpont.hu\/?p=6643"},"modified":"2013-05-08T00:00:00","modified_gmt":"2013-05-08T00:00:00","slug":"hezso-75-meghosszabbitva-latogathato-az-emlekpont-kiallitasa","status":"publish","type":"post","link":"https:\/\/emlekpont.hu\/?p=6643","title":{"rendered":"H\u00e9zs\u0151 75 &#8211; meghosszabb\u00edtva l\u00e1togathat\u00f3 az Eml\u00e9kpont ki\u00e1ll\u00edt\u00e1sa"},"content":{"rendered":"<p>H\u00e9zs\u00f5 75 &#8211; meghosszabb\u00edtva l\u00e1togathat\u00f3 az Eml\u00e9kpont ki\u00e1ll\u00edt\u00e1saM\u00e9g lehet szavazni a H\u00e9zs\u00f5-rajzp\u00e1ly\u00e1zat p\u00e1lyamunk\u00e1ira  M\u00e1jus 15-ig meghosszabb\u00edtva l\u00e1togathat\u00f3 H\u00e9zs\u00f5 Ferenc fest\u00f5m\u00fbv\u00e9sz jubileumi ki\u00e1ll\u00edt\u00e1sa az Eml\u00e9kpontban. A Munk\u00e1csy-d\u00edjas mester saj\u00e1tos k\u00e9pi vil\u00e1g\u00fa alkot\u00e1sait, az azok ihlette rajzp\u00e1ly\u00e1zat legjobbjaival egy\u00fctt tekinthetik meg az \u00e9rdekl\u00f5d\u00f5k a v\u00e1s\u00e1rhelyi k\u00f6zgy\u00fbjtem\u00e9nyben. A h\u00e9zs\u00f5i hat\u00e1sra kibontakoz\u00f3 p\u00e1lyamunk\u00e1k k\u00f6z\u00f6tt k\u00f6z\u00f6ns\u00e9gd\u00edjat is hirdetnek a szervez\u00f5k, amelyre az Eml\u00e9kpont Facebook oldal\u00e1n v\u00e1rj\u00e1k a like-okat.  Az Eml\u00e9kpont H\u00e9zs\u00f5 Ferenc munk\u00e1ss\u00e1ga el\u00f5tt tisztelg\u00f5 id\u00f5szaki ki\u00e1ll\u00edt\u00e1s\u00e1n a falakra ker\u00fcltek a fiatal m\u00fbv\u00e9sz els\u00f5, saj\u00e1tos k\u00f6r\u00fclm\u00e9nyek k\u00f6z\u00f6tt bez\u00e1rt ki\u00e1ll\u00edtat\u00e1s\u00e1n szerepelt m\u00fbvei is. A hatvanas-hetvenes \u00e9vekben k\u00e9sz\u00fclt alkot\u00e1sok a pusztul\u00e1sra \u00edt\u00e9lt tanyavil\u00e1got, a k\u00fcls\u00f5 k\u00e9nyszerek hat\u00e1s\u00e1ra megv\u00e1ltozott tanyai \u00e9letform\u00e1t jelen\u00edtik meg. H\u00e9zs\u00f5 m\u00fbv\u00e9szet\u00e9ben saj\u00e1tos szimb\u00f3lumrendszert teremtett, mellyel   saj\u00e1t elmond\u00e1sa szerint   \u00bdpof\u00e1n akarja v\u00e1gni\u00bd k\u00e9pei n\u00e9z\u00f5it. Munk\u00e1ss\u00e1g\u00e1t t\u00f6bb d\u00edjjal, t\u00f6bbek k\u00f6z\u00f6tt Tornyai-plakettel \u00e9s Munk\u00e1csy-d\u00edjjal is elismert\u00e9k.       K\u00f6zel m\u00e1sf\u00e9lsz\u00e1z p\u00e1lyamunk\u00e1t adtak be  A ki\u00e1ll\u00edt\u00e1s\u00e1hoz kapcsol\u00f3d\u00f3an rajzp\u00e1ly\u00e1zatot hirdetett az Eml\u00e9kpont \u00e1ltal\u00e1nos \u00e9s k\u00f6z\u00e9piskol\u00e1s di\u00e1koknak. A be\u00e9rkezett k\u00f6zel m\u00e1sf\u00e9lsz\u00e1z alkot\u00e1s k\u00f6z\u00fcl a szakmai zs\u00fbri v\u00e1lasztotta ki a h\u00e1rom kateg\u00f3ria gy\u00f5zteseit, a gr\u00e9mium invenci\u00f3zus munk\u00e1kat keresett, amelyekben a h\u00e9zs\u00f5i hat\u00e1sra kibontakoz\u00f3 egy\u00e9ni \u00f6tletek jelentek meg. Az \u00f6sszes alkot\u00e1s megtekinthet\u00f5 az Eml\u00e9kpont k\u00f6z\u00f6ss\u00e9gi oldal\u00e1n, ahol m\u00e1jus 10-ig v\u00e1rj\u00e1k a l\u00e1jkokat a szervez\u00f5k a k\u00f6z\u00f6ns\u00e9g \u00e1ltal legjobbnak \u00edt\u00e9lt m\u00fb(vek)re. A rajzp\u00e1ly\u00e1zat d\u00edj\u00e1tad\u00f3ja m\u00e1jus 14-\u00e9n, kedden d\u00e9lut\u00e1n h\u00e1rom \u00f3rakor lesz a k\u00f6zgy\u00fbjtem\u00e9ny id\u00f5szaki ki\u00e1ll\u00edt\u00f3term\u00e9ben.<\/p>\n","protected":false},"excerpt":{"rendered":"<p>H\u00e9zs\u00f5 75 &#8211; meghosszabb\u00edtva l\u00e1togathat\u00f3 az Eml\u00e9kpont ki\u00e1ll\u00edt\u00e1saM\u00e9g lehet szavazni a H\u00e9zs\u00f5-rajzp\u00e1ly\u00e1zat p\u00e1lyamunk\u00e1ira M\u00e1jus 15-ig meghosszabb\u00edtva l\u00e1togathat\u00f3 H\u00e9zs\u00f5 Ferenc fest\u00f5m\u00fbv\u00e9sz jubileumi ki\u00e1ll\u00edt\u00e1sa az Eml\u00e9kpontban. A Munk\u00e1csy-d\u00edjas mester saj\u00e1tos k\u00e9pi vil\u00e1g\u00fa alkot\u00e1sait, az azok ihlette rajzp\u00e1ly\u00e1zat legjobbjaival egy\u00fctt tekinthetik meg az \u00e9rdekl\u00f5d\u00f5k a v\u00e1s\u00e1rhelyi k\u00f6zgy\u00fbjtem\u00e9nyben. A h\u00e9zs\u00f5i hat\u00e1sra kibontakoz\u00f3 p\u00e1lyamunk\u00e1k k\u00f6z\u00f6tt k\u00f6z\u00f6ns\u00e9gd\u00edjat is hirdetnek a szervez\u00f5k, [&hellip;]<\/p>\n","protected":false},"author":5,"featured_media":0,"comment_status":"open","ping_status":"open","sticky":false,"template":"","format":"standard","meta":{"footnotes":""},"categories":[12,8,18],"tags":[],"_links":{"self":[{"href":"https:\/\/emlekpont.hu\/index.php?rest_route=\/wp\/v2\/posts\/6643"}],"collection":[{"href":"https:\/\/emlekpont.hu\/index.php?rest_route=\/wp\/v2\/posts"}],"about":[{"href":"https:\/\/emlekpont.hu\/index.php?rest_route=\/wp\/v2\/types\/post"}],"author":[{"embeddable":true,"href":"https:\/\/emlekpont.hu\/index.php?rest_route=\/wp\/v2\/users\/5"}],"replies":[{"embeddable":true,"href":"https:\/\/emlekpont.hu\/index.php?rest_route=%2Fwp%2Fv2%2Fcomments&post=6643"}],"version-history":[{"count":0,"href":"https:\/\/emlekpont.hu\/index.php?rest_route=\/wp\/v2\/posts\/6643\/revisions"}],"wp:attachment":[{"href":"https:\/\/emlekpont.hu\/index.php?rest_route=%2Fwp%2Fv2%2Fmedia&parent=6643"}],"wp:term":[{"taxonomy":"category","embeddable":true,"href":"https:\/\/emlekpont.hu\/index.php?rest_route=%2Fwp%2Fv2%2Fcategories&post=6643"},{"taxonomy":"post_tag","embeddable":true,"href":"https:\/\/emlekpont.hu\/index.php?rest_route=%2Fwp%2Fv2%2Ftags&post=6643"}],"curies":[{"name":"wp","href":"https:\/\/api.w.org\/{rel}","templated":true}]}}