{"id":6642,"date":"2013-05-09T00:00:00","date_gmt":"2013-05-09T00:00:00","guid":{"rendered":"http:\/\/emlekpont.hu\/?p=6642"},"modified":"2013-05-09T00:00:00","modified_gmt":"2013-05-09T00:00:00","slug":"karosszekben-ulve-jartak-vegig-montenegro-videkeit","status":"publish","type":"post","link":"https:\/\/emlekpont.hu\/?p=6642","title":{"rendered":"Karossz\u00e9kben \u00fclve j\u00e1rt\u00e1k v\u00e9gig Montenegr\u00f3 vid\u00e9keit"},"content":{"rendered":"<p>Karossz\u00e9kben \u00fclve j\u00e1rt\u00e1k v\u00e9gig Montenegr\u00f3 vid\u00e9keit  &#8222;Kir\u00e1ndul\u00f3kkal&#8221; telt meg a v\u00e1s\u00e1rhelyi Eml\u00e9kpont Konferenciaterme m\u00e1jus 9-\u00e9n d\u00e9lut\u00e1n, ugyanis Farkas Ferenc t\u00f6rt\u00e9nelemtan\u00e1r, idegenvezet\u00f5, turisztikai menedzser virtu\u00e1lisan mutatta be az \u00e9rdekl\u00f5d\u00f5knek a balk\u00e1ni \u00e1llamot.  &#8211; A cs\u00fct\u00f6rt\u00f6ki kir\u00e1ndul\u00e1s virtu\u00e1lis, ugyanis k\u00e9pekkel \u00e9s k\u00f6nyvekkel mutatom be az \u00e1llamot, tulajdonk\u00e9ppen egy k\u00e9pzeletbeli utaz\u00e1son vesznek r\u00e9szt a megjelentek &#8211; mondta h\u00edrport\u00e1lunknak Farkas Ferenc. &#8211; Montenegr\u00f3 a legkedveltebb t\u00e1jaim k\u00f6z\u00e9 tartozik, szem\u00e9lyes k\u00f6t\u00f5d\u00e9sem is van hozz\u00e1, ugyanis az els\u00f5 vil\u00e1gh\u00e1bor\u00fa idej\u00e9n a nagyap\u00e1m itt szolg\u00e1lt, \u00e9s el\u00f5szeretettel sz\u00f3rakoztatott azokkal a t\u00f6rt\u00e9netekkel, amelyeket ott \u00e9lt \u00e1t- tette hozz\u00e1.  A d\u00e9lut\u00e1n folyam\u00e1n t\u00f6bbek k\u00f6z\u00f6tt kider\u00fclt, hogy a Montenegr\u00f3 elnevez\u00e9s&#8221;fekete hegyeket&#8221;,  &#8222;fekete hegyek orsz\u00e1g\u00e1t&#8221; jelent. A virtu\u00e1lis kir\u00e1ndul\u00e1son az \u00e1llam egyik vid\u00e9ke, a sokak \u00e1ltal \u00bda vil\u00e1g legszebb \u00f6bl\u00e9nek\u00bd tartott Kotori-\u00f6b\u00f6l ker\u00fclt a k\u00f6z\u00e9ppontba.  &#8211; A Kotori-\u00f6b\u00f6l eset\u00e9ben dr\u00e1mai sz\u00e9ps\u00e9gr\u00f5l besz\u00e9lhet\u00fcnk, ezen a helyen a tenger \u00e9s a magas hegyek tal\u00e1lkoznak. K\u00fcl\u00f6nleges l\u00e9lektani hat\u00e1ssal b\u00edr, amikor az ember els\u00f5 alkalommal tekinti meg, csak arra gondol: &#8222;ez hi\u00e1nyzott az \u00e9letemb\u00f5l&#8221; &#8211; z\u00e1rta mondand\u00f3j\u00e1t Farkas Ferenc.  Forr\u00e1s: Promen\u00e1d.hu &#8211; a vid\u00e9k h\u00edrport\u00e1lja<\/p>\n","protected":false},"excerpt":{"rendered":"<p>Karossz\u00e9kben \u00fclve j\u00e1rt\u00e1k v\u00e9gig Montenegr\u00f3 vid\u00e9keit &#8222;Kir\u00e1ndul\u00f3kkal&#8221; telt meg a v\u00e1s\u00e1rhelyi Eml\u00e9kpont Konferenciaterme m\u00e1jus 9-\u00e9n d\u00e9lut\u00e1n, ugyanis Farkas Ferenc t\u00f6rt\u00e9nelemtan\u00e1r, idegenvezet\u00f5, turisztikai menedzser virtu\u00e1lisan mutatta be az \u00e9rdekl\u00f5d\u00f5knek a balk\u00e1ni \u00e1llamot. &#8211; A cs\u00fct\u00f6rt\u00f6ki kir\u00e1ndul\u00e1s virtu\u00e1lis, ugyanis k\u00e9pekkel \u00e9s k\u00f6nyvekkel mutatom be az \u00e1llamot, tulajdonk\u00e9ppen egy k\u00e9pzeletbeli utaz\u00e1son vesznek r\u00e9szt a megjelentek &#8211; mondta h\u00edrport\u00e1lunknak [&hellip;]<\/p>\n","protected":false},"author":5,"featured_media":0,"comment_status":"open","ping_status":"open","sticky":false,"template":"","format":"standard","meta":{"footnotes":""},"categories":[12,8,18],"tags":[],"_links":{"self":[{"href":"https:\/\/emlekpont.hu\/index.php?rest_route=\/wp\/v2\/posts\/6642"}],"collection":[{"href":"https:\/\/emlekpont.hu\/index.php?rest_route=\/wp\/v2\/posts"}],"about":[{"href":"https:\/\/emlekpont.hu\/index.php?rest_route=\/wp\/v2\/types\/post"}],"author":[{"embeddable":true,"href":"https:\/\/emlekpont.hu\/index.php?rest_route=\/wp\/v2\/users\/5"}],"replies":[{"embeddable":true,"href":"https:\/\/emlekpont.hu\/index.php?rest_route=%2Fwp%2Fv2%2Fcomments&post=6642"}],"version-history":[{"count":0,"href":"https:\/\/emlekpont.hu\/index.php?rest_route=\/wp\/v2\/posts\/6642\/revisions"}],"wp:attachment":[{"href":"https:\/\/emlekpont.hu\/index.php?rest_route=%2Fwp%2Fv2%2Fmedia&parent=6642"}],"wp:term":[{"taxonomy":"category","embeddable":true,"href":"https:\/\/emlekpont.hu\/index.php?rest_route=%2Fwp%2Fv2%2Fcategories&post=6642"},{"taxonomy":"post_tag","embeddable":true,"href":"https:\/\/emlekpont.hu\/index.php?rest_route=%2Fwp%2Fv2%2Ftags&post=6642"}],"curies":[{"name":"wp","href":"https:\/\/api.w.org\/{rel}","templated":true}]}}