{"id":6641,"date":"2013-05-10T00:00:00","date_gmt":"2013-05-10T00:00:00","guid":{"rendered":"http:\/\/emlekpont.hu\/?p=6641"},"modified":"2013-05-10T00:00:00","modified_gmt":"2013-05-10T00:00:00","slug":"blazovich-peter-tavozott-az-emlekpont-elerol","status":"publish","type":"post","link":"https:\/\/emlekpont.hu\/?p=6641","title":{"rendered":"Blazovich P\u00e9ter t\u00e1vozott az Eml\u00e9kpont \u00e9l\u00e9r\u0151l"},"content":{"rendered":"<p>Blazovich P\u00e9ter t\u00e1vozott az Eml\u00e9kpont \u00e9l\u00e9r\u00f5l  Blazovich P\u00e9ter 3 \u00e9v \u00e9s 1 h\u00f3nap ut\u00e1n t\u00e1vozott a v\u00e1s\u00e1rhelyi Eml\u00e9kpont \u00e9l\u00e9r\u00f5l, k\u00e9relm\u00e9re, k\u00f6z\u00f6s megegyez\u00e9ssel bontottak szerz\u00f5d\u00e9st &#8211; \u00edrta meg a D\u00e9lvil\u00e1g napilap. A volt int\u00e9zm\u00e9nyvezet\u00f5 a szegedi SZTE S\u00e1gv\u00e1ri Endre Gyakorl\u00f3 Gimn\u00e1ziumban folytatja tan\u00e1ri p\u00e1lyafut\u00e1s\u00e1t.  &#8211; A h\u00edr igaz, m\u00e1r nem \u00e9n vagyok az Eml\u00e9kpont igazgat\u00f3ja &#8211; k\u00f6z\u00f6lte a D\u00e9lvil\u00e1g napilap megkeres\u00e9s\u00e9re Blazovich P\u00e9ter. &#8211; A szerz\u00f5d\u00e9st \u00e1prilis 30-\u00e1val az \u00e9n k\u00e9r\u00e9semre, k\u00f6z\u00f6s megegyez\u00e9ssel bontottuk fel. Az vezet\u00f5i poz\u00edci\u00f3ban elt\u00f6lt\u00f6tt 3 \u00e9v 1 h\u00f3nap sz\u00e9p \u00e9s eredm\u00e9nyes volt.  Blazovich m\u00e9g elmondta: amikor felk\u00e9rt\u00e9k \u00e9s elv\u00e1llalta a tiszts\u00e9get, akkor is k\u00e9rd\u00e9sek fogalmaz\u00f3dtak meg benne, hogy a pedag\u00f3gusi p\u00e1ly\u00e1t &#8211; a S\u00e1gv\u00e1ri Endre Gyakorl\u00f3 Gimn\u00e1ziumban tan\u00edt &#8211; \u00e9s az Eml\u00e9kpont vezet\u00e9s\u00e9t mik\u00e9nt tudja \u00f6sszeegyeztetni, hiszen mindkett\u00f5 teljes embert k\u00edv\u00e1n. Viszont ut\u00f3bbi nagy szakmai kih\u00edv\u00e1snak sz\u00e1m\u00edtott. Eddig siker\u00fclt, \u00e9s \u00e9ppen az\u00e9rt d\u00f6nt\u00f6tt a szerz\u00f5d\u00e9sbont\u00e1s mellett, mert k\u00e9t munkahelyi elfoglalts\u00e1ga mellett nem jutott ideje semmire \u00e9s senkire, a csal\u00e1dj\u00e1ra sem. A volt int\u00e9zm\u00e9nyvezet\u00f5 elmondta, folytatni szeretn\u00e9 a kutat\u00f3munk\u00e1j\u00e1t, \u00e9s a m\u00e1r kor\u00e1bban megkezdett PhD k\u00e9pz\u00e9s\u00e9t szeretn\u00e9 befejezni.  &#8211; Az eltelt h\u00e1rom esztend\u00f5t hasznosnak, eredm\u00e9nyesnek \u00edt\u00e9lem, kialakult a m\u00fazeum h\u00e1rom f\u00f5 profilja: az alap, a kommunizmus 40 \u00e9v\u00e9t bemutat\u00f3 ki\u00e1ll\u00edt\u00e1son t\u00fal az Eml\u00e9kpont bekapcsol\u00f3dott a v\u00e1rosi oktat\u00e1sba, valamint a kutat\u00e1sokra alapul\u00f3, azokat kieg\u00e9sz\u00edt\u00f5 id\u00f5szaki ki\u00e1ll\u00edt\u00e1saink is nagy sikert arattak &#8211; ezek k\u00f6z\u00fcl kiemelkedett a rendszerv\u00e1lt\u00e1sr\u00f3l \u00e9s a megfigyelt m\u00fbv\u00e9szekr\u00f5l sz\u00f3l\u00f3. \u00c9vr\u00f5l \u00e9vre n\u00f5tt a l\u00e1togatotts\u00e1gunk. Folyik a munka, az int\u00e9zm\u00e9ny elindult egy p\u00e1ly\u00e1n &#8211; mondta el Blazovich P\u00e9ter.  Az Eml\u00e9kpont a Tornyai J\u00e1nos M\u00fazeum \u00e9s K\u00f6zm\u00fbvel\u00f5d\u00e9si K\u00f6zpont int\u00e9zm\u00e9nyrendszer\u00e9nek r\u00e9sze. Az \u00faj vezet\u00f5t Nagy Imre m\u00fazeumigazgat\u00f3 nevezi ki p\u00e1ly\u00e1ztat\u00e1st k\u00f6vet\u00f5en, amely jelenleg folyamatban van. Addig is az int\u00e9zm\u00e9ny szakmai munk\u00e1ja nem szenved t\u00f6r\u00e9st.   Forr\u00e1s: D\u00e9lvil\u00e1g napilap<\/p>\n","protected":false},"excerpt":{"rendered":"<p>Blazovich P\u00e9ter t\u00e1vozott az Eml\u00e9kpont \u00e9l\u00e9r\u00f5l Blazovich P\u00e9ter 3 \u00e9v \u00e9s 1 h\u00f3nap ut\u00e1n t\u00e1vozott a v\u00e1s\u00e1rhelyi Eml\u00e9kpont \u00e9l\u00e9r\u00f5l, k\u00e9relm\u00e9re, k\u00f6z\u00f6s megegyez\u00e9ssel bontottak szerz\u00f5d\u00e9st &#8211; \u00edrta meg a D\u00e9lvil\u00e1g napilap. A volt int\u00e9zm\u00e9nyvezet\u00f5 a szegedi SZTE S\u00e1gv\u00e1ri Endre Gyakorl\u00f3 Gimn\u00e1ziumban folytatja tan\u00e1ri p\u00e1lyafut\u00e1s\u00e1t. &#8211; A h\u00edr igaz, m\u00e1r nem \u00e9n vagyok az Eml\u00e9kpont igazgat\u00f3ja &#8211; [&hellip;]<\/p>\n","protected":false},"author":5,"featured_media":0,"comment_status":"open","ping_status":"open","sticky":false,"template":"","format":"standard","meta":{"footnotes":""},"categories":[12,8,18],"tags":[],"_links":{"self":[{"href":"https:\/\/emlekpont.hu\/index.php?rest_route=\/wp\/v2\/posts\/6641"}],"collection":[{"href":"https:\/\/emlekpont.hu\/index.php?rest_route=\/wp\/v2\/posts"}],"about":[{"href":"https:\/\/emlekpont.hu\/index.php?rest_route=\/wp\/v2\/types\/post"}],"author":[{"embeddable":true,"href":"https:\/\/emlekpont.hu\/index.php?rest_route=\/wp\/v2\/users\/5"}],"replies":[{"embeddable":true,"href":"https:\/\/emlekpont.hu\/index.php?rest_route=%2Fwp%2Fv2%2Fcomments&post=6641"}],"version-history":[{"count":0,"href":"https:\/\/emlekpont.hu\/index.php?rest_route=\/wp\/v2\/posts\/6641\/revisions"}],"wp:attachment":[{"href":"https:\/\/emlekpont.hu\/index.php?rest_route=%2Fwp%2Fv2%2Fmedia&parent=6641"}],"wp:term":[{"taxonomy":"category","embeddable":true,"href":"https:\/\/emlekpont.hu\/index.php?rest_route=%2Fwp%2Fv2%2Fcategories&post=6641"},{"taxonomy":"post_tag","embeddable":true,"href":"https:\/\/emlekpont.hu\/index.php?rest_route=%2Fwp%2Fv2%2Ftags&post=6641"}],"curies":[{"name":"wp","href":"https:\/\/api.w.org\/{rel}","templated":true}]}}