{"id":6640,"date":"2013-05-13T00:00:00","date_gmt":"2013-05-13T00:00:00","guid":{"rendered":"http:\/\/emlekpont.hu\/?p=6640"},"modified":"2013-05-13T00:00:00","modified_gmt":"2013-05-13T00:00:00","slug":"eredmenyhirdetes-a-hezso-rajzpalyazaton","status":"publish","type":"post","link":"https:\/\/emlekpont.hu\/?p=6640","title":{"rendered":"Eredm\u00e9nyhirdet\u00e9s a H\u00e9zs\u0151 rajzp\u00e1ly\u00e1zaton"},"content":{"rendered":"<p>Eredm\u00e9nyhirdet\u00e9s a H\u00e9zs\u00f5 rajzp\u00e1ly\u00e1zatonHolnap d\u00edjazz\u00e1k a zs\u00fbri \u00e9s k\u00f6z\u00f6ns\u00e9g \u00e1ltal legjobbnak \u00edt\u00e9lt alkot\u00e1sokat  K\u00f6zel m\u00e1sf\u00e9lsz\u00e1z alkot\u00e1s \u00e9rkezett H\u00e9zs\u00f5 Ferenc fest\u00f5m\u00fbv\u00e9sz jubileumi ki\u00e1ll\u00edt\u00e1s\u00e1hoz kapcsol\u00f3d\u00f3 rajzp\u00e1ly\u00e1zatra. A szakmai zs\u00fbri \u00e1ltal legjobbnak \u00edt\u00e9lt p\u00e1lyamunk\u00e1k alkot\u00f3inak m\u00e1jus 14-\u00e9n, kedden 15 \u00f3rakor adja \u00e1t a d\u00edjakat a Munk\u00e1csy-d\u00edjas m\u00fbv\u00e9sz. Az alkot\u00e1sokb\u00f3l kamaraki\u00e1ll\u00edt\u00e1s ny\u00edlik a k\u00f6zgy\u00fbjtem\u00e9ny id\u00f5szaki ki\u00e1ll\u00edt\u00f3term\u00e9ben, ahol a 75 \u00e9ves mester korszakos m\u00fbveivel egy\u00fctt tekinthetik meg az \u00e9rdekl\u00f5d\u00f5k a fiatalok munk\u00e1it.  A 75 \u00e9ves H\u00e9zs\u00f5 Ferenc Munk\u00e1csy-d\u00edjas fest\u00f5m\u00fbv\u00e9sz ki\u00e1ll\u00edt\u00e1s\u00e1hoz kapcsol\u00f3d\u00f3 rajzp\u00e1ly\u00e1zatot hirdetett az Eml\u00e9kpont \u00e1ltal\u00e1nos \u00e9s k\u00f6z\u00e9piskol\u00e1s di\u00e1koknak. A p\u00e1ly\u00e1zat t\u00e9m\u00e1ja a m\u00falt, a jelen \u00e9s a j\u00f6v\u00f5 \u00e1t\u00e9rtelmez\u00e9se volt a &#8222;h\u00e9zs\u00f5i vil\u00e1gon&#8221; kereszt\u00fcl. A be\u00e9rkezett 142 alkot\u00e1s k\u00f6z\u00fcl a Heged\u00fbsn\u00e9 D\u00e9k\u00e1ny Magdolna m\u00fbv\u00e9szeti tan\u00e1csad\u00f3, Nagy Imre m\u00fazeumigazgat\u00f3 \u00e9s H\u00e9zs\u00f5 Ferenc alkotta szakmai zs\u00fbri v\u00e1lasztotta ki a h\u00e1rom kateg\u00f3ria gy\u00f5zteseit, de a szervez\u00f5k k\u00f6z\u00f6ns\u00e9gd\u00edjat is adom\u00e1nyoznak, amelyre az Eml\u00e9kpont Facebook oldal\u00e1n v\u00e1rt\u00e1k a like-okat.      A p\u00e1ly\u00e1zatra nemcsak H\u00f3dmez\u00f5v\u00e1s\u00e1rhelyr\u00f5l, hanem az orsz\u00e1g sz\u00e1mos m\u00e1s r\u00e9szeir\u00f5l (pl. \u00c9rdr\u00f5l \u00e9s Beretty\u00f3\u00fajfalub\u00f3l) is \u00e9rkeztek alkot\u00e1sok. A rangsor kialak\u00edt\u00e1sa komoly feladat volt &#8211; jegyezt\u00e9k meg az \u00e9rt\u00e9kel\u00f5 test\u00fclet tagjai -, ugyanis a zs\u00fbri az olyan invenci\u00f3zus munk\u00e1kat kereste, amelyekben a h\u00e9zs\u00f5i hat\u00e1sra kibontakoz\u00f3 egy\u00e9ni \u00f6tletek jelentek meg.<\/p>\n","protected":false},"excerpt":{"rendered":"<p>Eredm\u00e9nyhirdet\u00e9s a H\u00e9zs\u00f5 rajzp\u00e1ly\u00e1zatonHolnap d\u00edjazz\u00e1k a zs\u00fbri \u00e9s k\u00f6z\u00f6ns\u00e9g \u00e1ltal legjobbnak \u00edt\u00e9lt alkot\u00e1sokat K\u00f6zel m\u00e1sf\u00e9lsz\u00e1z alkot\u00e1s \u00e9rkezett H\u00e9zs\u00f5 Ferenc fest\u00f5m\u00fbv\u00e9sz jubileumi ki\u00e1ll\u00edt\u00e1s\u00e1hoz kapcsol\u00f3d\u00f3 rajzp\u00e1ly\u00e1zatra. A szakmai zs\u00fbri \u00e1ltal legjobbnak \u00edt\u00e9lt p\u00e1lyamunk\u00e1k alkot\u00f3inak m\u00e1jus 14-\u00e9n, kedden 15 \u00f3rakor adja \u00e1t a d\u00edjakat a Munk\u00e1csy-d\u00edjas m\u00fbv\u00e9sz. Az alkot\u00e1sokb\u00f3l kamaraki\u00e1ll\u00edt\u00e1s ny\u00edlik a k\u00f6zgy\u00fbjtem\u00e9ny id\u00f5szaki ki\u00e1ll\u00edt\u00f3term\u00e9ben, ahol a 75 [&hellip;]<\/p>\n","protected":false},"author":5,"featured_media":0,"comment_status":"open","ping_status":"open","sticky":false,"template":"","format":"standard","meta":{"footnotes":""},"categories":[12,8,18],"tags":[],"_links":{"self":[{"href":"https:\/\/emlekpont.hu\/index.php?rest_route=\/wp\/v2\/posts\/6640"}],"collection":[{"href":"https:\/\/emlekpont.hu\/index.php?rest_route=\/wp\/v2\/posts"}],"about":[{"href":"https:\/\/emlekpont.hu\/index.php?rest_route=\/wp\/v2\/types\/post"}],"author":[{"embeddable":true,"href":"https:\/\/emlekpont.hu\/index.php?rest_route=\/wp\/v2\/users\/5"}],"replies":[{"embeddable":true,"href":"https:\/\/emlekpont.hu\/index.php?rest_route=%2Fwp%2Fv2%2Fcomments&post=6640"}],"version-history":[{"count":0,"href":"https:\/\/emlekpont.hu\/index.php?rest_route=\/wp\/v2\/posts\/6640\/revisions"}],"wp:attachment":[{"href":"https:\/\/emlekpont.hu\/index.php?rest_route=%2Fwp%2Fv2%2Fmedia&parent=6640"}],"wp:term":[{"taxonomy":"category","embeddable":true,"href":"https:\/\/emlekpont.hu\/index.php?rest_route=%2Fwp%2Fv2%2Fcategories&post=6640"},{"taxonomy":"post_tag","embeddable":true,"href":"https:\/\/emlekpont.hu\/index.php?rest_route=%2Fwp%2Fv2%2Ftags&post=6640"}],"curies":[{"name":"wp","href":"https:\/\/api.w.org\/{rel}","templated":true}]}}