{"id":6639,"date":"2013-05-14T00:00:00","date_gmt":"2013-05-14T00:00:00","guid":{"rendered":"http:\/\/emlekpont.hu\/?p=6639"},"modified":"2013-05-14T00:00:00","modified_gmt":"2013-05-14T00:00:00","slug":"hezso-rajzpalyazat-eredmenyhirdetese","status":"publish","type":"post","link":"https:\/\/emlekpont.hu\/?p=6639","title":{"rendered":"H\u00e9zs\u0151-rajzp\u00e1ly\u00e1zat eredm\u00e9nyhirdet\u00e9se"},"content":{"rendered":"<p>A m\u00falt, a jelen \u00e9s a j\u00f6v\u00f5 \u00e1t\u00e9rtelmez\u00e9seH\u00e9zs\u00f5-rajzp\u00e1ly\u00e1zat eredm\u00e9nyhirdet\u00e9se  K\u00f6zel 150 p\u00e1lyamunka \u00e9rkezett a H\u00e9zs\u00f5 Ferenc Munk\u00e1csy-d\u00edjas fest\u00f5m\u00fbv\u00e9sz ki\u00e1ll\u00edt\u00e1s\u00e1hoz kapcsol\u00f3d\u00f3 rajzp\u00e1ly\u00e1zatra. A h\u00e1rom kateg\u00f3ria els\u00f5 helyezettjei szem\u00e9lyesen a fest\u00f5m\u00fbv\u00e9szt\u00f5l vehett\u00e9k \u00e1t jutalmukat, amely egy H\u00e9zs\u00f5 Ferenc \u00e1ltal k\u00e9sz\u00edtett m\u00fb volt.  Sz\u00e1znegyvenkett\u00f5 p\u00e1lyamunka \u00e9rkezett H\u00e9zs\u00f5 Ferenc Munk\u00e1csy-d\u00edjas fest\u00f5m\u00fbv\u00e9sz ki\u00e1ll\u00edt\u00e1s\u00e1hoz kapcsol\u00f3d\u00f3an rajzp\u00e1ly\u00e1zatra. A m\u00fbveken a m\u00falt, a jelen \u00e9s a j\u00f6v\u00f5 \u00e1t\u00e9rtelmez\u00e9se volt l\u00e1that\u00f3 a &#8222;h\u00e9sz\u00f5i vil\u00e1gon&#8221; kereszt\u00fcl. Nem csak a k\u00f6rnyez\u00f5 telep\u00fcl\u00e9sekr\u00f5l, hanem az orsz\u00e1g m\u00e1sik v\u00e9g\u00e9b\u00f5l is \u00e9rkeztek m\u00fbvek. A fest\u00f5m\u00fbv\u00e9szt nagyon meglepte, hogy ennyi min\u00f5s\u00e9gben gazdag p\u00e1lyamunk\u00e1t kaptak, melyek az Eml\u00e9kpontban  ker\u00fcltek ki\u00e1ll\u00edt\u00e1sra.      H\u00e9zs\u00f5 Ferenc Munk\u00e1csy-d\u00edjas fest\u00f5m\u00fbv\u00e9sz elmondta, nagyon j\u00f3l esett sz\u00e1m\u00e1ra, hogy ennyi fiatalnak felkeltette az \u00e9rdekl\u00f5d\u00e9s\u00e9t a p\u00e1ly\u00e1zat. Sok tan\u00edtv\u00e1nya volt az orsz\u00e1g minden ter\u00fclet\u00e9r\u00f5l, akik most visszak\u00f6sz\u00f6ntek egy-egy p\u00e1lyamunk\u00e1val \u00e9s ez sz\u00e1m\u00e1ra nagy megtiszteltet\u00e9s volt.  &#8211; K\u00edv\u00e1ncsi voltam a be\u00e9rkez\u00f5 alkot\u00e1sokra, mert nem tartom egyszer\u00fb dolognak, hogy egy \u00e9l\u00f5 ember szellemis\u00e9g\u00e9be belehelyezz\u00fck magunkat, \u00e9s a st\u00edlus\u00e1t abb\u00f3l felfedezz\u00fck.  Olyan p\u00e1lyamunk\u00e1kat kerest\u00fcnk, amelyeken az egy\u00e9ni \u00f6tletek jelentek meg &#8211; fejtette ki H\u00e9zs\u00f5 Ferenc.      Papp Petra veszi \u00e1t a d\u00edj\u00e1t H\u00e9zs\u00f5 Ferenc fest\u00f5m\u00fbv\u00e9szt\u00f5l  A p\u00e1ly\u00e1zat h\u00e1rom kateg\u00f3ri\u00e1ban lett meghirdetve. Els\u00f5k\u00e9nt az 1-4. oszt\u00e1lyig, ut\u00e1nuk az 5-8. oszt\u00e1lyig \u00e9s a harmadik csoportba a k\u00f6z\u00e9piskol\u00e1sok alkot\u00e1sait v\u00e1rt\u00e1k. A zs\u00fbritagoknak nem volt egyszer\u00fb dolguk, hiszen k\u00f6zel sz\u00e1z\u00f6tven p\u00e1lyamunka k\u00f6z\u00fcl kellett v\u00e1lasztaniuk. Minden kateg\u00f3ri\u00e1ban d\u00edjazt\u00e1k az els\u00f5 h\u00e1rom helyezettet \u00e9s egy k\u00f6z\u00f6ss\u00e9gi port\u00e1lon az \u00f6sszes m\u00fb megtekinthet\u00f5 volt, \u00edgy az ott legn\u00e9pszer\u00fbbbnek \u00edt\u00e9lt rajzot k\u00fcl\u00f6nd\u00edjban r\u00e9szes\u00edtett\u00e9k.      A k\u00f6z\u00f6ns\u00e9gd\u00edjat Nagy L\u00eddia nyerte el  A d\u00edjkioszt\u00f3ra m\u00e1jus 14-\u00e9n d\u00e9lut\u00e1n ker\u00fclt sor az Eml\u00e9kpontban, ahol a fest\u00f5m\u00fbv\u00e9sz adta \u00e1t a helyezetteknek j\u00e1r\u00f3 jutalmat. A h\u00e1rom kateg\u00f3ria els\u00f5 helyezettjei sz\u00e1m\u00e1ra H\u00e9zs\u00f5 Ferenc egy-egy k\u00e9pet aj\u00e1nlott fel, melyet most szem\u00e9lyesen \u00e1t is adott az eredm\u00e9nyhirdet\u00e9sen, illetve k\u00f6sz\u00f6netet mondott a felk\u00e9sz\u00edt\u00f5 tan\u00e1rok seg\u00edts\u00e9g\u00e9rt is.Els\u00f5 kateg\u00f3ri\u00e1ban:1. helyezett: Orosz L\u00e9da (2. oszt\u00e1ly) Igazgy\u00f6ngy Alapfok\u00fa M\u00fbv\u00e9szeti Int\u00e9zm\u00e9ny, Beretty\u00f3\u00fajfalu2. helyezett:Krist\u00f3 Gabriella (4. oszt\u00e1ly) N\u00e9meth L\u00e1szl\u00f3 Gimn\u00e1zium \u00e9s \u00c1ltal\u00e1nos Iskola, H\u00f3dmez\u00f5v\u00e1s\u00e1rhely3. helyezett:Pap Petra (4. oszt\u00e1ly) N\u00e9meth L\u00e1szl\u00f3 Gimn\u00e1zium \u00e9s \u00c1ltal\u00e1nos Iskola, H\u00f3dmez\u00f5v\u00e1s\u00e1rhelyZs\u00fbri k\u00fcl\u00f6nd\u00edja: Rost\u00e1s Katalin (4. oszt\u00e1ly) Igazgy\u00f6ngy Alapfok\u00fa M\u00fbv\u00e9szeti Int\u00e9zm\u00e9ny, Beretty\u00f3\u00fajfalu  M\u00e1sodik kateg\u00f3ri\u00e1ban: 1. helyezett: Viski Molly (6. oszt\u00e1ly) N\u00e9meth L\u00e1szl\u00f3 Gimn\u00e1zium \u00e9s \u00c1ltal\u00e1nos Iskola, H\u00f3dmez\u00f5v\u00e1s\u00e1rhely2. helyezett: Nagy Zs\u00f3fia (7. oszt\u00e1ly) Liszt Ferenc \u00c9nek-Zenei \u00c1ltal\u00e1nos Iskola, H\u00f3dmez\u00f5v\u00e1s\u00e1rhely3. helyezett: Szlivka D\u00f3ra (6. oszt\u00e1ly) N\u00e9meth L\u00e1szl\u00f3 Gimn\u00e1zium \u00e9s \u00c1ltal\u00e1nos Iskola, H\u00f3dmez\u00f5v\u00e1s\u00e1rhelyZs\u00fbri k\u00fcl\u00f6nd\u00edja: Kov\u00e1cs Petra \u00e9s Kov\u00e1cs Lilla (5. oszt\u00e1ly) Liszt Ferenc \u00c9nek-Zenei \u00c1ltal\u00e1nos Iskola, H\u00f3dmez\u00f5v\u00e1s\u00e1rhelyHarmadik kateg\u00f3ri\u00e1ban: 1. helyezett: N\u00e9vay Lili (11. oszt\u00e1ly) V\u00f6r\u00f6smarty Mih\u00e1ly Gimn\u00e1zium, \u00c9rdK\u00f6z\u00f6ns\u00e9gd\u00edj: Nagy L\u00eddia (3. oszt\u00e1ly) Liszt Ferenc \u00c9nek-Zenei \u00c1ltal\u00e1nos Iskola  Forr\u00e1s: www.promenad.hu &#8211; A vid\u00e9k h\u00edrport\u00e1lja<\/p>\n","protected":false},"excerpt":{"rendered":"<p>A m\u00falt, a jelen \u00e9s a j\u00f6v\u00f5 \u00e1t\u00e9rtelmez\u00e9seH\u00e9zs\u00f5-rajzp\u00e1ly\u00e1zat eredm\u00e9nyhirdet\u00e9se K\u00f6zel 150 p\u00e1lyamunka \u00e9rkezett a H\u00e9zs\u00f5 Ferenc Munk\u00e1csy-d\u00edjas fest\u00f5m\u00fbv\u00e9sz ki\u00e1ll\u00edt\u00e1s\u00e1hoz kapcsol\u00f3d\u00f3 rajzp\u00e1ly\u00e1zatra. A h\u00e1rom kateg\u00f3ria els\u00f5 helyezettjei szem\u00e9lyesen a fest\u00f5m\u00fbv\u00e9szt\u00f5l vehett\u00e9k \u00e1t jutalmukat, amely egy H\u00e9zs\u00f5 Ferenc \u00e1ltal k\u00e9sz\u00edtett m\u00fb volt. Sz\u00e1znegyvenkett\u00f5 p\u00e1lyamunka \u00e9rkezett H\u00e9zs\u00f5 Ferenc Munk\u00e1csy-d\u00edjas fest\u00f5m\u00fbv\u00e9sz ki\u00e1ll\u00edt\u00e1s\u00e1hoz kapcsol\u00f3d\u00f3an rajzp\u00e1ly\u00e1zatra. A m\u00fbveken a m\u00falt, a [&hellip;]<\/p>\n","protected":false},"author":5,"featured_media":0,"comment_status":"open","ping_status":"open","sticky":false,"template":"","format":"standard","meta":{"footnotes":""},"categories":[12,8,18],"tags":[],"_links":{"self":[{"href":"https:\/\/emlekpont.hu\/index.php?rest_route=\/wp\/v2\/posts\/6639"}],"collection":[{"href":"https:\/\/emlekpont.hu\/index.php?rest_route=\/wp\/v2\/posts"}],"about":[{"href":"https:\/\/emlekpont.hu\/index.php?rest_route=\/wp\/v2\/types\/post"}],"author":[{"embeddable":true,"href":"https:\/\/emlekpont.hu\/index.php?rest_route=\/wp\/v2\/users\/5"}],"replies":[{"embeddable":true,"href":"https:\/\/emlekpont.hu\/index.php?rest_route=%2Fwp%2Fv2%2Fcomments&post=6639"}],"version-history":[{"count":0,"href":"https:\/\/emlekpont.hu\/index.php?rest_route=\/wp\/v2\/posts\/6639\/revisions"}],"wp:attachment":[{"href":"https:\/\/emlekpont.hu\/index.php?rest_route=%2Fwp%2Fv2%2Fmedia&parent=6639"}],"wp:term":[{"taxonomy":"category","embeddable":true,"href":"https:\/\/emlekpont.hu\/index.php?rest_route=%2Fwp%2Fv2%2Fcategories&post=6639"},{"taxonomy":"post_tag","embeddable":true,"href":"https:\/\/emlekpont.hu\/index.php?rest_route=%2Fwp%2Fv2%2Ftags&post=6639"}],"curies":[{"name":"wp","href":"https:\/\/api.w.org\/{rel}","templated":true}]}}