{"id":6638,"date":"2013-05-15T00:00:00","date_gmt":"2013-05-15T00:00:00","guid":{"rendered":"http:\/\/emlekpont.hu\/?p=6638"},"modified":"2013-05-15T00:00:00","modified_gmt":"2013-05-15T00:00:00","slug":"termeszettudomanyos-diakkonferencia-az-emlekpontban-2","status":"publish","type":"post","link":"https:\/\/emlekpont.hu\/?p=6638","title":{"rendered":"Term\u00e9szettudom\u00e1nyos di\u00e1kkonferencia az Eml\u00e9kpontban"},"content":{"rendered":"<p>M\u00e9rgez\u00f5k-e az adal\u00e9kanyagok \u00e9s a kozmetikumok? Term\u00e9szettudom\u00e1nyos di\u00e1kkonferencia az Eml\u00e9kpontban  Az elm\u00falt \u00e9vek hagyom\u00e1nyainak megfelel\u00f5en az id\u00e9n is az Eml\u00e9kpontban rendezi meg a N\u00e9meth L\u00e1szl\u00f3 Gimn\u00e1zium \u00e9s \u00c1ltal\u00e1nos Iskola term\u00e9szettudom\u00e1nyi di\u00e1kkonferenci\u00e1j\u00e1t. A kist\u00e9rs\u00e9g \u00e1ltal\u00e1nos \u00e9s k\u00f6z\u00e9piskol\u00e1s tanul\u00f3i term\u00e9szet- \u00e9s k\u00f6rnyezetv\u00e9delmi t\u00e9m\u00e1kban tartanak el\u00f5ad\u00e1sokat m\u00e1jus 17-\u00e9n, p\u00e9nteken 9 \u00f3r\u00e1t\u00f3l a k\u00f6zgy\u00fbjtem\u00e9ny el\u00f5ad\u00f3term\u00e9ben.  A N\u00e9meth L\u00e1szl\u00f3 Gimn\u00e1zium \u00e9s \u00c1ltal\u00e1nos Iskola szervez\u00e9s\u00e9ben \u00e9vente megrendez\u00e9sre ker\u00fcl\u00f5 di\u00e1kkonferenci\u00e1n a fiatalok 5-10 perces prezent\u00e1ci\u00f3kat mutatnak be, ez\u00fattal a bioterm\u00e9kekr\u00f5l, a gyurgyalagr\u00f3l, mint az \u00e9v madar\u00e1r\u00f3l \u00e9s a kl\u00edmav\u00e1ltoz\u00e1s tapasztalt hat\u00e1sair\u00f3l tartanak el\u00f5ad\u00e1st a jelentkez\u00f5k. Olyan glob\u00e1lis probl\u00e9m\u00e1kra is v\u00e1rj\u00e1k a szervez\u00f5k a di\u00e1kok megold\u00e1si javaslatait, mint az asz\u00e1lyos ny\u00e1r hat\u00e1sa a term\u00e9szetes \u00e9s az \u00e9p\u00edtett k\u00f6rnyezetre, van-e \u00e9let az olaj ut\u00e1n vagy mi mindent ken\u00fcnk a kozmetikumokkal az arcunkra? Az idei esztend\u00f5ben idegen nyelvi szekci\u00f3t is hirdettek, amelyben \u00bdAz vagy, amit megeszel\u00bd avagy adal\u00e9kanyagok a k\u00e9sz\u00e9telekben, \u00bdA n\u00e9gy f\u00f5 elem, mint alternat\u00edv energiaforr\u00e1s\u00bd \u00e9s \u00bdEnergiatakar\u00e9koss\u00e1g, ahogy \u00e9n csin\u00e1ln\u00e1m \u00bdt\u00e9mak\u00f6r\u00f6kben v\u00e1rj\u00e1k a l\u00e1tv\u00e1nyos \u00e9s informat\u00edv bemutat\u00f3kat.  A rendezv\u00e9nyt \u00c1rva L\u00e1szl\u00f3 iskolaigazgat\u00f3 \u00e9s R\u00f3kus \u00c1kos, a Polg\u00e1rmesteri Hivatal \u00e1ltal\u00e1nos referense nyitja meg m\u00e1jus 17-\u00e9n, p\u00e9nteken 9 \u00f3rakor az Eml\u00e9kpont el\u00f5ad\u00f3term\u00e9ben.<\/p>\n","protected":false},"excerpt":{"rendered":"<p>M\u00e9rgez\u00f5k-e az adal\u00e9kanyagok \u00e9s a kozmetikumok? Term\u00e9szettudom\u00e1nyos di\u00e1kkonferencia az Eml\u00e9kpontban Az elm\u00falt \u00e9vek hagyom\u00e1nyainak megfelel\u00f5en az id\u00e9n is az Eml\u00e9kpontban rendezi meg a N\u00e9meth L\u00e1szl\u00f3 Gimn\u00e1zium \u00e9s \u00c1ltal\u00e1nos Iskola term\u00e9szettudom\u00e1nyi di\u00e1kkonferenci\u00e1j\u00e1t. A kist\u00e9rs\u00e9g \u00e1ltal\u00e1nos \u00e9s k\u00f6z\u00e9piskol\u00e1s tanul\u00f3i term\u00e9szet- \u00e9s k\u00f6rnyezetv\u00e9delmi t\u00e9m\u00e1kban tartanak el\u00f5ad\u00e1sokat m\u00e1jus 17-\u00e9n, p\u00e9nteken 9 \u00f3r\u00e1t\u00f3l a k\u00f6zgy\u00fbjtem\u00e9ny el\u00f5ad\u00f3term\u00e9ben. A N\u00e9meth L\u00e1szl\u00f3 Gimn\u00e1zium [&hellip;]<\/p>\n","protected":false},"author":5,"featured_media":0,"comment_status":"open","ping_status":"open","sticky":false,"template":"","format":"standard","meta":{"footnotes":""},"categories":[12,8,18],"tags":[],"_links":{"self":[{"href":"https:\/\/emlekpont.hu\/index.php?rest_route=\/wp\/v2\/posts\/6638"}],"collection":[{"href":"https:\/\/emlekpont.hu\/index.php?rest_route=\/wp\/v2\/posts"}],"about":[{"href":"https:\/\/emlekpont.hu\/index.php?rest_route=\/wp\/v2\/types\/post"}],"author":[{"embeddable":true,"href":"https:\/\/emlekpont.hu\/index.php?rest_route=\/wp\/v2\/users\/5"}],"replies":[{"embeddable":true,"href":"https:\/\/emlekpont.hu\/index.php?rest_route=%2Fwp%2Fv2%2Fcomments&post=6638"}],"version-history":[{"count":0,"href":"https:\/\/emlekpont.hu\/index.php?rest_route=\/wp\/v2\/posts\/6638\/revisions"}],"wp:attachment":[{"href":"https:\/\/emlekpont.hu\/index.php?rest_route=%2Fwp%2Fv2%2Fmedia&parent=6638"}],"wp:term":[{"taxonomy":"category","embeddable":true,"href":"https:\/\/emlekpont.hu\/index.php?rest_route=%2Fwp%2Fv2%2Fcategories&post=6638"},{"taxonomy":"post_tag","embeddable":true,"href":"https:\/\/emlekpont.hu\/index.php?rest_route=%2Fwp%2Fv2%2Ftags&post=6638"}],"curies":[{"name":"wp","href":"https:\/\/api.w.org\/{rel}","templated":true}]}}