{"id":6637,"date":"2013-05-17T00:00:00","date_gmt":"2013-05-17T00:00:00","guid":{"rendered":"http:\/\/emlekpont.hu\/?p=6637"},"modified":"2013-05-17T00:00:00","modified_gmt":"2013-05-17T00:00:00","slug":"gyurgyalag-klimavaltozas-es-kozmetikumok","status":"publish","type":"post","link":"https:\/\/emlekpont.hu\/?p=6637","title":{"rendered":"Gyurgyalag, kl\u00edmav\u00e1ltoz\u00e1s \u00e9s kozmetikumok"},"content":{"rendered":"<p>Gyurgyalag, kl\u00edmav\u00e1ltoz\u00e1s \u00e9s kozmetikumokA konferencia V\u00e1s\u00e1rhelyre vonzotta a di\u00e1kokat  A gyurgyalag, a kl\u00edmav\u00e1ltoz\u00e1s \u00e9s a kozmetikumok k\u00e1ros hat\u00e1sai &#8211; ezek voltak a N\u00e9meth L\u00e1szl\u00f3 Gimn\u00e1zium \u00e9s \u00c1ltal\u00e1nos Iskola \u00e1ltal megrendezett term\u00e9szettudom\u00e1nyos di\u00e1kkonferencia t\u00e9m\u00e1i. Az el\u00f5re elk\u00e9sz\u00edtett prezent\u00e1ci\u00f3kat m\u00e1jus 17-\u00e9n mutatt\u00e1k be a tanul\u00f3k az Eml\u00e9kpontban.  &#8211; A N\u00e9meth L\u00e1szl\u00f3 Gimn\u00e1zium \u00e9s \u00c1ltal\u00e1nos Iskola 2005 \u00f3ta minden \u00e9vben megrendezi a term\u00e9szettudom\u00e1nyos di\u00e1kkonferenci\u00e1t, amelyet id\u00e9n h\u00e1rom kateg\u00f3ri\u00e1ban hirdett\u00fcnk meg. Az \u00e1ltal\u00e1nos- \u00e9s k\u00f6z\u00e9piskol\u00e1s tanul\u00f3k a gyurgyalagr\u00f3l, mint az \u00e9v madar\u00e1r\u00f3l, a kl\u00edmav\u00e1ltoz\u00e1sr\u00f3l, valamint a kozmetikumok k\u00e1ros hat\u00e1sair\u00f3l k\u00e9sz\u00edthettek prezent\u00e1ci\u00f3kat &#8211; mondta G\u00e1ln\u00e9 Horv\u00e1th Ildik\u00f3 szervez\u00f5.  &#8211;  43 gyerekt\u00f5l \u00f6sszesen 22 p\u00e1lyamunka \u00e9rkezett, volt aki egyed\u00fcl, \u00e9s akadt, aki k\u00e9t-h\u00e1rom f\u00f5s csoportokban k\u00e9sz\u00edtette el bemutat\u00f3j\u00e1t. A konferenci\u00e1ra Algy\u00f5r\u00f5l, Szegedr\u00f5l \u00e9s Szegv\u00e1rr\u00f3l is \u00e9rkeztek tanul\u00f3k. A rendezv\u00e9ny c\u00e9lja, hogy tal\u00e1lkozzanak egym\u00e1ssal a di\u00e1kok, valamint, hogy er\u00f5s\u00f6dj\u00f6n benn\u00fck a k\u00f6rnyezettudatos gondolkod\u00e1s &#8211; folytatta a szervez\u00f5.  A megnyit\u00f3n G\u00e1l Vivien 10.oszt\u00e1lyos \u00e9s Gaizer Bence 13.oszt\u00e1lyos tanul\u00f3 adt\u00e1k el\u00f5 megzen\u00e9s\u00edtve Radn\u00f3ti Mikl\u00f3s: Nem tudhatom c\u00edm\u00fb vers\u00e9t, majd \u00c1rva L\u00e1szl\u00f3 iskolaigazgat\u00f3 k\u00f6sz\u00f6nt\u00f6tte a r\u00e9sztvev\u00f5ket. Ezut\u00e1n a konferenci\u00e1t R\u00f3kus \u00c1kos, a Polg\u00e1rmesteri Hivatal referense nyitotta meg.  Ezt k\u00f6vet\u00f5en megkezd\u00f5dtek a bemutat\u00f3k, a 7.-8. oszt\u00e1lyos tanul\u00f3k a konferenciateremben, a 9.-10.-11. oszt\u00e1lyosok pedig a gal\u00e9ri\u00e1ban tartott\u00e1k el\u00f5ad\u00e1saikat.  Paragi Anett, a N\u00e9meth L\u00e1szl\u00f3 Gimn\u00e1zium \u00e9s \u00c1ltal\u00e1nos Iskola 10. oszt\u00e1lyos tanul\u00f3ja oszt\u00e1lyt\u00e1rs\u00e1val, Zolt\u00e1n Nikolettel a bioterm\u00e9kekr\u00f5l k\u00e9sz\u00edtett prezent\u00e1ci\u00f3t. Elmondta, az\u00e9rt erre a t\u00e9m\u00e1ra esett a v\u00e1laszt\u00e1suk, mert ez \u00e1ll hozz\u00e1juk legk\u00f6zelebb.  Arra a k\u00e9rd\u00e9sre, hogy milyen eredm\u00e9nyt v\u00e1rnak, csak ennyit felelt: &#8222;Szeretn\u00e9nk j\u00f3l el\u00f5adni, azt\u00e1n majd kider\u00fcl.&#8221;  A napot eredm\u00e9nyhirdet\u00e9ssel z\u00e1rt\u00e1k, a legjobbak k\u00f6nyvjutalmakat vehettek \u00e1t, valamint a h\u00e1rom legjobb p\u00e1lyamunka k\u00e9sz\u00edt\u00f5i a T\u00f6r\u00f6k S\u00e1ndor Strandf\u00fcrd\u00f5 \u00e9s Gyarmati Dezs\u00f5 Sportuszoda egy-egy t\u00edzalkalmas strandb\u00e9rlet\u00e9vel gazdagodtak.  Term\u00e9szettudom\u00e1nyos Di\u00e1kkonferencia eredm\u00e9nyei:I. d\u00edj: Paragi Anett-Zolt\u00e1n Nikolett &#8211; N\u00e9meth L\u00e1szl\u00f3 Gimn\u00e1zium \u00e9s \u00c1ltal\u00e1nos Iskola (Felk\u00e9sz\u00edt\u00f5: Bodrogi Judit)\u00e9s Zo\u00f3 Klaudia &#8211; V\u00f6r\u00f6s Andrea &#8211; Somodi R\u00e9ka &#8211; Forray M\u00e1t\u00e9 \u00c1ltal\u00e1nos Iskola, Szegv\u00e1r (Felk\u00e9sz\u00edt\u00f5: Vass Tibor)\u00e9s: Goj\u00e1k Anna &#8211; Rakaczki Eszter &#8211; N\u00e9meth L\u00e1szl\u00f3 Gimn\u00e1zium \u00e9s \u00c1ltal\u00e1nos Iskola  II. d\u00edj:Bezd\u00e1n D\u00f3ra &#8211; Ol\u00e1h D\u00e1niel &#8211; Orsz\u00e1g-Sug\u00e1r \u00c1gnes &#8211; Algy\u00f5 \u00c1lt. Iskola (Felk\u00e9sz\u00edt\u00f5: Csauth Zsuzsanna &#8211; Koczka \u00c1gnes)\u00e9s Faltum  Fanni &#8211; Garai Imola &#8211; Karolina Gimn\u00e1zium (Felk\u00e9sz\u00edt\u00f5: T\u00f3th K\u00e1rolyn\u00e9 &#8211; Kisv\u00e1rdain\u00e9 Dusa M\u00e1ria)\u00e9s Hal\u00e1sz Vikt\u00f3ria &#8211; Bajusz Emese &#8211; N\u00e9meth L\u00e1szl\u00f3 Gimn\u00e1zium \u00e9s \u00c1ltal\u00e1nos Iskola (Felk\u00e9sz\u00edt\u00f5: G\u00e1ln\u00e9 Horv\u00e1th Ildik\u00f3)\u00e9s Bodzs\u00e1r Mih\u00e1ly &#8211; N\u00e9meth L\u00e1szl\u00f3 Gimn\u00e1zium \u00e9s \u00c1ltal\u00e1nos Iskola (Felk\u00e9sz\u00edt\u00f5: Bodrogi Judit &#8211; Szittyai Istv\u00e1n)  III. d\u00edj: Pill\u00e9r P\u00e9ter &#8211; N\u00e9meth L\u00e1szl\u00f3 Gimn\u00e1zium \u00e9s \u00c1ltal\u00e1nos Iskola (Felk\u00e9sz\u00edt\u00f5:Antal Henriett)  IV. K\u00fcl\u00f6nd\u00edj: Balogh Gerg\u00f5 &#8211; HISZK Corvin M\u00e1ty\u00e1s Tagint\u00e9zm\u00e9ny (Felk\u00e9sz\u00edt\u00f5: Csal\u00e1n\u00e9 B\u00f6ngyik Edit &#8211; Selmeczi-T\u00f3thn\u00e9 Szilfai Katalin K\u00fcl\u00f6nd\u00edj (legjobb el\u00f5ad\u00f3): Nagy \u00c1gnes &#8211; N\u00e9meth L\u00e1szl\u00f3 Gimn\u00e1zium \u00e9s \u00c1ltal\u00e1nos Iskola (Felk\u00e9sz\u00edt\u00f5: J\u00e1vorszkyn\u00e9 Ginda Enik\u00f5)  A p\u00e1lyamunk\u00e1kat zs\u00fbrizte:Dr. habil.G\u00e1l J\u00f3zsef, egyetemi docens Dr. Panyor \u00c1gota, PhD, egyetemi docens Dr. Vincze-Lendvai Edina, PhD, f\u00f5iskolai docens Dr. Zs\u00f3t\u00e9r Brigitta, PhD, f\u00f5iskolai docens  Mindannyian a Szegedi Tudom\u00e1nyegyetem M\u00e9rn\u00f6ki Kar\u00e1nak oktat\u00f3i  Forr\u00e1s: www.promenad.hu &#8211; A vid\u00e9k h\u00edrport\u00e1lja<\/p>\n","protected":false},"excerpt":{"rendered":"<p>Gyurgyalag, kl\u00edmav\u00e1ltoz\u00e1s \u00e9s kozmetikumokA konferencia V\u00e1s\u00e1rhelyre vonzotta a di\u00e1kokat A gyurgyalag, a kl\u00edmav\u00e1ltoz\u00e1s \u00e9s a kozmetikumok k\u00e1ros hat\u00e1sai &#8211; ezek voltak a N\u00e9meth L\u00e1szl\u00f3 Gimn\u00e1zium \u00e9s \u00c1ltal\u00e1nos Iskola \u00e1ltal megrendezett term\u00e9szettudom\u00e1nyos di\u00e1kkonferencia t\u00e9m\u00e1i. Az el\u00f5re elk\u00e9sz\u00edtett prezent\u00e1ci\u00f3kat m\u00e1jus 17-\u00e9n mutatt\u00e1k be a tanul\u00f3k az Eml\u00e9kpontban. &#8211; A N\u00e9meth L\u00e1szl\u00f3 Gimn\u00e1zium \u00e9s \u00c1ltal\u00e1nos Iskola 2005 \u00f3ta [&hellip;]<\/p>\n","protected":false},"author":5,"featured_media":0,"comment_status":"open","ping_status":"open","sticky":false,"template":"","format":"standard","meta":{"footnotes":""},"categories":[12,8,18],"tags":[],"_links":{"self":[{"href":"https:\/\/emlekpont.hu\/index.php?rest_route=\/wp\/v2\/posts\/6637"}],"collection":[{"href":"https:\/\/emlekpont.hu\/index.php?rest_route=\/wp\/v2\/posts"}],"about":[{"href":"https:\/\/emlekpont.hu\/index.php?rest_route=\/wp\/v2\/types\/post"}],"author":[{"embeddable":true,"href":"https:\/\/emlekpont.hu\/index.php?rest_route=\/wp\/v2\/users\/5"}],"replies":[{"embeddable":true,"href":"https:\/\/emlekpont.hu\/index.php?rest_route=%2Fwp%2Fv2%2Fcomments&post=6637"}],"version-history":[{"count":0,"href":"https:\/\/emlekpont.hu\/index.php?rest_route=\/wp\/v2\/posts\/6637\/revisions"}],"wp:attachment":[{"href":"https:\/\/emlekpont.hu\/index.php?rest_route=%2Fwp%2Fv2%2Fmedia&parent=6637"}],"wp:term":[{"taxonomy":"category","embeddable":true,"href":"https:\/\/emlekpont.hu\/index.php?rest_route=%2Fwp%2Fv2%2Fcategories&post=6637"},{"taxonomy":"post_tag","embeddable":true,"href":"https:\/\/emlekpont.hu\/index.php?rest_route=%2Fwp%2Fv2%2Ftags&post=6637"}],"curies":[{"name":"wp","href":"https:\/\/api.w.org\/{rel}","templated":true}]}}