{"id":6636,"date":"2013-05-21T00:00:00","date_gmt":"2013-05-21T00:00:00","guid":{"rendered":"http:\/\/emlekpont.hu\/?p=6636"},"modified":"2013-05-21T00:00:00","modified_gmt":"2013-05-21T00:00:00","slug":"rodolf-herve-kiallitas-nyilik","status":"publish","type":"post","link":"https:\/\/emlekpont.hu\/?p=6636","title":{"rendered":"Rodolf Herv\u00e9 ki\u00e1ll\u00edt\u00e1s ny\u00edlik"},"content":{"rendered":"<p>Ilyenek voltak a rendszerv\u00e1lt\u00e1st k\u00f6vet\u00f5 \u00e9vek&#8230;Rodolf Herv\u00e9 ki\u00e1ll\u00edt\u00e1s ny\u00edlik  Az Eml\u00e9kpont \u00faj ki\u00e1ll\u00edt\u00e1sa a rendszerv\u00e1lt\u00e1st k\u00f6vet\u00f5 id\u00f5szak underground kult\u00far\u00e1j\u00e1t \u00e9s t\u00e1rsadalmi v\u00e1ltoz\u00e1sait veszi g\u00f3rcs\u00f5 al\u00e1, a h\u00f3dmez\u00f5v\u00e1s\u00e1rhelyi gy\u00f6kerekkel rendelkez\u00f5 francia k\u00e9pz\u00f5m\u00fbv\u00e9sz \u00e9s fotogr\u00e1fus, Rodolf Herv\u00e9 kamer\u00e1j\u00e1n kereszt\u00fcl. A m\u00e1jus 28-\u00e1n, d\u00e9lut\u00e1n 5 \u00f3rakor ny\u00edl\u00f3, mintegy sz\u00e1z fot\u00f3b\u00f3l \u00e9s vide\u00f3install\u00e1ci\u00f3b\u00f3l \u00e1ll\u00f3 ki\u00e1ll\u00edt\u00e1s a dokument\u00e1tor \u00e9s k\u00e9pz\u00f5m\u00fbv\u00e9sz szem\u00e9vel l\u00e1ttatja az 1989-1994-es \u00e9veket.  Rodolf Herv\u00e9 a H\u00f3dmez\u00f5v\u00e1s\u00e1rhelyen sz\u00fcletett Elk\u00e1n Lajos &#8211; m\u00fbv\u00e9sznev\u00e9n Lucien Herv\u00e9 &#8211; vil\u00e1gh\u00edr\u00fb fotogr\u00e1fus fiak\u00e9nt l\u00e1tta meg a napvil\u00e1got, 1957-ben, P\u00e1rizsban. (Ap\u00e1nak \u00e9s fi\u00e1nak a k\u00e9tezres \u00e9vek elej\u00e9n volt k\u00f6z\u00f6s t\u00e1rlata V\u00e1s\u00e1rhelyen.) A fiatal m\u00fbv\u00e9sz 1989 utols\u00f3 napjaiban \u00e9rkezett Magyarorsz\u00e1gra, kifejezetten azzal a sz\u00e1nd\u00e9kkal, hogy dokument\u00e1lja a rendszerv\u00e1lt\u00e1s ut\u00e1ni \u00e9veket. Magyar kult\u00far\u00e1j\u00fa k\u00fclf\u00f6ldik\u00e9nt saj\u00e1tos szemsz\u00f6gb\u00f5l k\u00f6vette nyomon \u00e9s r\u00f6gz\u00edtette a v\u00e1ltoz\u00e1s \u00e9veit, mik\u00f6zben maga is intenz\u00edven r\u00e9szt vett az id\u00f5szak szubkultur\u00e1lis \u00e9let\u00e9ben.       Rodolf Herv\u00e9 (1957-2000): \u00d6nportr\u00e9  Legjobban a politikai rendszer \u00e1talakul\u00e1s\u00e1t k\u00f6vet\u00f5en l\u00e9trej\u00f6tt &#8222;l\u00e9g\u00fcres t\u00e9r&#8221; \u00e9rdekelte, amelyben a r\u00e9gi rendszer szab\u00e1lyai, a r\u00e9gi rendszer kult\u00fara elleni k\u00fczdelme m\u00e1r nem, az \u00faj t\u00f6megkult\u00fara, \u00e9s az \u00faj szab\u00e1lyok pedig m\u00e9g nem voltak jelen. A ki\u00e1ll\u00edt\u00e1s hitelesen, mintegy a \u00bdt\u00fbzvonalb\u00f3l\u00bd mutatja be az \u00e1tmenet kor\u00e1t, a kultur\u00e1lis underground felsz\u00ednre t\u00f6r\u00e9s\u00e9nek idej\u00e9t a t\u00f6megkult\u00fara t\u00e9rh\u00f3d\u00edt\u00e1s\u00e1nak el\u00f5est\u00e9j\u00e9n &#8211; egy furcsa, inspirat\u00edv, v\u00e1rakoz\u00e1sokkal teli, ellentmond\u00e1sos korszakot.<\/p>\n","protected":false},"excerpt":{"rendered":"<p>Ilyenek voltak a rendszerv\u00e1lt\u00e1st k\u00f6vet\u00f5 \u00e9vek&#8230;Rodolf Herv\u00e9 ki\u00e1ll\u00edt\u00e1s ny\u00edlik Az Eml\u00e9kpont \u00faj ki\u00e1ll\u00edt\u00e1sa a rendszerv\u00e1lt\u00e1st k\u00f6vet\u00f5 id\u00f5szak underground kult\u00far\u00e1j\u00e1t \u00e9s t\u00e1rsadalmi v\u00e1ltoz\u00e1sait veszi g\u00f3rcs\u00f5 al\u00e1, a h\u00f3dmez\u00f5v\u00e1s\u00e1rhelyi gy\u00f6kerekkel rendelkez\u00f5 francia k\u00e9pz\u00f5m\u00fbv\u00e9sz \u00e9s fotogr\u00e1fus, Rodolf Herv\u00e9 kamer\u00e1j\u00e1n kereszt\u00fcl. A m\u00e1jus 28-\u00e1n, d\u00e9lut\u00e1n 5 \u00f3rakor ny\u00edl\u00f3, mintegy sz\u00e1z fot\u00f3b\u00f3l \u00e9s vide\u00f3install\u00e1ci\u00f3b\u00f3l \u00e1ll\u00f3 ki\u00e1ll\u00edt\u00e1s a dokument\u00e1tor \u00e9s k\u00e9pz\u00f5m\u00fbv\u00e9sz [&hellip;]<\/p>\n","protected":false},"author":5,"featured_media":0,"comment_status":"open","ping_status":"open","sticky":false,"template":"","format":"standard","meta":{"footnotes":""},"categories":[12,8,18],"tags":[],"_links":{"self":[{"href":"https:\/\/emlekpont.hu\/index.php?rest_route=\/wp\/v2\/posts\/6636"}],"collection":[{"href":"https:\/\/emlekpont.hu\/index.php?rest_route=\/wp\/v2\/posts"}],"about":[{"href":"https:\/\/emlekpont.hu\/index.php?rest_route=\/wp\/v2\/types\/post"}],"author":[{"embeddable":true,"href":"https:\/\/emlekpont.hu\/index.php?rest_route=\/wp\/v2\/users\/5"}],"replies":[{"embeddable":true,"href":"https:\/\/emlekpont.hu\/index.php?rest_route=%2Fwp%2Fv2%2Fcomments&post=6636"}],"version-history":[{"count":0,"href":"https:\/\/emlekpont.hu\/index.php?rest_route=\/wp\/v2\/posts\/6636\/revisions"}],"wp:attachment":[{"href":"https:\/\/emlekpont.hu\/index.php?rest_route=%2Fwp%2Fv2%2Fmedia&parent=6636"}],"wp:term":[{"taxonomy":"category","embeddable":true,"href":"https:\/\/emlekpont.hu\/index.php?rest_route=%2Fwp%2Fv2%2Fcategories&post=6636"},{"taxonomy":"post_tag","embeddable":true,"href":"https:\/\/emlekpont.hu\/index.php?rest_route=%2Fwp%2Fv2%2Ftags&post=6636"}],"curies":[{"name":"wp","href":"https:\/\/api.w.org\/{rel}","templated":true}]}}