{"id":6631,"date":"2013-05-30T00:00:00","date_gmt":"2013-05-30T00:00:00","guid":{"rendered":"http:\/\/emlekpont.hu\/?p=6631"},"modified":"2013-05-30T00:00:00","modified_gmt":"2013-05-30T00:00:00","slug":"idoutazok-versenyeztek-az-emlekpontban","status":"publish","type":"post","link":"https:\/\/emlekpont.hu\/?p=6631","title":{"rendered":"Id\u0151utaz\u00f3k versenyeztek az Eml\u00e9kpontban"},"content":{"rendered":"<p>Id\u00f5utaz\u00f3k versenyeztek az Eml\u00e9kpontban  Hatvan 5-6. oszt\u00e1lyos di\u00e1k m\u00e9rte \u00f6ssze tud\u00e1s\u00e1t az \u00e1ltal\u00e1nos iskol\u00e1sok v\u00e1rosi t\u00f6rt\u00e9nelem verseny\u00e9n m\u00e1jus 30-\u00e1n d\u00e9lel\u00f5tt a h\u00f3dmez\u00f5v\u00e1s\u00e1rhelyi Eml\u00e9kpontban. A k\u00e9pzeletbeli id\u00f5g\u00e9pek t\u00f6bb ezer \u00e9vet j\u00e1rtak be alig k\u00e9t \u00f3ra alatt.  A Klauz\u00e1l G\u00e1bor \u00c1ltal\u00e1nos Iskola szervez\u00e9s\u00e9ben zajl\u00f3 megm\u00e9rettet\u00e9sr\u00f5l Baranyi Imre t\u00f6rt\u00e9nelemtan\u00e1r elmondta, a feladatokat \u00fagy \u00e1ll\u00edtott\u00e1k \u00f6ssze, hogy a lexik\u00e1lis tud\u00e1s mellett a gyerekek kreativit\u00e1s\u00e1t is ig\u00e9nybe vegy\u00e9k. Az 5. oszt\u00e1lyosok feladatsora  az \u00f5skorra \u00e9s az \u00f3korra, a 6. oszt\u00e1lyosok tesztlapja a k\u00f6z\u00e9pkorra, a felfedez\u00e9sek kor\u00e1ra \u00e9s a t\u00f6r\u00f6k h\u00f3dolts\u00e1g idej\u00e9re ir\u00e1nyult.  A XX. sz\u00e1zad m\u00e1sodik fel\u00e9nek t\u00f6rt\u00e9nelm\u00e9vel foglalkoz\u00f3 Eml\u00e9kpont nem csak helysz\u00ednt biztos\u00edt \u00e9vek \u00f3ta a versenyhez, a tananyagra \u00e9p\u00fcl\u00f5 k\u00e9rd\u00e9sek mell\u00e9 a k\u00f6zgy\u00fbjtem\u00e9ny t\u00f6rt\u00e9n\u00e9szei erre az alkalomra olyan m\u00fazeumpedag\u00f3giai feladatokat is \u00f6ssze\u00e1ll\u00edtanak, amelyek megold\u00e1sakor az int\u00e9zm\u00e9nnyel j\u00e1t\u00e9kos form\u00e1ban ismerkedhettek a di\u00e1kok.  Mindk\u00e9t feladatsor megold\u00e1s\u00e1ra 60-60 perc \u00e1llt a versenyz\u00f5k rendelkez\u00e9s\u00e9re, a sz\u00fcnetben az id\u00f5utaz\u00f3k kaka\u00f3s csig\u00e1val \u00e9s \u00fcd\u00edt\u00f5vel friss\u00edthett\u00e9k fel magukat a b\u00fcf\u00e9ben. Az eredm\u00e9nyhirdet\u00e9s egy h\u00e9t m\u00falva lesz az Eml\u00e9kpontban, ahol az 5. \u00e9s a 6. oszt\u00e1lyosok k\u00f6z\u00fcl is a legjobb hatot jutalmazz\u00e1k.  Forr\u00e1s: Promen\u00e1d.hu &#8211; a vid\u00e9k h\u00edrport\u00e1lja<\/p>\n","protected":false},"excerpt":{"rendered":"<p>Id\u00f5utaz\u00f3k versenyeztek az Eml\u00e9kpontban Hatvan 5-6. oszt\u00e1lyos di\u00e1k m\u00e9rte \u00f6ssze tud\u00e1s\u00e1t az \u00e1ltal\u00e1nos iskol\u00e1sok v\u00e1rosi t\u00f6rt\u00e9nelem verseny\u00e9n m\u00e1jus 30-\u00e1n d\u00e9lel\u00f5tt a h\u00f3dmez\u00f5v\u00e1s\u00e1rhelyi Eml\u00e9kpontban. A k\u00e9pzeletbeli id\u00f5g\u00e9pek t\u00f6bb ezer \u00e9vet j\u00e1rtak be alig k\u00e9t \u00f3ra alatt. A Klauz\u00e1l G\u00e1bor \u00c1ltal\u00e1nos Iskola szervez\u00e9s\u00e9ben zajl\u00f3 megm\u00e9rettet\u00e9sr\u00f5l Baranyi Imre t\u00f6rt\u00e9nelemtan\u00e1r elmondta, a feladatokat \u00fagy \u00e1ll\u00edtott\u00e1k \u00f6ssze, hogy a lexik\u00e1lis [&hellip;]<\/p>\n","protected":false},"author":5,"featured_media":0,"comment_status":"open","ping_status":"open","sticky":false,"template":"","format":"standard","meta":{"footnotes":""},"categories":[12,8,18],"tags":[],"_links":{"self":[{"href":"https:\/\/emlekpont.hu\/index.php?rest_route=\/wp\/v2\/posts\/6631"}],"collection":[{"href":"https:\/\/emlekpont.hu\/index.php?rest_route=\/wp\/v2\/posts"}],"about":[{"href":"https:\/\/emlekpont.hu\/index.php?rest_route=\/wp\/v2\/types\/post"}],"author":[{"embeddable":true,"href":"https:\/\/emlekpont.hu\/index.php?rest_route=\/wp\/v2\/users\/5"}],"replies":[{"embeddable":true,"href":"https:\/\/emlekpont.hu\/index.php?rest_route=%2Fwp%2Fv2%2Fcomments&post=6631"}],"version-history":[{"count":0,"href":"https:\/\/emlekpont.hu\/index.php?rest_route=\/wp\/v2\/posts\/6631\/revisions"}],"wp:attachment":[{"href":"https:\/\/emlekpont.hu\/index.php?rest_route=%2Fwp%2Fv2%2Fmedia&parent=6631"}],"wp:term":[{"taxonomy":"category","embeddable":true,"href":"https:\/\/emlekpont.hu\/index.php?rest_route=%2Fwp%2Fv2%2Fcategories&post=6631"},{"taxonomy":"post_tag","embeddable":true,"href":"https:\/\/emlekpont.hu\/index.php?rest_route=%2Fwp%2Fv2%2Ftags&post=6631"}],"curies":[{"name":"wp","href":"https:\/\/api.w.org\/{rel}","templated":true}]}}