{"id":6627,"date":"2013-06-13T00:00:00","date_gmt":"2013-06-13T00:00:00","guid":{"rendered":"http:\/\/emlekpont.hu\/?p=6627"},"modified":"2013-06-13T00:00:00","modified_gmt":"2013-06-13T00:00:00","slug":"szent-ivan-napi-mulatsagok-hodmezovasarhelyen","status":"publish","type":"post","link":"https:\/\/emlekpont.hu\/?p=6627","title":{"rendered":"Szent Iv\u00e1n Napi Mulats\u00e1gok H\u00f3dmez\u0151v\u00e1s\u00e1rhelyen"},"content":{"rendered":"<p>Szent Iv\u00e1n Napi Mulats\u00e1gokH\u00e1romnapos fesztiv\u00e1lra k\u00e9sz\u00fclnek H\u00f3dmez\u00f5v\u00e1s\u00e1rhelyen  Igazi kultur-boom avagy zene, sz\u00ednh\u00e1z, t\u00e1nc \u00e9s m\u00fazeumi kalandok v\u00e1rj\u00e1k j\u00f6v\u00f5 h\u00e9t v\u00e9g\u00e9n az \u00e9rdekl\u00f5d\u00f5ket H\u00f3dmez\u00f5v\u00e1s\u00e1rhelyen, ahol els\u00f5 alkalommal rendezik meg a Szent Iv\u00e1n Napi Mulats\u00e1gokat. A j\u00fanius 21. \u00e9s 23. k\u00f6z\u00f6tt zajl\u00f3 rendezv\u00e9nysorozaton musicalesten l\u00e9p fel Dolhai Attila, az \u00edr zene fenegyerekei, a Pady and the Rats ad koncertet, a n\u00e9z\u00f5k egy\u00fctt S.\u00d6.R.-\u00f6zhetnek K\u00e1lid Art\u00farra \u00e9s K\u00e1lloy Moln\u00e1r P\u00e9terrel, a T\u00e1jh\u00e1zn\u00e1l a v\u00e1llalkoz\u00f3 kedv\u00fbek kipr\u00f3b\u00e1lhatj\u00e1k a par\u00e1zson j\u00e1r\u00e1st \u00e9s t\u00fbzugr\u00e1st, valamint \u00e9jszakai ki\u00e1ll\u00edt\u00e1sokkal \u00e9s programokkal v\u00e1rj\u00e1k a m\u00fazeumbar\u00e1tokat.      Szombat \u00e9jszaka a m\u00fazeumok is megnyitj\u00e1k kapuikat, hajnal egy \u00f3r\u00e1ig v\u00e1rj\u00e1k a l\u00e1togat\u00f3kat izgalmas ki\u00e1ll\u00edt\u00e1sokkal \u00e9s programokkal, amelyeken a f\u00f5szerepet a fot\u00f3 kapja: t\u00edz \u00e9v v\u00e1s\u00e1rhelyi pillanatk\u00e9pei a fot\u00f3szimp\u00f3ziumokon \u00e9s egy 18-as karik\u00e1s ki\u00e1ll\u00edt\u00e1s a Tornyai-m\u00fazeumban, Eifert J\u00e1nos diapor\u00e1m\u00e1i \u00e9s fotogr\u00e1fi\u00e1i az Alf\u00f6ldi Gal\u00e9ri\u00e1ban. Az Eml\u00e9kpont az id\u00e9n is id\u00f5utaz\u00e1sra h\u00edvja a retro-fanokat: lesz nyolcvanas \u00e9vek divat \u00e9s hajbemutat\u00f3ja, punkkoncerttel f\u00fbszerezett underground hangulat a rendszerv\u00e1lt\u00e1s szubkult\u00far\u00e1j\u00e1t felid\u00e9z\u00f5 Rodolf Herv\u00e9 ki\u00e1ll\u00edt\u00e1son.<\/p>\n","protected":false},"excerpt":{"rendered":"<p>Szent Iv\u00e1n Napi Mulats\u00e1gokH\u00e1romnapos fesztiv\u00e1lra k\u00e9sz\u00fclnek H\u00f3dmez\u00f5v\u00e1s\u00e1rhelyen Igazi kultur-boom avagy zene, sz\u00ednh\u00e1z, t\u00e1nc \u00e9s m\u00fazeumi kalandok v\u00e1rj\u00e1k j\u00f6v\u00f5 h\u00e9t v\u00e9g\u00e9n az \u00e9rdekl\u00f5d\u00f5ket H\u00f3dmez\u00f5v\u00e1s\u00e1rhelyen, ahol els\u00f5 alkalommal rendezik meg a Szent Iv\u00e1n Napi Mulats\u00e1gokat. A j\u00fanius 21. \u00e9s 23. k\u00f6z\u00f6tt zajl\u00f3 rendezv\u00e9nysorozaton musicalesten l\u00e9p fel Dolhai Attila, az \u00edr zene fenegyerekei, a Pady and the Rats [&hellip;]<\/p>\n","protected":false},"author":5,"featured_media":0,"comment_status":"open","ping_status":"open","sticky":false,"template":"","format":"standard","meta":{"footnotes":""},"categories":[12,8,18],"tags":[],"_links":{"self":[{"href":"https:\/\/emlekpont.hu\/index.php?rest_route=\/wp\/v2\/posts\/6627"}],"collection":[{"href":"https:\/\/emlekpont.hu\/index.php?rest_route=\/wp\/v2\/posts"}],"about":[{"href":"https:\/\/emlekpont.hu\/index.php?rest_route=\/wp\/v2\/types\/post"}],"author":[{"embeddable":true,"href":"https:\/\/emlekpont.hu\/index.php?rest_route=\/wp\/v2\/users\/5"}],"replies":[{"embeddable":true,"href":"https:\/\/emlekpont.hu\/index.php?rest_route=%2Fwp%2Fv2%2Fcomments&post=6627"}],"version-history":[{"count":0,"href":"https:\/\/emlekpont.hu\/index.php?rest_route=\/wp\/v2\/posts\/6627\/revisions"}],"wp:attachment":[{"href":"https:\/\/emlekpont.hu\/index.php?rest_route=%2Fwp%2Fv2%2Fmedia&parent=6627"}],"wp:term":[{"taxonomy":"category","embeddable":true,"href":"https:\/\/emlekpont.hu\/index.php?rest_route=%2Fwp%2Fv2%2Fcategories&post=6627"},{"taxonomy":"post_tag","embeddable":true,"href":"https:\/\/emlekpont.hu\/index.php?rest_route=%2Fwp%2Fv2%2Ftags&post=6627"}],"curies":[{"name":"wp","href":"https:\/\/api.w.org\/{rel}","templated":true}]}}