{"id":6626,"date":"2013-06-14T00:00:00","date_gmt":"2013-06-14T00:00:00","guid":{"rendered":"http:\/\/emlekpont.hu\/?p=6626"},"modified":"2013-06-14T00:00:00","modified_gmt":"2013-06-14T00:00:00","slug":"a-cel-bemutatni-nagy-imret-mint-embert","status":"publish","type":"post","link":"https:\/\/emlekpont.hu\/?p=6626","title":{"rendered":"A c\u00e9l: bemutatni Nagy Imr\u00e9t, mint embert"},"content":{"rendered":"<p>A c\u00e9l: bemutatni Nagy Imr\u00e9t, mint embert  Nagy Imre m\u00e1rt\u00edr minisztereln\u00f6k legszem\u00e9lyesebb gyermekkori fot\u00f3i \u00e9s az akkori nagypolitika legfontosabb k\u00e9pei is megtekinthet\u00f5k az Eml\u00e9kpontban ny\u00edlt Nagy Imre \u00e9lete \u00e9s hal\u00e1la k\u00e9pekben c\u00edm&#038;ucirc, kamara-ki\u00e1ll\u00edt\u00e1son.  &#8211; 1958 j\u00fanius 16-\u00e1n v\u00e9gezt\u00e9k ki Nagy Imr\u00e9t \u00e9s t\u00e1rsait &#8211; ennek aprop\u00f3j\u00e1b\u00f3l szervezt\u00fck meg a t\u00e1rlatot &#8211; mondta el Sipos J\u00f3zsef egyetemi docens. A t\u00edz tabl\u00f3s ki\u00e1ll\u00edt\u00e1son az egykori minisztereln\u00f6k\u00f6t, mint embert is szeretn\u00e9k bemutatni: csal\u00e1di k\u00f6r\u00fclm\u00e9nyeit, feles\u00e9g\u00e9t, gyerek\u00e9t.      A Nagy Imre T\u00e1rsas\u00e1g kiadv\u00e1nyaival gazdagodott az Eml\u00e9kpont  A t\u00e1rlat kezdet\u00e9n Vincze G\u00e1bor t\u00f6rt\u00e9n\u00e9sz k\u00f6sz\u00f6nt\u00f6tte a megjelenteket, majd Sipos J\u00f3zsef nyitotta meg a ki\u00e1ll\u00edt\u00e1st. Ezut\u00e1n Balah\u00f3 Zolt\u00e1n, a Nagy Imre T\u00e1rsas\u00e1g orsz\u00e1gos eln\u00f6ke adta \u00e1t a t\u00e1rsas\u00e1g \u00e9s a Nagy Imre Alap\u00edtv\u00e1ny t\u00f6bb fontos k\u00f6nyv\u00e9t az Eml\u00e9kpontnak.  A ki\u00e1ll\u00edt\u00e1s az elk\u00f6vetkezend\u00f5 hetekben tekinthet\u00f5 meg.  Forr\u00e1s: Promen\u00e1d.hu &#8211; a vid\u00e9k h\u00edrport\u00e1lja<\/p>\n","protected":false},"excerpt":{"rendered":"<p>A c\u00e9l: bemutatni Nagy Imr\u00e9t, mint embert Nagy Imre m\u00e1rt\u00edr minisztereln\u00f6k legszem\u00e9lyesebb gyermekkori fot\u00f3i \u00e9s az akkori nagypolitika legfontosabb k\u00e9pei is megtekinthet\u00f5k az Eml\u00e9kpontban ny\u00edlt Nagy Imre \u00e9lete \u00e9s hal\u00e1la k\u00e9pekben c\u00edm&#038;ucirc, kamara-ki\u00e1ll\u00edt\u00e1son. &#8211; 1958 j\u00fanius 16-\u00e1n v\u00e9gezt\u00e9k ki Nagy Imr\u00e9t \u00e9s t\u00e1rsait &#8211; ennek aprop\u00f3j\u00e1b\u00f3l szervezt\u00fck meg a t\u00e1rlatot &#8211; mondta el Sipos J\u00f3zsef [&hellip;]<\/p>\n","protected":false},"author":5,"featured_media":0,"comment_status":"open","ping_status":"open","sticky":false,"template":"","format":"standard","meta":{"footnotes":""},"categories":[12,8,18],"tags":[],"_links":{"self":[{"href":"https:\/\/emlekpont.hu\/index.php?rest_route=\/wp\/v2\/posts\/6626"}],"collection":[{"href":"https:\/\/emlekpont.hu\/index.php?rest_route=\/wp\/v2\/posts"}],"about":[{"href":"https:\/\/emlekpont.hu\/index.php?rest_route=\/wp\/v2\/types\/post"}],"author":[{"embeddable":true,"href":"https:\/\/emlekpont.hu\/index.php?rest_route=\/wp\/v2\/users\/5"}],"replies":[{"embeddable":true,"href":"https:\/\/emlekpont.hu\/index.php?rest_route=%2Fwp%2Fv2%2Fcomments&post=6626"}],"version-history":[{"count":0,"href":"https:\/\/emlekpont.hu\/index.php?rest_route=\/wp\/v2\/posts\/6626\/revisions"}],"wp:attachment":[{"href":"https:\/\/emlekpont.hu\/index.php?rest_route=%2Fwp%2Fv2%2Fmedia&parent=6626"}],"wp:term":[{"taxonomy":"category","embeddable":true,"href":"https:\/\/emlekpont.hu\/index.php?rest_route=%2Fwp%2Fv2%2Fcategories&post=6626"},{"taxonomy":"post_tag","embeddable":true,"href":"https:\/\/emlekpont.hu\/index.php?rest_route=%2Fwp%2Fv2%2Ftags&post=6626"}],"curies":[{"name":"wp","href":"https:\/\/api.w.org\/{rel}","templated":true}]}}