{"id":6622,"date":"2013-06-28T00:00:00","date_gmt":"2013-06-28T00:00:00","guid":{"rendered":"http:\/\/emlekpont.hu\/?p=6622"},"modified":"2013-06-28T00:00:00","modified_gmt":"2013-06-28T00:00:00","slug":"utcai-installacio-a-kulakuldozes-emleknapjan","status":"publish","type":"post","link":"https:\/\/emlekpont.hu\/?p=6622","title":{"rendered":"Utcai install\u00e1ci\u00f3 a kul\u00e1k\u00fcld\u00f6z\u00e9s eml\u00e9knapj\u00e1n"},"content":{"rendered":"<p>A kul\u00e1k\u00fcld\u00f6z\u00e9s \u00e1ldozataira eml\u00e9keznekMegr\u00e1z\u00f3 utcai install\u00e1ci\u00f3 az Eml\u00e9kpontn\u00e1l  A rettegett \u00c1VH \u00e1ltal agyonvert, megk\u00ednzott parasztemberek portr\u00e9i, kul\u00e1klist\u00e1k \u00e9s beszolg\u00e1ltat\u00e1si dokumentumok, usz\u00edt\u00f3 hangv\u00e9tel\u00fb \u00fajs\u00e1gcikkek szembes\u00edtik az Eml\u00e9kpont el\u00f5tt els\u00e9t\u00e1l\u00f3kat a kul\u00e1knak b\u00e9lyegzett gazd\u00e1k tragikus sors\u00e1val j\u00fanius 29-\u00e9n.  A Magyar Orsz\u00e1ggy\u00fbl\u00e9s a kul\u00e1k\u00fcld\u00f6z\u00e9s idej\u00e9n t\u00f6nkretett magyar gazd\u00e1k eml\u00e9knapj\u00e1v\u00e1 nyilv\u00e1n\u00edtotta j\u00fanius 29-\u00e9t, P\u00e9ter-P\u00e1l napj\u00e1t, amely a hagyom\u00e1ny szerint a betakar\u00edt\u00e1s kezdete, &#8222;a paraszts\u00e1g \u00fcnnepe&#8221;. Hat\u00e1rozat\u00e1ban az Orsz\u00e1ggy\u00fbl\u00e9s el\u00edt\u00e9li a kommunista diktat\u00fara idej\u00e9n a magyar k\u00f6z\u00e9pparaszts\u00e1ggal szemben tan\u00fas\u00edtott kegyetlen \u00fcld\u00f6ztet\u00e9st \u00e9s megk\u00fcl\u00f6nb\u00f6ztet\u00e9st.       A \u00bdkul\u00e1k\u00fcld\u00f6z\u00e9s\u00bd a kommunista hatalom\u00e1tv\u00e9tellel vette kezdet\u00e9t, amikor is a R\u00e1kosi-rezsim k\u00edm\u00e9letlen harcot ind\u00edtott a magyar agr\u00e1rt\u00e1rsadalom ellen. A p\u00e1rt minden eszk\u00f6zzel arra t\u00f6rekedett, hogy lerombolja a hagyom\u00e1nyos paraszti \u00e9letform\u00e1t, \u00e9s a parasztokat f\u00f6ldjeik elhagy\u00e1s\u00e1ra k\u00e9nyszer\u00edtse.   A t\u00e1mad\u00e1sok c\u00e9lkeresztj\u00e9be a szovjet mint\u00e1nak megfelel\u00f5en a &#8222;kul\u00e1k&#8221; ker\u00fclt. A kul\u00e1k sz\u00f3nak nincs magyar megfelel\u00f5je. M\u00e9g csak le sem ford\u00edtott\u00e1k. B\u00e1rkib\u00f5l lehetett kul\u00e1k, vagyis k\u00f6zellens\u00e9g: szabad pr\u00e9da. Kul\u00e1klist\u00e1k k\u00e9sz\u00fcltek, \u00e9s erre felker\u00fcltek H\u00f3dmez\u00f5v\u00e1s\u00e1rhely legtekint\u00e9lyesebb gazd\u00e1i is, azok, akik a legeredm\u00e9nyesebben gazd\u00e1lkodtak. Orsz\u00e1gosan, mintegy 71 ezer kul\u00e1kcsal\u00e1dot tartottak nyilv\u00e1n. B\u00e1r hivatalosan a 25 holdon fel\u00fcli k\u00f6z\u00e9p- \u00e9s gazdagparasztok sz\u00e1m\u00edtottak kul\u00e1knak, a gyakorlatban ezt a helyi p\u00e1rtvezet\u00e9s d\u00f6nt\u00f6tte el. H\u00f3dmez\u00f5v\u00e1s\u00e1rhelyen mintegy k\u00e9tezer ember ker\u00fclt kul\u00e1klist\u00e1ra. A kul\u00e1knak b\u00e9lyegzetteket k\u00fcl\u00f6nad\u00f3kkal, megemelt beszolg\u00e1ltat\u00e1si k\u00f6telezetts\u00e9ggel, \u00e1lland\u00f3 pszich\u00e9s \u00e9s fizikai terrorral sanyargatt\u00e1k. Nyilv\u00e1nos feny\u00edt\u00e9sekkel, ver\u00e9sekkel, munkaszolg\u00e1lattal, kitelep\u00edt\u00e9ssel, vagyonelkobz\u00e1ssal, hat\u00f3s\u00e1gi elj\u00e1r\u00e1sok ezreivel, koholt v\u00e1dak alapj\u00e1n ind\u00edtott perek sz\u00e1zaival, s\u00falyos b\u00f6rt\u00f6nb\u00fcntet\u00e9sekkel \u00e9s kiv\u00e9gz\u00e9sekkel akart\u00e1k megt\u00f6rni az embereket.   A gazd\u00e1k pedig t\u00f6meg\u00e9vel menek\u00fcltek f\u00f6ldjeikr\u00f5l, miut\u00e1n azokat &#8222;\u00f6nk\u00e9nt&#8221; felaj\u00e1nlott\u00e1k az \u00e1llamnak. Volt, aki nem b\u00edrta elviselni a zaklat\u00e1sokat, \u00e9s \u00f6ngyilkoss\u00e1got k\u00f6vetett el, m\u00e1sokat otthonukban vertek agyon vagy a b\u00f6rt\u00f6nben elszenvedett fizikai b\u00e1ntalmaz\u00e1sok k\u00f6vetkezt\u00e9ben vesztette \u00e9let\u00e9t.<\/p>\n","protected":false},"excerpt":{"rendered":"<p>A kul\u00e1k\u00fcld\u00f6z\u00e9s \u00e1ldozataira eml\u00e9keznekMegr\u00e1z\u00f3 utcai install\u00e1ci\u00f3 az Eml\u00e9kpontn\u00e1l A rettegett \u00c1VH \u00e1ltal agyonvert, megk\u00ednzott parasztemberek portr\u00e9i, kul\u00e1klist\u00e1k \u00e9s beszolg\u00e1ltat\u00e1si dokumentumok, usz\u00edt\u00f3 hangv\u00e9tel\u00fb \u00fajs\u00e1gcikkek szembes\u00edtik az Eml\u00e9kpont el\u00f5tt els\u00e9t\u00e1l\u00f3kat a kul\u00e1knak b\u00e9lyegzett gazd\u00e1k tragikus sors\u00e1val j\u00fanius 29-\u00e9n. A Magyar Orsz\u00e1ggy\u00fbl\u00e9s a kul\u00e1k\u00fcld\u00f6z\u00e9s idej\u00e9n t\u00f6nkretett magyar gazd\u00e1k eml\u00e9knapj\u00e1v\u00e1 nyilv\u00e1n\u00edtotta j\u00fanius 29-\u00e9t, P\u00e9ter-P\u00e1l napj\u00e1t, amely a hagyom\u00e1ny szerint [&hellip;]<\/p>\n","protected":false},"author":5,"featured_media":0,"comment_status":"open","ping_status":"open","sticky":false,"template":"","format":"standard","meta":{"footnotes":""},"categories":[12,8,18],"tags":[],"_links":{"self":[{"href":"https:\/\/emlekpont.hu\/index.php?rest_route=\/wp\/v2\/posts\/6622"}],"collection":[{"href":"https:\/\/emlekpont.hu\/index.php?rest_route=\/wp\/v2\/posts"}],"about":[{"href":"https:\/\/emlekpont.hu\/index.php?rest_route=\/wp\/v2\/types\/post"}],"author":[{"embeddable":true,"href":"https:\/\/emlekpont.hu\/index.php?rest_route=\/wp\/v2\/users\/5"}],"replies":[{"embeddable":true,"href":"https:\/\/emlekpont.hu\/index.php?rest_route=%2Fwp%2Fv2%2Fcomments&post=6622"}],"version-history":[{"count":0,"href":"https:\/\/emlekpont.hu\/index.php?rest_route=\/wp\/v2\/posts\/6622\/revisions"}],"wp:attachment":[{"href":"https:\/\/emlekpont.hu\/index.php?rest_route=%2Fwp%2Fv2%2Fmedia&parent=6622"}],"wp:term":[{"taxonomy":"category","embeddable":true,"href":"https:\/\/emlekpont.hu\/index.php?rest_route=%2Fwp%2Fv2%2Fcategories&post=6622"},{"taxonomy":"post_tag","embeddable":true,"href":"https:\/\/emlekpont.hu\/index.php?rest_route=%2Fwp%2Fv2%2Ftags&post=6622"}],"curies":[{"name":"wp","href":"https:\/\/api.w.org\/{rel}","templated":true}]}}