{"id":6621,"date":"2013-07-30T00:00:00","date_gmt":"2013-07-30T00:00:00","guid":{"rendered":"http:\/\/emlekpont.hu\/?p=6621"},"modified":"2013-07-30T00:00:00","modified_gmt":"2013-07-30T00:00:00","slug":"a-tongai-kiraly-udvari-festoje-az-emlekpontban","status":"publish","type":"post","link":"https:\/\/emlekpont.hu\/?p=6621","title":{"rendered":"A tongai kir\u00e1ly udvari fest\u0151je az Eml\u00e9kpontban"},"content":{"rendered":"<p>A f\u00e9ny keletr\u00f5l \u00e9rkezikA tongai kir\u00e1ly udvari fest\u00f5je az Eml\u00e9kpontban  Doma-Mik\u00f3 Istv\u00e1n, a Tongai Kir\u00e1lys\u00e1g udvari fest\u00f5m\u00fbv\u00e9sze filmbemutat\u00f3val egybek\u00f6t\u00f6tt esten mutatja be a F\u00f6ld \u00bdt\u00faloldal\u00e1n\u00bd, a Csendes \u00f3ce\u00e1n k\u00f6zep\u00e9n fekv\u00f5 apr\u00f3 szigetcsoport magyarkedvel\u00f5 uralkod\u00f3it \u00e9s a t\u00e1voli kir\u00e1lys\u00e1g \u00e9let\u00e9t augusztus 2-\u00e1n, p\u00e9nteken 17 \u00f3rakor az Eml\u00e9kpontban.  A Tongai Kir\u00e1lys\u00e1g nem a vil\u00e1g v\u00e9g\u00e9n van &#8211; emeli ki Doma-Mik\u00f3 Istv\u00e1n, aki nem mindennapi utat j\u00e1rt be F\u00fczesgyarmatt\u00f3l a polin\u00e9z szigetekig -, hanem a vil\u00e1g elej\u00e9n, ugyanis a nap mindig ott kel fel el\u00f5sz\u00f6r, ott kezd\u00f5dik minden \u00fajabb nap \u00e9s az \u00faj\u00e9v is. A kir\u00e1lys\u00e1g ugyanis az id\u00f5v\u00e1laszt\u00f3 vas\u00e1rnap-h\u00e9tf\u00f5 vonal els\u00f5 orsz\u00e1ga. De hogyan ker\u00fclt az est el\u00f5ad\u00f3ja a Budapestt\u00f5l tizenh\u00e9tezer kilom\u00e9terre tal\u00e1lhat\u00f3 Hawaii \u00e9s \u00daj-Z\u00e9land k\u00f6z\u00f6tt f\u00e9l\u00faton fekv\u00f5 monarchi\u00e1ba? Mik\u00f3 Istv\u00e1n 1980 \u00f3ta \u00e9l Jap\u00e1nban, mint fest\u00f5m&#038;ucirc,v\u00e9sz, ahol a k\u00e9pz\u00f5m\u00fbv\u00e9szeti f\u00f5iskol\u00e1n is tan\u00edt, innen j\u00e1rta be a Csendes-\u00f3ce\u00e1n szigetvil\u00e1g\u00e1nak orsz\u00e1gait.  \u00bd\u00d5fels\u00e9ge, IV. Tupou tongai kir\u00e1ly el\u00e9gedetlen volt a kor\u00e1bbi fest\u00f5kkel, ez\u00e9rt \u00faj m\u00fbv\u00e9szt keresett. Elk\u00e9sz\u00edtettem h\u00e1t egyszerre h\u00e1rom portr\u00e9t is r\u00f3la, gondolv\u00e1n, hogy kiv\u00e1lasztja majd mag\u00e1nak, amelyik tetszik neki. No, \u00f5fels\u00e9g\u00e9nek mind a h\u00e1rom k\u00e9p tetszett, s\u00f5t \u00fajabbakat is rendelt. Udvari fest\u00f5i kinevez\u00e9st kaptam, m\u00e9ghozz\u00e1 holtomig, egy kir\u00e1ly ugyanis nem vonhatja vissza a szav\u00e1t.\u00bd &#8211; nyilatkozta egy lapnak Doma-Mik\u00f3 tongai megb\u00edzat\u00e1s\u00e1nak t\u00f6rt\u00e9net\u00e9t.       Doma-Mik\u00f3 Istv\u00e1n udvari fest\u00f5m\u00fbv\u00e9sz a koron\u00e1z\u00e1si med\u00e1llal  \u00bdNekem Tonga a harmadik haz\u00e1m a sz\u00fcl\u00f5f\u00f6ldem, Magyarorsz\u00e1g \u00e9s a fogadott haz\u00e1m, Jap\u00e1n ut\u00e1n &#8211; vallja az \u00bdudvari piktor\u00bd. Az Eml\u00e9kpontba ell\u00e1togat\u00f3k megismerhetik a t\u00e1voli kir\u00e1lys\u00e1g mely olyan a Csendes-\u00f3ce\u00e1n v\u00e9gtelenj\u00e9ben, mint az \u00e9denkert mindennapjait, kir\u00e1lyainak orsz\u00e1g\u00e9p\u00edt\u00f5 tev\u00e9kenys\u00e9g\u00e9t, valamint politikai \u00e9s kultur\u00e1lis kapcsolat\u00e1t haz\u00e1nkkal. Doma-Mik\u00f3 Istv\u00e1n fest\u00f5m&#038;ucirc,v\u00e9sszel Feh\u00e9r J\u00f3zsef \u00edr\u00f3, k\u00f6lt\u00f5, a Magyar Kult\u00fara Lovagja besz\u00e9lget p\u00e9nteken d\u00e9lut\u00e1n 5 \u00f3r\u00e1t\u00f3l a v\u00e1s\u00e1rhelyi k\u00f6zgy\u00fbjtem\u00e9nyben.<\/p>\n","protected":false},"excerpt":{"rendered":"<p>A f\u00e9ny keletr\u00f5l \u00e9rkezikA tongai kir\u00e1ly udvari fest\u00f5je az Eml\u00e9kpontban Doma-Mik\u00f3 Istv\u00e1n, a Tongai Kir\u00e1lys\u00e1g udvari fest\u00f5m\u00fbv\u00e9sze filmbemutat\u00f3val egybek\u00f6t\u00f6tt esten mutatja be a F\u00f6ld \u00bdt\u00faloldal\u00e1n\u00bd, a Csendes \u00f3ce\u00e1n k\u00f6zep\u00e9n fekv\u00f5 apr\u00f3 szigetcsoport magyarkedvel\u00f5 uralkod\u00f3it \u00e9s a t\u00e1voli kir\u00e1lys\u00e1g \u00e9let\u00e9t augusztus 2-\u00e1n, p\u00e9nteken 17 \u00f3rakor az Eml\u00e9kpontban. A Tongai Kir\u00e1lys\u00e1g nem a vil\u00e1g v\u00e9g\u00e9n van &#8211; [&hellip;]<\/p>\n","protected":false},"author":5,"featured_media":0,"comment_status":"open","ping_status":"open","sticky":false,"template":"","format":"standard","meta":{"footnotes":""},"categories":[12,8,18],"tags":[],"_links":{"self":[{"href":"https:\/\/emlekpont.hu\/index.php?rest_route=\/wp\/v2\/posts\/6621"}],"collection":[{"href":"https:\/\/emlekpont.hu\/index.php?rest_route=\/wp\/v2\/posts"}],"about":[{"href":"https:\/\/emlekpont.hu\/index.php?rest_route=\/wp\/v2\/types\/post"}],"author":[{"embeddable":true,"href":"https:\/\/emlekpont.hu\/index.php?rest_route=\/wp\/v2\/users\/5"}],"replies":[{"embeddable":true,"href":"https:\/\/emlekpont.hu\/index.php?rest_route=%2Fwp%2Fv2%2Fcomments&post=6621"}],"version-history":[{"count":0,"href":"https:\/\/emlekpont.hu\/index.php?rest_route=\/wp\/v2\/posts\/6621\/revisions"}],"wp:attachment":[{"href":"https:\/\/emlekpont.hu\/index.php?rest_route=%2Fwp%2Fv2%2Fmedia&parent=6621"}],"wp:term":[{"taxonomy":"category","embeddable":true,"href":"https:\/\/emlekpont.hu\/index.php?rest_route=%2Fwp%2Fv2%2Fcategories&post=6621"},{"taxonomy":"post_tag","embeddable":true,"href":"https:\/\/emlekpont.hu\/index.php?rest_route=%2Fwp%2Fv2%2Ftags&post=6621"}],"curies":[{"name":"wp","href":"https:\/\/api.w.org\/{rel}","templated":true}]}}