{"id":6620,"date":"2013-09-26T00:00:00","date_gmt":"2013-09-26T00:00:00","guid":{"rendered":"http:\/\/emlekpont.hu\/?p=6620"},"modified":"2013-09-26T00:00:00","modified_gmt":"2013-09-26T00:00:00","slug":"politikum-es-tarsadalom-hatvan-ev-vasarhelyi-oszi-tarlataiban-2","status":"publish","type":"post","link":"https:\/\/emlekpont.hu\/?p=6620","title":{"rendered":"Politikum \u00e9s t\u00e1rsadalom hatvan \u00e9v V\u00e1s\u00e1rhelyi \u0150szi T\u00e1rlataiban"},"content":{"rendered":"<p>Politikum \u00e9s t\u00e1rsadalom hatvan \u00e9v V\u00e1s\u00e1rhelyi \u00d5szi T\u00e1rlataibanRejtett politikai utal\u00e1sok \u00e9s szociogr\u00e1fiai t\u00e9m\u00e1k az Eml\u00e9kpont \u00faj ki\u00e1ll\u00edt\u00e1s\u00e1n  Az Eml\u00e9kpont is csatlakozik a jubileumi, hatvanadik V\u00e1s\u00e1rhelyi \u00d5szi T\u00e1rlat k\u00eds\u00e9r\u00f5 ki\u00e1ll\u00edt\u00e1saihoz. Az okt\u00f3ber 5-\u00e9n ny\u00edl\u00f3 t\u00e1rlaton k\u00f6zel h\u00fasz olyan m\u00fbvet tekinthetnek meg a l\u00e1togat\u00f3k, melyek direkt vagy rejtett politikai utal\u00e1sokat tartalmaznak, illetve k\u00f6zvetlen t\u00e1rsadalmi, szociogr\u00e1fiai probl\u00e9m\u00e1kat vetnek fel.  Dr. Nagy Imre m\u00fbv\u00e9szett\u00f6rt\u00e9n\u00e9sz a Tornyai J\u00e1nos M\u00fazeum k\u00e9pz\u00f5m\u00fbv\u00e9szeti gy\u00fbjtem\u00e9ny\u00e9b\u00f5l v\u00e1logatta \u00f6ssze a ki\u00e1ll\u00edt\u00e1s anyag\u00e1t, olyan m\u00fbt\u00e1rgyak k\u00f6z\u00fcl, melyeket a k\u00f6zgy\u00fbjtem\u00e9ny fenntart\u00f3i (H\u00f3dmez\u00f5v\u00e1s\u00e1rhely v\u00e1rosa, Csongr\u00e1d megye, illetve a kultur\u00e1lis miniszt\u00e9rium) v\u00e1s\u00e1roltak az \u00d5szi T\u00e1rlatok alkot\u00f3inak m\u00fbveib\u00f5l. A ki\u00e1ll\u00edt\u00e1son szerepl\u00f5 18 festm\u00e9ny k\u00f6z\u00f6tt olyan &#8211; m\u00e1ra m\u00e1r emblematikuss\u00e1 v\u00e1lt &#8211; m\u00fbvek szerepelnek, mint Patay L\u00e1szl\u00f3 T\u00e1rgyal\u00e1s c\u00edm\u00fb nagym\u00e9ret\u00fb kompoz\u00edci\u00f3ja, vagy Szalay Ferenc Azok az \u00f6tvenes \u00e9vek c\u00edm\u00fb alkot\u00e1sa. El\u00f5bbi a Reagan-Gorbacsov-tal\u00e1lkoz\u00f3 aprop\u00f3j\u00e1n a vil\u00e1gpolitika aktu\u00e1lis esem\u00e9nyeire ir\u00e1ny\u00edtotta a figyelmet, m\u00edg ut\u00f3bbi egy visszatekint\u00f5 utal\u00e1s a R\u00e1kosi-diktat\u00fara kegyetlen vil\u00e1g\u00e1ra.       L\u00f3r\u00e1nt J\u00e1nos Demeter: K\u00f6zmunka (kork\u00e9p)olaj, v\u00e1szon, 150&#215;150 cm, 2010(Fot\u00f3: D\u00f6m\u00f6t\u00f6r Mih\u00e1ly)  A szoci\u00e1lis szeml\u00e9let t\u00f6bb m\u00fbv\u00f6n is megjelenik, melyek k\u00f6z\u00fcl a legmegr\u00e1z\u00f3bb Fej\u00e9r Csaba Vak hord\u00e1r alkot\u00e1sa. L\u00f3r\u00e1nt J\u00e1nos K\u00f6zmunk\u00e1sok c\u00edm\u00fb alkot\u00e1sa jelen\u00fcnk foglalkoztat\u00e1si probl\u00e9m\u00e1ira reflekt\u00e1l, mint ahogy Kov\u00e1cs Tam\u00e1s, Juh\u00e1sz S\u00e1ndor, illetve Zsuga S\u00e1ndor m\u00fbvei is az adott kor t\u00e1rsadalmi fesz\u00fclts\u00e9geit boncolgatj\u00e1k.       A kamarat\u00e1rlat okt\u00f3ber 5-\u00e9n, szombaton 11 \u00f3rakor ny\u00edlik meg a nagyk\u00f6z\u00f6ns\u00e9g el\u00f5tt \u00e9s okt\u00f3ber 13-ig l\u00e1togathat\u00f3 az Eml\u00e9kpontban.<\/p>\n","protected":false},"excerpt":{"rendered":"<p>Politikum \u00e9s t\u00e1rsadalom hatvan \u00e9v V\u00e1s\u00e1rhelyi \u00d5szi T\u00e1rlataibanRejtett politikai utal\u00e1sok \u00e9s szociogr\u00e1fiai t\u00e9m\u00e1k az Eml\u00e9kpont \u00faj ki\u00e1ll\u00edt\u00e1s\u00e1n Az Eml\u00e9kpont is csatlakozik a jubileumi, hatvanadik V\u00e1s\u00e1rhelyi \u00d5szi T\u00e1rlat k\u00eds\u00e9r\u00f5 ki\u00e1ll\u00edt\u00e1saihoz. Az okt\u00f3ber 5-\u00e9n ny\u00edl\u00f3 t\u00e1rlaton k\u00f6zel h\u00fasz olyan m\u00fbvet tekinthetnek meg a l\u00e1togat\u00f3k, melyek direkt vagy rejtett politikai utal\u00e1sokat tartalmaznak, illetve k\u00f6zvetlen t\u00e1rsadalmi, szociogr\u00e1fiai probl\u00e9m\u00e1kat vetnek [&hellip;]<\/p>\n","protected":false},"author":5,"featured_media":0,"comment_status":"open","ping_status":"open","sticky":false,"template":"","format":"standard","meta":{"footnotes":""},"categories":[12,8,18],"tags":[],"_links":{"self":[{"href":"https:\/\/emlekpont.hu\/index.php?rest_route=\/wp\/v2\/posts\/6620"}],"collection":[{"href":"https:\/\/emlekpont.hu\/index.php?rest_route=\/wp\/v2\/posts"}],"about":[{"href":"https:\/\/emlekpont.hu\/index.php?rest_route=\/wp\/v2\/types\/post"}],"author":[{"embeddable":true,"href":"https:\/\/emlekpont.hu\/index.php?rest_route=\/wp\/v2\/users\/5"}],"replies":[{"embeddable":true,"href":"https:\/\/emlekpont.hu\/index.php?rest_route=%2Fwp%2Fv2%2Fcomments&post=6620"}],"version-history":[{"count":0,"href":"https:\/\/emlekpont.hu\/index.php?rest_route=\/wp\/v2\/posts\/6620\/revisions"}],"wp:attachment":[{"href":"https:\/\/emlekpont.hu\/index.php?rest_route=%2Fwp%2Fv2%2Fmedia&parent=6620"}],"wp:term":[{"taxonomy":"category","embeddable":true,"href":"https:\/\/emlekpont.hu\/index.php?rest_route=%2Fwp%2Fv2%2Fcategories&post=6620"},{"taxonomy":"post_tag","embeddable":true,"href":"https:\/\/emlekpont.hu\/index.php?rest_route=%2Fwp%2Fv2%2Ftags&post=6620"}],"curies":[{"name":"wp","href":"https:\/\/api.w.org\/{rel}","templated":true}]}}