{"id":6619,"date":"2013-09-27T00:00:00","date_gmt":"2013-09-27T00:00:00","guid":{"rendered":"http:\/\/emlekpont.hu\/?p=6619"},"modified":"2013-09-27T00:00:00","modified_gmt":"2013-09-27T00:00:00","slug":"a-politikum-es-tarsadalom-60-ev-vasarhelyi-oszi-tarlataiban","status":"publish","type":"post","link":"https:\/\/emlekpont.hu\/?p=6619","title":{"rendered":"A politikum \u00e9s t\u00e1rsadalom &#8211; 60 \u00e9v V\u00e1s\u00e1rhelyi \u0150szi T\u00e1rlataiban"},"content":{"rendered":"<p>A politikum \u00e9s t\u00e1rsadalom &#8211; 60 \u00e9v V\u00e1s\u00e1rhelyi \u00d5szi T\u00e1rlataiban  Az Eml\u00e9kpont is csatlakozik a jubileumi, hatvanadik V\u00e1s\u00e1rhelyi \u00d5szi T\u00e1rlat k\u00eds\u00e9r\u00f5 ki\u00e1ll\u00edt\u00e1saihoz. Politikum \u00e9s t\u00e1rsadalom &#8211; hatvan \u00e9v V\u00e1s\u00e1rhelyi \u00d5szi T\u00e1rlataiban c\u00edmmel a rejtett politikai utal\u00e1sok \u00e9s a szociogr\u00e1fiai t\u00e9m\u00e1k ker\u00fclnek el\u00f5t\u00e9rbe az Eml\u00e9kpont \u00f6n\u00e1ll\u00f3 ki\u00e1ll\u00edt\u00e1s\u00e1n.  A politikum \u00e9s t\u00e1rsadalom &#8211; hatvan \u00e9v V\u00e1s\u00e1rhelyi \u00d5szi T\u00e1rlataiban elnevez\u00e9s\u00fb ki\u00e1ll\u00edt\u00e1son 17 olyan m\u00fbvet tekinthetnek meg a l\u00e1togat\u00f3k, amelyek direkt vagy rejtett politikai utal\u00e1sokat tartalmaznak, illetve k\u00f6zvetlen t\u00e1rsadalmi, szociogr\u00e1fiai probl\u00e9m\u00e1kat vetnek fel.      Dr. Nagy Imre m\u00fbv\u00e9szett\u00f6rt\u00e9n\u00e9sz a Tornyai J\u00e1nos M\u00fazeum k\u00e9pz\u00f5m\u00fbv\u00e9szeti gy\u00fbjtem\u00e9ny\u00e9b\u00f5&#038;otilde,l v\u00e1logatta \u00f6ssze az Eml\u00e9kpont \u00faj ki\u00e1ll\u00edt\u00e1s\u00e1nak anyag\u00e1t, olyan m\u00fbt\u00e1rgyak k\u00f6z\u00fcl, melyeket a k\u00f6zgy\u00fbjtem\u00e9ny fenntart\u00f3i v\u00e1s\u00e1roltak az \u00d5szi T\u00e1rlatok alkot\u00f3inak m\u00fbveib\u00f5l. A ki\u00e1ll\u00edt\u00e1son szerepl\u00f5 festm\u00e9nyek k\u00f6z\u00f6tt m\u00e1ra m\u00e1r emblematikuss\u00e1 v\u00e1lt m\u00fbvek is szerepelnek.  &#8211; Patay L\u00e1szl\u00f3nak a T\u00e1rgyal\u00e1s c\u00edm\u00fb alkot\u00e1sa az akkor aktu\u00e1lis esem\u00e9nyek, a Gorbacsov-Reagan tal\u00e1lkoz\u00f3 kapcs\u00e1n sz\u00fcletett \u00e9s megpr\u00f3b\u00e1lt egy t\u00e1rsadalmi k\u00f6rk\u00e9pet ny\u00fajtani az akkori vil\u00e1g helyzet\u00e9r\u00f5l &#8211; mondta Nagy Imre, a Tornyai J\u00e1nos M\u00fazeum igazgat\u00f3ja.      Dr. Nagy Imre m\u00fazeumigazgat\u00f3 \u00e9s Dr. Grezsa Istv\u00e1n telep\u00fcl\u00e9si k\u00e9pvisel\u00f5Patay L\u00e1szl\u00f3 \u00e9s Fej\u00e9r Csaba alkot\u00e1sai el\u00f5tt   A szoci\u00e1lis szeml\u00e9let t\u00f6bb m\u00fbv\u00f6n is megjelenik, melyek k\u00f6z\u00fcl a legmegr\u00e1z\u00f3bb Fej\u00e9r Csaba: Vak hord\u00e1r c\u00edm\u00fb alkot\u00e1sa.  &#8211; Fej\u00e9r Csaba mind a sz\u00ednkezel\u00e9s\u00e9vel, mind a technikai tud\u00e1s\u00e1val kiemelkedett ebb\u00f5l az \u00e1ltalam akkor bel\u00e1that\u00f3 h\u00f3dmez\u00f5v\u00e1s\u00e1rhelyi k\u00e9pz\u00f5m\u00fbv\u00e9szeti \u00e9s fest\u00f5gener\u00e1ci\u00f3b\u00f3l. \u00d5 \u00e9lharcosa volt a direkt politikai szerepv\u00e1llal\u00e1snak is, hiszen a lak\u00e1sukban alakult meg a helyi rendszerv\u00e1lt\u00e1s motorjak\u00e9nt m\u00fbk\u00f6d\u00f5 Magyar Demokrata F\u00f3rum &#8211; mondta dr. Grezsa Istv\u00e1n telep\u00fcl\u00e9si k\u00e9pvisel\u00f5.  A kamarat\u00e1rlat okt\u00f3ber 5-\u00e9n, szombaton 11 \u00f3rakor ny\u00edlik meg a nagyk\u00f6z\u00f6ns\u00e9g el\u00f5tt \u00e9s okt\u00f3ber 13-ig l\u00e1togathat\u00f3 az Eml\u00e9kpontban.  Forr\u00e1s: V\u00e1s\u00e1rhelyi Telev\u00edzi\u00f3<\/p>\n","protected":false},"excerpt":{"rendered":"<p>A politikum \u00e9s t\u00e1rsadalom &#8211; 60 \u00e9v V\u00e1s\u00e1rhelyi \u00d5szi T\u00e1rlataiban Az Eml\u00e9kpont is csatlakozik a jubileumi, hatvanadik V\u00e1s\u00e1rhelyi \u00d5szi T\u00e1rlat k\u00eds\u00e9r\u00f5 ki\u00e1ll\u00edt\u00e1saihoz. Politikum \u00e9s t\u00e1rsadalom &#8211; hatvan \u00e9v V\u00e1s\u00e1rhelyi \u00d5szi T\u00e1rlataiban c\u00edmmel a rejtett politikai utal\u00e1sok \u00e9s a szociogr\u00e1fiai t\u00e9m\u00e1k ker\u00fclnek el\u00f5t\u00e9rbe az Eml\u00e9kpont \u00f6n\u00e1ll\u00f3 ki\u00e1ll\u00edt\u00e1s\u00e1n. A politikum \u00e9s t\u00e1rsadalom &#8211; hatvan \u00e9v V\u00e1s\u00e1rhelyi \u00d5szi [&hellip;]<\/p>\n","protected":false},"author":5,"featured_media":0,"comment_status":"open","ping_status":"open","sticky":false,"template":"","format":"standard","meta":{"footnotes":""},"categories":[12,8,18],"tags":[],"_links":{"self":[{"href":"https:\/\/emlekpont.hu\/index.php?rest_route=\/wp\/v2\/posts\/6619"}],"collection":[{"href":"https:\/\/emlekpont.hu\/index.php?rest_route=\/wp\/v2\/posts"}],"about":[{"href":"https:\/\/emlekpont.hu\/index.php?rest_route=\/wp\/v2\/types\/post"}],"author":[{"embeddable":true,"href":"https:\/\/emlekpont.hu\/index.php?rest_route=\/wp\/v2\/users\/5"}],"replies":[{"embeddable":true,"href":"https:\/\/emlekpont.hu\/index.php?rest_route=%2Fwp%2Fv2%2Fcomments&post=6619"}],"version-history":[{"count":0,"href":"https:\/\/emlekpont.hu\/index.php?rest_route=\/wp\/v2\/posts\/6619\/revisions"}],"wp:attachment":[{"href":"https:\/\/emlekpont.hu\/index.php?rest_route=%2Fwp%2Fv2%2Fmedia&parent=6619"}],"wp:term":[{"taxonomy":"category","embeddable":true,"href":"https:\/\/emlekpont.hu\/index.php?rest_route=%2Fwp%2Fv2%2Fcategories&post=6619"},{"taxonomy":"post_tag","embeddable":true,"href":"https:\/\/emlekpont.hu\/index.php?rest_route=%2Fwp%2Fv2%2Ftags&post=6619"}],"curies":[{"name":"wp","href":"https:\/\/api.w.org\/{rel}","templated":true}]}}