{"id":6618,"date":"2013-10-05T00:00:00","date_gmt":"2013-10-05T00:00:00","guid":{"rendered":"http:\/\/emlekpont.hu\/?p=6618"},"modified":"2013-10-05T00:00:00","modified_gmt":"2013-10-05T00:00:00","slug":"amikor-az-avos-kopogtatott-az-ablakon","status":"publish","type":"post","link":"https:\/\/emlekpont.hu\/?p=6618","title":{"rendered":"Amikor az \u00e1v\u00f3s kopogtatott az ablakon"},"content":{"rendered":"<p>Amikor \u00e1v\u00f3s kopogtatott az ablakon  A m\u00fbv\u00e9szek t\u00e1rsadalom\u00e9rz\u00e9kenys\u00e9g\u00e9nek illusztr\u00e1l\u00e1sa \u00e9s nem az \u00e9letm\u00fbvek \u00e1t\u00e9rt\u00e9kel\u00e9se volt a c\u00e9l &#8211; fogalmazott dr. Nagy Imre m\u00fazeumigazgat\u00f3 az Eml\u00e9kpontban okt\u00f3ber 5-\u00e9n, szombaton d\u00e9lel\u00f5tt a Politikum \u00e9s t\u00e1rsadalom hatvan \u00e9v \u00f5szi t\u00e1rlataiban c\u00edmet visel\u00f5 ki\u00e1ll\u00edt\u00e1s megnyit\u00f3j\u00e1n a V\u00e1s\u00e1rhelyi \u00d5szi Hetek programsorozat r\u00e9szek\u00e9nt. A t\u00e1rlaton korabeli fot\u00f3kkal is megid\u00e9zt\u00e9k az akkori politikai elit \u00e9s a m\u00fbv\u00e9szet kapcsolat\u00e1t.  Az \u00f6tletet Patay L\u00e1szl\u00f3: A t\u00e1rgyal\u00e1s c\u00edm\u00fb festm\u00e9nye adta, melyben alkot\u00f3ja a Reagan \u00e9s Gorbacsov tal\u00e1lkoz\u00f3ja kapcs\u00e1n v\u00e1zolta a politikai helyzetet &#8211; k\u00e9t \u00fcres sz\u00e9kkel &#8211; helyet adva a lehajtott fej\u00fb parasztemberrel a magyar val\u00f3s\u00e1gnak, s\u00f5t az afrikai \u00e9hez\u00e9st, a palesztin probl\u00e9m\u00e1t, valamint a t\u00f6megoszlat\u00e1st is \u00e1br\u00e1zolta. Mellette kapott helyet Fej\u00e9r Csaba: A vak hord\u00e1r c\u00edm\u00fb alkot\u00e1sa, melyet az id\u00f5sebb gener\u00e1ci\u00f3k \u00e1ltal k\u00f6zismert, a h\u00f3dmez\u00f5v\u00e1s\u00e1rhelyi OTP el\u00f5tt \u00fcl\u00f5 b\u00e1csir\u00f3l mint\u00e1zott a m\u00fbv\u00e9sz rendk\u00edv\u00fcl hiteles portr\u00e9t teremtve.      Patay L\u00e1szl\u00f3 \u00e9s Fej\u00e9r Csaba emblematikus k\u00e9pei el\u00f5tt  Dr. Nagy Imre elmondta: az okt\u00f3ber 13-ig megtekinthet\u00f5 kamaraki\u00e1ll\u00edt\u00e1son az alf\u00f6ldi paraszts\u00e1g \u00b460-as \u00e9s \u00b470-es \u00e9vekben bek\u00f6vetkezett \u00e9letm\u00f3dv\u00e1ltoz\u00e1sa is \u00e1br\u00e1zol\u00e1st nyer, ennek kit\u00fbn\u00f5 p\u00e9ld\u00e1ja Szalay Ferenc: Azok az \u00f6tvenes \u00e9vek c\u00edm\u00fb kompoz\u00edci\u00f3ja, melynek sark\u00e1ban egy id\u00f5s parasztember \u00fcl, mik\u00f6zben az ablakon az \u00e1v\u00f3s kopogtat a kisablakon &#8211; m\u00f6g\u00f6tte j\u00f3l l\u00e1that\u00f3an az \u00e9jjelben vil\u00e1g\u00edt\u00f3 f\u00e9nysz\u00f3r\u00f3k l\u00e1ttatj\u00e1k az aut\u00f3t. A m\u00fazeumigazgat\u00f3 kiemelte: a ki\u00e1ll\u00edtott m\u00fbvek t\u00e1rsadalom\u00e9rz\u00e9kenys\u00e9g\u00fck miatt kaptak helyet, hiszen az emberi sorsokon kereszt\u00fcl re\u00e1lisan \u00e9rz\u00e9kelhetj\u00fck az akkori vil\u00e1g m\u00fbv\u00e9szi l\u00e1t\u00e1sm\u00f3dj\u00e1t is. Id\u00f5nk\u00e9nt torokszor\u00edt\u00f3 eml\u00e9kek is feltolulnak a n\u00e9z\u00f5kben, egy hom\u00e1lyba veszett korszak k\u00e9peinek felid\u00e9z\u00e9se ok\u00e1n.      Dr. Nagy Imre m\u00fazeumigazgat\u00f3 megnyit\u00f3ja  A tematik\u00e1jukban sokf\u00e9le, t\u00f6bbek k\u00f6z\u00f6tt a paraszts\u00e1g megsz\u00fbn\u00f5 \u00e9letform\u00e1j\u00e1nak tragikum\u00e1t vagy az anyas\u00e1got, a n\u00f5i sorsot meg\u00f6r\u00f6k\u00edt\u00f5 alkot\u00e1sokra st\u00edlusukban is a sokf\u00e9les\u00e9g a jellemz\u00f5, amelyekben m\u00e9g a realista \u00e1br\u00e1zol\u00e1sm\u00f3d is a l\u00e1tv\u00e1ny f\u00f6l\u00e9, a szimbolikus s\u00edkig emelkedik.  A kamaraki\u00e1ll\u00edt\u00e1s k\u00fcl\u00f6nlegess\u00e9ge, hogy egy vet\u00edt\u00e9st is l\u00e1thatnak a helysz\u00ednen az \u00e9rdekl\u00f5d\u00f5k. Olyan k\u00e9peket v\u00e1logattunk az arch\u00edvumunkb\u00f3l, amelyek az egyes \u00d5szi T\u00e1rlatok megnyit\u00f3it \u00e1br\u00e1zolj\u00e1k \u00e9s az \u00b450-es, \u00b460-as, \u00b470- es \u00e9vek politikai elitje l\u00e1that\u00f3. A legkor\u00e1bbi egy 1955-\u00f6s t\u00e1rlatnyit\u00e1s, ahol m\u00e9g Galyasi Mikl\u00f3st is lehet l\u00e1tni &#8211; mondta dr. Nagy Imre.  A kamarat\u00e1rlatot okt\u00f3ber 13-ig lehet megtekinteni az Eml\u00e9kpontban.  Forr\u00e1s: Promen\u00e1d.hu \u00e9s V\u00e1s\u00e1rhelyi Telev\u00edzi\u00f3<\/p>\n","protected":false},"excerpt":{"rendered":"<p>Amikor \u00e1v\u00f3s kopogtatott az ablakon A m\u00fbv\u00e9szek t\u00e1rsadalom\u00e9rz\u00e9kenys\u00e9g\u00e9nek illusztr\u00e1l\u00e1sa \u00e9s nem az \u00e9letm\u00fbvek \u00e1t\u00e9rt\u00e9kel\u00e9se volt a c\u00e9l &#8211; fogalmazott dr. Nagy Imre m\u00fazeumigazgat\u00f3 az Eml\u00e9kpontban okt\u00f3ber 5-\u00e9n, szombaton d\u00e9lel\u00f5tt a Politikum \u00e9s t\u00e1rsadalom hatvan \u00e9v \u00f5szi t\u00e1rlataiban c\u00edmet visel\u00f5 ki\u00e1ll\u00edt\u00e1s megnyit\u00f3j\u00e1n a V\u00e1s\u00e1rhelyi \u00d5szi Hetek programsorozat r\u00e9szek\u00e9nt. A t\u00e1rlaton korabeli fot\u00f3kkal is megid\u00e9zt\u00e9k az akkori [&hellip;]<\/p>\n","protected":false},"author":5,"featured_media":0,"comment_status":"open","ping_status":"open","sticky":false,"template":"","format":"standard","meta":{"footnotes":""},"categories":[12,8,18],"tags":[],"_links":{"self":[{"href":"https:\/\/emlekpont.hu\/index.php?rest_route=\/wp\/v2\/posts\/6618"}],"collection":[{"href":"https:\/\/emlekpont.hu\/index.php?rest_route=\/wp\/v2\/posts"}],"about":[{"href":"https:\/\/emlekpont.hu\/index.php?rest_route=\/wp\/v2\/types\/post"}],"author":[{"embeddable":true,"href":"https:\/\/emlekpont.hu\/index.php?rest_route=\/wp\/v2\/users\/5"}],"replies":[{"embeddable":true,"href":"https:\/\/emlekpont.hu\/index.php?rest_route=%2Fwp%2Fv2%2Fcomments&post=6618"}],"version-history":[{"count":0,"href":"https:\/\/emlekpont.hu\/index.php?rest_route=\/wp\/v2\/posts\/6618\/revisions"}],"wp:attachment":[{"href":"https:\/\/emlekpont.hu\/index.php?rest_route=%2Fwp%2Fv2%2Fmedia&parent=6618"}],"wp:term":[{"taxonomy":"category","embeddable":true,"href":"https:\/\/emlekpont.hu\/index.php?rest_route=%2Fwp%2Fv2%2Fcategories&post=6618"},{"taxonomy":"post_tag","embeddable":true,"href":"https:\/\/emlekpont.hu\/index.php?rest_route=%2Fwp%2Fv2%2Ftags&post=6618"}],"curies":[{"name":"wp","href":"https:\/\/api.w.org\/{rel}","templated":true}]}}