{"id":6617,"date":"2013-10-16T00:00:00","date_gmt":"2013-10-16T00:00:00","guid":{"rendered":"http:\/\/emlekpont.hu\/?p=6617"},"modified":"2013-10-16T00:00:00","modified_gmt":"2013-10-16T00:00:00","slug":"zoltai-attila-mutermi-jegyzetei","status":"publish","type":"post","link":"https:\/\/emlekpont.hu\/?p=6617","title":{"rendered":"Zoltai Attila m\u0171termi jegyzetei"},"content":{"rendered":"<p>Val\u00f3s\u00e1gos-e a l\u00e1tott vil\u00e1g vagy festett ill\u00fazi\u00f3?Zoltai Attila fest\u00f5m\u00fbv\u00e9sz m\u00fbtermi jegyzetei az Eml\u00e9kpontban  A Magyar Fest\u00e9szet Napj\u00e1hoz kapcsol\u00f3dva Zoltai Attila fest\u00f5m\u00fbv\u00e9sznek ny\u00edlik egy\u00e9ni ki\u00e1ll\u00edt\u00e1sa M\u00fbtermi jegyzetek c\u00edmmel okt\u00f3ber 19-\u00e9n, szombaton d\u00e9lel\u00f5tt 11 \u00f3rakor az Eml\u00e9kpont \u00bdGal\u00e9ria\u00bd ki\u00e1ll\u00edt\u00f3term\u00e9ben. A sokoldal\u00fa alkot\u00f3 t\u00f6bb mint harminc festm\u00e9nyen \u00e9s mintegy k\u00e9ttucatnyi plasztik\u00e1n kereszt\u00fcl ny\u00fajt betekint\u00e9st m\u00fbv\u00e9szi gondolatvil\u00e1g\u00e1ba \u00e9s vil\u00e1gn\u00e9zet\u00e9be a h\u00f3dmez\u00f5v\u00e1s\u00e1rhelyi k\u00f6zgy\u00fbjtem\u00e9nybe ell\u00e1togat\u00f3knak.  A kisteleki sz\u00fclet\u00e9s\u00fb, de hossz\u00fa \u00e9vek \u00f3ta H\u00f3dmez\u00f5v\u00e1s\u00e1rhelyen \u00e9l\u00f5 \u00e9s alkot\u00f3 m\u00fbv\u00e9sz rendszeres ki\u00e1ll\u00edt\u00f3ja a v\u00e1s\u00e1rhelyi \u00f5szi \u00e9s m\u00e1s orsz\u00e1gos t\u00e1rlatoknak, bienn\u00e1l\u00e9knak, p\u00e1ly\u00e1zati ki\u00e1ll\u00edt\u00e1soknak. Fest\u00e9szeti munk\u00e1it a helyi realista hagyom\u00e1nyokb\u00f3l t\u00e1pl\u00e1lkoz\u00f3, r\u00e9gi \u00e9rt\u00e9keket \u00fajszer\u00fb megfogalmaz\u00e1sban \u00e1br\u00e1zol\u00f3 k\u00e9pi vil\u00e1g jellemzi. Technik\u00e1ban \u00e9s t\u00e9m\u00e1ban is sokr\u00e9t\u00fb: a fest\u00e9szet mellett a t\u00e9r\u00e1br\u00e1zol\u00e1s, a k\u00fcl\u00f6nleges plasztikai megold\u00e1sok is \u00e9rdeklik.      Nagy Imre m\u00fazeumigazgat\u00f3 szerint Zoltai Attila ki\u00e1ll\u00edt\u00e1sa t\u00f6bb, mint a m\u00fbv\u00e9sz \u00e1ltal v\u00e1lasztott c\u00edm sejtet, mert sokr\u00e9t\u00fb betekint\u00e9st ny\u00fajt fest\u00f5i gondolatvil\u00e1g\u00e1ba, vil\u00e1gn\u00e9zet\u00e9be. A legbens\u00f5s\u00e9gesebb, legkidolgozottabb t\u00e9m\u00e1i val\u00f3ban a m\u00fbtermi t\u00e9m\u00e1hoz k\u00f6t\u00f5dnek, hiszen ecseteket, fest\u00e9ktubusokat, palett\u00e1kat, old\u00f3szeres \u00fcvegeket \u00e9s egy\u00e9b fest\u00f5kell\u00e9keket \u00e1br\u00e1zol, de teszi ezt olyan filozofikus megk\u00f6zel\u00edt\u00e9sben, hogy mindig el van helyezve egy-egy t\u00fckr\u00f6z\u00f5d\u00f5 fel\u00fclet, legyen az borospoh\u00e1r vagy folyad\u00e9kkal teli \u00fcveg, amely f\u00f6lveti a l\u00e1tv\u00e1ny realit\u00e1s\u00e1nak k\u00e9rd\u00e9s\u00e9t &#8211; mondta el a m\u00fbv\u00e9szett\u00f6rt\u00e9n\u00e9sz. Az apr\u00f3l\u00e9kosan kidolgozott r\u00e9szletek \u00e9rdekesen ellenpontozz\u00e1k azt a k\u00e9rd\u00e9sf\u00f6lvet\u00e9st, amit a t\u00fckr\u00f6z\u00f5d\u00f5 fel\u00fcletek mot\u00edvumai sugallnak: a l\u00e1tott vil\u00e1g val\u00f3s\u00e1gos-e vagy festett ill\u00fazi\u00f3?       A ki\u00e1ll\u00edt\u00e1son a m\u00fbterembels\u00f5k mellett megjelennek a m\u00fbv\u00e9sz kedves t\u00e9m\u00e1i, a csend\u00e9letek, enteri\u00f5r\u00f6k, boros dug\u00f3k, \u00f3raszerkezetek \u00e9s f\u00e9ny-\u00e1rny\u00e9k j\u00e1t\u00e9kok, de olyan \u00fajszer\u00fb, kev\u00e9ss\u00e9 l\u00e1tott kompoz\u00edci\u00f3k is megtekinthet\u00f5ek a janu\u00e1r 12-ig nyitva tart\u00f3 ki\u00e1ll\u00edt\u00e1son, mint a m\u00fbv\u00e9sz \u00e9s a zene kapcsolat\u00e1t, illetve a fiait \u00e1br\u00e1zol\u00f3 portr\u00e9k. Zoltai Attila plasztik\u00e1i k\u00fcl\u00f6n gondolatai egys\u00e9get k\u00e9peznek, a m\u00fbv\u00e9sz humoros, groteszk l\u00e1t\u00e1sm\u00f3dj\u00e1t \u00e1br\u00e1zolj\u00e1k, miszerint a vil\u00e1got egy g\u00f6rbe t\u00fckr\u00f6n kereszt\u00fcl is \u00e9rdemes n\u00e9zni &#8211; emelte ki Nagy Imre.      Zoltai Attila egy\u00e9ni ki\u00e1ll\u00edt\u00e1s\u00e1t Pog\u00e1ny G\u00e1bor m\u00fbv\u00e9szett\u00f6rt\u00e9n\u00e9sz nyitja meg okt\u00f3ber 19-\u00e9n, szombaton 11 \u00f3rakor az Eml\u00e9kpontban, k\u00f6zrem\u00fbk\u00f6dik Blah\u00f3 Attila zongoram\u00fbv\u00e9sz.<\/p>\n","protected":false},"excerpt":{"rendered":"<p>Val\u00f3s\u00e1gos-e a l\u00e1tott vil\u00e1g vagy festett ill\u00fazi\u00f3?Zoltai Attila fest\u00f5m\u00fbv\u00e9sz m\u00fbtermi jegyzetei az Eml\u00e9kpontban A Magyar Fest\u00e9szet Napj\u00e1hoz kapcsol\u00f3dva Zoltai Attila fest\u00f5m\u00fbv\u00e9sznek ny\u00edlik egy\u00e9ni ki\u00e1ll\u00edt\u00e1sa M\u00fbtermi jegyzetek c\u00edmmel okt\u00f3ber 19-\u00e9n, szombaton d\u00e9lel\u00f5tt 11 \u00f3rakor az Eml\u00e9kpont \u00bdGal\u00e9ria\u00bd ki\u00e1ll\u00edt\u00f3term\u00e9ben. A sokoldal\u00fa alkot\u00f3 t\u00f6bb mint harminc festm\u00e9nyen \u00e9s mintegy k\u00e9ttucatnyi plasztik\u00e1n kereszt\u00fcl ny\u00fajt betekint\u00e9st m\u00fbv\u00e9szi gondolatvil\u00e1g\u00e1ba \u00e9s vil\u00e1gn\u00e9zet\u00e9be [&hellip;]<\/p>\n","protected":false},"author":5,"featured_media":0,"comment_status":"open","ping_status":"open","sticky":false,"template":"","format":"standard","meta":{"footnotes":""},"categories":[12,8,18],"tags":[],"_links":{"self":[{"href":"https:\/\/emlekpont.hu\/index.php?rest_route=\/wp\/v2\/posts\/6617"}],"collection":[{"href":"https:\/\/emlekpont.hu\/index.php?rest_route=\/wp\/v2\/posts"}],"about":[{"href":"https:\/\/emlekpont.hu\/index.php?rest_route=\/wp\/v2\/types\/post"}],"author":[{"embeddable":true,"href":"https:\/\/emlekpont.hu\/index.php?rest_route=\/wp\/v2\/users\/5"}],"replies":[{"embeddable":true,"href":"https:\/\/emlekpont.hu\/index.php?rest_route=%2Fwp%2Fv2%2Fcomments&post=6617"}],"version-history":[{"count":0,"href":"https:\/\/emlekpont.hu\/index.php?rest_route=\/wp\/v2\/posts\/6617\/revisions"}],"wp:attachment":[{"href":"https:\/\/emlekpont.hu\/index.php?rest_route=%2Fwp%2Fv2%2Fmedia&parent=6617"}],"wp:term":[{"taxonomy":"category","embeddable":true,"href":"https:\/\/emlekpont.hu\/index.php?rest_route=%2Fwp%2Fv2%2Fcategories&post=6617"},{"taxonomy":"post_tag","embeddable":true,"href":"https:\/\/emlekpont.hu\/index.php?rest_route=%2Fwp%2Fv2%2Ftags&post=6617"}],"curies":[{"name":"wp","href":"https:\/\/api.w.org\/{rel}","templated":true}]}}