{"id":6616,"date":"2013-10-17T00:00:00","date_gmt":"2013-10-17T00:00:00","guid":{"rendered":"http:\/\/emlekpont.hu\/?p=6616"},"modified":"2013-10-17T00:00:00","modified_gmt":"2013-10-17T00:00:00","slug":"otvenhat-emlekezete","status":"publish","type":"post","link":"https:\/\/emlekpont.hu\/?p=6616","title":{"rendered":"\u00d6tvenhat eml\u00e9kezete"},"content":{"rendered":"<p>Amikor \u00e1v\u00f3s kopogtatott az ablakon  H\u00e9tf\u00f5n kezd\u00f5dik az Eml\u00e9kpont \u00f5szi rendezv\u00e9nysorozata, a Nemzeti Eml\u00e9kezet Hete. Az \u00f6tvenhatos forradalom eml\u00e9kezet\u00e9nek szentelt k\u00e9t h\u00e9tben rendhagy\u00f3 tan\u00f3r\u00e1kon, t\u00e1rlatvezet\u00e9seken, el\u00f5ad\u00e1sokon \u00e9s besz\u00e9lget\u00e9seken id\u00e9zik meg a vil\u00e1g legnagyobb szovjetellenes felkel\u00e9s\u00e9t.  A Nemzeti Eml\u00e9kezet Hete c\u00e9lja, hogy a m\u00e9g k\u00f6zt\u00fcnk \u00e9l\u00f5 \u00f6tvenhatosok \u00e9s a megtorl\u00e1s \u00e1ldozatai besz\u00e1molhassanak a m\u00f6g\u00f6tt\u00fcnk hagyott \u00e9vtizedekr\u00f5l, napjaink nemzed\u00e9ke pedig szembes\u00fclhessen a k\u00f6zelm\u00falttal. A szervez\u00f5k fontosnak tartj\u00e1k, hogy rendhagy\u00f3 t\u00f6rt\u00e9nelem\u00f3r\u00e1k, t\u00e1rlatvezet\u00e9sek, el\u00f5ad\u00e1sok \u00e9s visszaeml\u00e9kez\u00e9sek \u00e1ltal a mostani fiatalok jobban megismerj\u00e9k a 20. sz\u00e1zad m\u00e1sodik fel\u00e9nek t\u00f6rt\u00e9nelm\u00e9t.  A programsorozat okt\u00f3ber 21-\u00e9n \u00e1ltal\u00e1nos \u00e9s k\u00f6z\u00e9piskol\u00e1s di\u00e1koknak meghirdetett versmond\u00f3 versennyel veszi kezdet\u00e9t. Az id\u00e9n is lesznek rendhagy\u00f3 tan\u00f3r\u00e1k, amelyeken egy-egy a t\u00f6rt\u00e9nelemk\u00f6nyvekben kev\u00e9ss\u00e9 r\u00e9szletezett t\u00e9m\u00e1t ismerhetnek meg a h\u00f3dmez\u00f5v\u00e1s\u00e1rhelyi di\u00e1kok. Kiss G\u00e1bor Ferenc t\u00f6rt\u00e9n\u00e9sz a szegedi szikra azaz a MEFESZ megalakul\u00e1s\u00e1nak gy\u00fajt\u00f3hat\u00e1s\u00e1t mutatja be, Mih\u00e1ly \u00c1rp\u00e1d szobr\u00e1szm\u00fbv\u00e9sz, aki az 1956-os forradalom idej\u00e9n a legend\u00e1s Pongr\u00e1cz testv\u00e9rekkel egy\u00fctt harcolt a Corvin-k\u00f6zben, a szabads\u00e1gharc legforr\u00f3bb katlanj\u00e1nak esem\u00e9nyeit eleven\u00edti fel.  Okt\u00f3ber 23-\u00e1n az Eml\u00e9kpont ki\u00e1ll\u00edt\u00e1sa d\u00edjtalanul lesz l\u00e1togathat\u00f3, a v\u00e1rosi megeml\u00e9kez\u00e9st k\u00f6vetet\u00f5en a k\u00f6zgy\u00fbjtem\u00e9ny t\u00f6rt\u00e9n\u00e9szei t\u00e1rlatvezet\u00e9st tartanak a forradalom fell\u00e1ngol\u00e1s\u00e1r\u00f3l, politikai, harci esem\u00e9nyeir\u00f5l \u00e9s eltipr\u00e1s\u00e1r\u00f3l.   Az idei \u00e9vben is folytat\u00f3dik az Eml\u00e9kpont \u00e9s a Szegedi Tudom\u00e1nyegyetem k\u00f6z\u00f6s t\u00f6rt\u00e9nelmi szabadegyeteme, a SZE-EM \u00f5szi szemeszter\u00e9nek nyit\u00f3el\u00f5ad\u00e1s\u00e1n a magyar \u00fcgyr\u00f5l a vil\u00e1g figyelm\u00e9t elterel\u00f5 szuezi v\u00e1ls\u00e1gr\u00f3l tart el\u00f5ad\u00e1st Ferwagner P\u00e9ter \u00c1kos egyetemi docens. P\u00e9nteken este V\u00e1s\u00e1rhely kultur\u00e1lis \u00e9let\u00e9nek legend\u00e1s alakj\u00e1t, a 110 \u00e9vvel ezel\u00f5tt sz\u00fcletett \u00e9s 1956-ban egy verse miatt beb\u00f6rt\u00f6nz\u00f6tt Galyasi Mikl\u00f3st id\u00e9zi meg k\u00e9t egykori \u00bdtan\u00edtv\u00e1nya\u00bd, Szenti Tibor \u00e9s Vincze Ferenc.   Az els\u00f5 nagy vil\u00e1g\u00e9g\u00e9st k\u00f6vet\u00f5 v\u00e9szterhes korba, az 1919. \u00e9vi els\u00f5 bolsevik diktat\u00fara \u00e9s a rom\u00e1n megsz\u00e1ll\u00e1s id\u00f5szak\u00e1ba vezeti olvas\u00f3it William Gallen azaz G\u00e1l Vilmos t\u00f6rt\u00e9n\u00e9sz, akinek Antantmisszi\u00f3 c\u00edm\u00fb reg\u00e9ny\u00e9t \u00c1rva L\u00e1szl\u00f3 iskolaigazgat\u00f3 mutatja be okt\u00f3ber 29-\u00e9n. A m\u00e1sodik vil\u00e1gh\u00e1bor\u00fa hadt\u00f6rt\u00e9nete ir\u00e1nt \u00e9rdekl\u00f5d\u00f5k Horthy Istv\u00e1n rep\u00fcl\u00f5baleset\u00e9nek leg\u00fajabb vizsg\u00e1lati eredm\u00e9ny\u00e9t, valamint a brit hadseregben szolg\u00e1l\u00f3 lengyel pil\u00f3t\u00e1k \u00e9s a Szentes k\u00f6zel\u00e9ben nemr\u00e9giben felt\u00e1rt rep\u00fcl\u00f5g\u00e9p t\u00f6rt\u00e9net\u00e9t ismerhetik meg okt\u00f3ber utols\u00f3 szerd\u00e1j\u00e1n. Mag\u00f3 K\u00e1roly z\u00e1szl\u00f3ssal, roncskutat\u00f3val \u00e9s Ol\u00e1h Andr\u00e1s P\u00e1l t\u00f6rt\u00e9n\u00e9sszel Vincze G\u00e1bor, az Eml\u00e9kpont t\u00f6rt\u00e9n\u00e9sze besz\u00e9lget a Roncsok \u00bd\u00f6r\u00f6k\u00bd \u00e1lm\u00e1r\u00f3l.  A Nemzetei Eml\u00e9kezet Hete \u00f6tvenhat h\u00f5sei el\u00f5tti f\u00f5hajt\u00e1ssal \u00e9r v\u00e9get november 4-\u00e9n, amikor is felhangzik Gyulai J\u00f3zsef, H\u00f3dmez\u00f5v\u00e1s\u00e1rhely d\u00edszpolg\u00e1r\u00e1nak az 57 \u00e9vvel ezel\u00f5tti tragikus napon kompon\u00e1lt gy\u00e1szindul\u00f3ja.  A rendezv\u00e9nysorozat programja ide kattintva tekinthet\u00f5 meg.<\/p>\n","protected":false},"excerpt":{"rendered":"<p>Amikor \u00e1v\u00f3s kopogtatott az ablakon H\u00e9tf\u00f5n kezd\u00f5dik az Eml\u00e9kpont \u00f5szi rendezv\u00e9nysorozata, a Nemzeti Eml\u00e9kezet Hete. Az \u00f6tvenhatos forradalom eml\u00e9kezet\u00e9nek szentelt k\u00e9t h\u00e9tben rendhagy\u00f3 tan\u00f3r\u00e1kon, t\u00e1rlatvezet\u00e9seken, el\u00f5ad\u00e1sokon \u00e9s besz\u00e9lget\u00e9seken id\u00e9zik meg a vil\u00e1g legnagyobb szovjetellenes felkel\u00e9s\u00e9t. A Nemzeti Eml\u00e9kezet Hete c\u00e9lja, hogy a m\u00e9g k\u00f6zt\u00fcnk \u00e9l\u00f5 \u00f6tvenhatosok \u00e9s a megtorl\u00e1s \u00e1ldozatai besz\u00e1molhassanak a m\u00f6g\u00f6tt\u00fcnk hagyott \u00e9vtizedekr\u00f5l, [&hellip;]<\/p>\n","protected":false},"author":5,"featured_media":0,"comment_status":"open","ping_status":"open","sticky":false,"template":"","format":"standard","meta":{"footnotes":""},"categories":[12,8,18],"tags":[],"_links":{"self":[{"href":"https:\/\/emlekpont.hu\/index.php?rest_route=\/wp\/v2\/posts\/6616"}],"collection":[{"href":"https:\/\/emlekpont.hu\/index.php?rest_route=\/wp\/v2\/posts"}],"about":[{"href":"https:\/\/emlekpont.hu\/index.php?rest_route=\/wp\/v2\/types\/post"}],"author":[{"embeddable":true,"href":"https:\/\/emlekpont.hu\/index.php?rest_route=\/wp\/v2\/users\/5"}],"replies":[{"embeddable":true,"href":"https:\/\/emlekpont.hu\/index.php?rest_route=%2Fwp%2Fv2%2Fcomments&post=6616"}],"version-history":[{"count":0,"href":"https:\/\/emlekpont.hu\/index.php?rest_route=\/wp\/v2\/posts\/6616\/revisions"}],"wp:attachment":[{"href":"https:\/\/emlekpont.hu\/index.php?rest_route=%2Fwp%2Fv2%2Fmedia&parent=6616"}],"wp:term":[{"taxonomy":"category","embeddable":true,"href":"https:\/\/emlekpont.hu\/index.php?rest_route=%2Fwp%2Fv2%2Fcategories&post=6616"},{"taxonomy":"post_tag","embeddable":true,"href":"https:\/\/emlekpont.hu\/index.php?rest_route=%2Fwp%2Fv2%2Ftags&post=6616"}],"curies":[{"name":"wp","href":"https:\/\/api.w.org\/{rel}","templated":true}]}}