{"id":6615,"date":"2013-10-21T00:00:00","date_gmt":"2013-10-21T00:00:00","guid":{"rendered":"http:\/\/emlekpont.hu\/?p=6615"},"modified":"2013-10-21T00:00:00","modified_gmt":"2013-10-21T00:00:00","slug":"1956-koltemenyei-az-emlekpontban","status":"publish","type":"post","link":"https:\/\/emlekpont.hu\/?p=6615","title":{"rendered":"1956 k\u00f6ltem\u00e9nyei az Eml\u00e9kpontban"},"content":{"rendered":"<p>1956 k\u00f6ltem\u00e9nyei az Eml\u00e9kpontban Szaval\u00f3versennyel indult a Nemzeti Eml\u00e9kezet Hete  \u00d6tvenhatos versmond\u00f3 versennyel kezd\u00f5d\u00f6tt h\u00e9tf\u00f5n a Nemzeti Eml\u00e9kezet Hete. Az 1956-os forradalom eml\u00e9kezet\u00e9nek szentelt k\u00e9t h\u00e9tben rendhagy\u00f3 tan\u00f3r\u00e1kon, t\u00e1rlatvezet\u00e9seken, el\u00f5ad\u00e1sokon \u00e9s besz\u00e9lget\u00e9seken id\u00e9zik meg a vil\u00e1g legnagyobb szovjetellenes felkel\u00e9s\u00e9t.  A programsorozat okt\u00f3ber 21-\u00e9n \u00e1ltal\u00e1nos \u00e9s k\u00f6z\u00e9piskol\u00e1s di\u00e1koknak meghirdetett versmond\u00f3 versennyel vette kezdet\u00e9t. Mintegy h\u00fasz di\u00e1k jelentkezett a megm\u00e9retet\u00e9sre, melynek t\u00e9m\u00e1ja a szabads\u00e1g szeretet\u00e9nek gondolata volt. A r\u00e9sztvev\u00f5 fiatalok k\u00e9t k\u00f6ltem\u00e9nnyel k\u00e9sz\u00fcltek: egy k\u00f6telez\u00f5 \u00e9s egy szabadon v\u00e1lasztott vers elszaval\u00e1s\u00e1t k\u00f6vet\u00f5en d\u00f6nt\u00f6tt a h\u00e1romtag\u00fa zs\u00fbri (tagjai: dr. Cserj\u00e9s Katalin egyetemi adjunktus, dr. Szab\u00f3 P\u00e1l k\u00f6lt\u00f5, egyetemi oktat\u00f3 \u00e9s \u00c9get\u00f5 R\u00e9ka, az Eml\u00e9kpont m\u00fazeumpedag\u00f3gusa) a v\u00e9geredm\u00e9nyr\u00f5l.       Az \u00e1ltal\u00e1nos iskol\u00e1sok k\u00f6z\u00f6tt B\u00edr\u00f3 Ivett, a N\u00e9meth L\u00e1szl\u00f3 Gimn\u00e1zium \u00e9s \u00c1ltal\u00e1nos Iskola 6. oszt\u00e1lyos di\u00e1kja lett a f\u00f5d\u00edjas, a k\u00f6z\u00e9piskol\u00e1sokn\u00e1l szint\u00e9n a h\u00f3dt\u00f3i int\u00e9zm\u00e9nyb\u00f5l ker\u00fcl ki a gy\u00f5ztes, Torma Evelin 11. oszt\u00e1lyos tanul\u00f3 szem\u00e9ly\u00e9ben. A d\u00edjazottak az 1956-os forradalomhoz kapcsol\u00f3d\u00f3 verses k\u00f6teteket vehettek \u00e1t.  Eredm\u00e9nyek\u00c1ltal\u00e1nos iskola:I. helyezett B\u00edr\u00f3 Ivett (N\u00e9meth L\u00e1szl\u00f3 Gimn\u00e1zium \u00e9s \u00c1ltal\u00e1nos Iskola, 6. oszt\u00e1ly)II. helyezett Baranyi Lili (N\u00e9meth L\u00e1szl\u00f3 Gimn\u00e1zium \u00e9s \u00c1ltal\u00e1nos Iskola, 6. oszt\u00e1ly)  K\u00f6z\u00e9piskola:I. helyezett Torma Evelin (N\u00e9meth L\u00e1szl\u00f3 Gimn\u00e1zium \u00e9s \u00c1ltal\u00e1nos Iskola, 11. oszt\u00e1ly)II. helyezett Rakonczai Kitti (N\u00e9meth L\u00e1szl\u00f3 Gimn\u00e1zium \u00e9s \u00c1ltal\u00e1nos Iskola, 9. oszt\u00e1ly)III. helyezett Kis Orsolya Petra (HISZK E\u00f6tv\u00f6s J\u00f3zsef Sz\u00e9khelyint\u00e9zm\u00e9ny, 11. oszt\u00e1ly)IV. helyezett Kiss Szimonetta (N\u00e9meth L\u00e1szl\u00f3 Gimn\u00e1zium \u00e9s \u00c1ltal\u00e1nos Iskola, 10. oszt\u00e1ly)IV. helyezett Nov\u00e1k Vivien (HISZK E\u00f6tv\u00f6s J\u00f3zsef Sz\u00e9khelyint\u00e9zm\u00e9ny, 10. oszt\u00e1ly)  A Nemzeti Eml\u00e9kezet Hete kedden 10 \u00f3rakor rendhagy\u00f3 t\u00f6rt\u00e9nelem\u00f3r\u00e1val folytat\u00f3dik. Kiss G\u00e1bor Ferenc t\u00f6rt\u00e9n\u00e9sz mutatja be a szegedi szikra l\u00e1ngra lobban\u00e1s\u00e1t, azaz a MEFESZ megalakul\u00e1s\u00e1nak t\u00f6rt\u00e9net\u00e9t \u00e9s hat\u00e1s\u00e1t a forradalom esem\u00e9nyeire.<\/p>\n","protected":false},"excerpt":{"rendered":"<p>1956 k\u00f6ltem\u00e9nyei az Eml\u00e9kpontban Szaval\u00f3versennyel indult a Nemzeti Eml\u00e9kezet Hete \u00d6tvenhatos versmond\u00f3 versennyel kezd\u00f5d\u00f6tt h\u00e9tf\u00f5n a Nemzeti Eml\u00e9kezet Hete. Az 1956-os forradalom eml\u00e9kezet\u00e9nek szentelt k\u00e9t h\u00e9tben rendhagy\u00f3 tan\u00f3r\u00e1kon, t\u00e1rlatvezet\u00e9seken, el\u00f5ad\u00e1sokon \u00e9s besz\u00e9lget\u00e9seken id\u00e9zik meg a vil\u00e1g legnagyobb szovjetellenes felkel\u00e9s\u00e9t. A programsorozat okt\u00f3ber 21-\u00e9n \u00e1ltal\u00e1nos \u00e9s k\u00f6z\u00e9piskol\u00e1s di\u00e1koknak meghirdetett versmond\u00f3 versennyel vette kezdet\u00e9t. Mintegy h\u00fasz di\u00e1k [&hellip;]<\/p>\n","protected":false},"author":5,"featured_media":0,"comment_status":"open","ping_status":"open","sticky":false,"template":"","format":"standard","meta":{"footnotes":""},"categories":[12,8,18],"tags":[],"_links":{"self":[{"href":"https:\/\/emlekpont.hu\/index.php?rest_route=\/wp\/v2\/posts\/6615"}],"collection":[{"href":"https:\/\/emlekpont.hu\/index.php?rest_route=\/wp\/v2\/posts"}],"about":[{"href":"https:\/\/emlekpont.hu\/index.php?rest_route=\/wp\/v2\/types\/post"}],"author":[{"embeddable":true,"href":"https:\/\/emlekpont.hu\/index.php?rest_route=\/wp\/v2\/users\/5"}],"replies":[{"embeddable":true,"href":"https:\/\/emlekpont.hu\/index.php?rest_route=%2Fwp%2Fv2%2Fcomments&post=6615"}],"version-history":[{"count":0,"href":"https:\/\/emlekpont.hu\/index.php?rest_route=\/wp\/v2\/posts\/6615\/revisions"}],"wp:attachment":[{"href":"https:\/\/emlekpont.hu\/index.php?rest_route=%2Fwp%2Fv2%2Fmedia&parent=6615"}],"wp:term":[{"taxonomy":"category","embeddable":true,"href":"https:\/\/emlekpont.hu\/index.php?rest_route=%2Fwp%2Fv2%2Fcategories&post=6615"},{"taxonomy":"post_tag","embeddable":true,"href":"https:\/\/emlekpont.hu\/index.php?rest_route=%2Fwp%2Fv2%2Ftags&post=6615"}],"curies":[{"name":"wp","href":"https:\/\/api.w.org\/{rel}","templated":true}]}}