{"id":6613,"date":"2013-10-24T00:00:00","date_gmt":"2013-10-24T00:00:00","guid":{"rendered":"http:\/\/emlekpont.hu\/?p=6613"},"modified":"2013-10-24T00:00:00","modified_gmt":"2013-10-24T00:00:00","slug":"hodmezomagyarorszag-utolso-polihisztora","status":"publish","type":"post","link":"https:\/\/emlekpont.hu\/?p=6613","title":{"rendered":"H\u00f3dmez\u0151magyarorsz\u00e1g utols\u00f3 polihisztora"},"content":{"rendered":"<p>H\u00f3dmez\u00f5magyarorsz\u00e1g utols\u00f3 polihisztora  A 110 \u00e9vvel ezel\u00f5tt sz\u00fcletett Galyasi Mikl\u00f3s k\u00f6lt\u00f5, m\u00fbv\u00e9szett\u00f6rt\u00e9n\u00e9sz, m\u00fazeumigazgat\u00f3, az 1956-os forradalmat k\u00f6vet\u00f5 megtorl\u00e1s meghurcoltja eml\u00e9k\u00e9re rendez estet az Eml\u00e9kpont okt\u00f3ber 25-\u00e9n, p\u00e9nteken 17 \u00f3r\u00e1t\u00f3l. A h\u00f3dmez\u00f5v\u00e1s\u00e1rhelyi kultur\u00e1lis \u00e9let legend\u00e1s alakj\u00e1t k\u00e9t egykori tan\u00edtv\u00e1nya, Szenti Tibor \u00edr\u00f3, n\u00e9prajzkutat\u00f3 \u00e9s Dr. Vincze Ferenc orvos id\u00e9zi meg.  Ajtaja mindig nyitva \u00e1llt a m\u00fbv\u00e9szek \u00e9s a fiatalok, az \u00fan. \u00bdm\u00fazeumi\u00bd, k\u00e9s\u00f5bb \u00bdZsigmond utcai gyer\u00f6kei\u00bd el\u00f5tt &#8211; eml\u00e9keznek tan\u00edtv\u00e1nyai a p\u00e1rizsi Sorbonne egyetemen m\u00fbv\u00e9szett\u00f6rt\u00e9netet hallgatott m\u00fazeumigazgat\u00f3ra. A megjelen\u00e9s\u00e9t k\u00f6vet\u00f5en az \u00e1llambiztons\u00e1g c\u00e9lkeresztj\u00e9be ker\u00fclt K\u00e9p-\u00cdr\u00e1s c\u00edm\u00fb m\u00fbv\u00e9szeti foly\u00f3irat el\u00f5k\u00e9sz\u00fcletei sor\u00e1n Galyasi az al\u00e1bbi tan\u00e1csokat vette pap\u00edrra Szenti Tibornak \u00edrt level\u00e9ben: \u00bdN\u00e9 ut\u00e1nozd le, ezt a m\u00e9regkever\u00f5 Vinc\u00e9t [dr. Vincze Ferenc, az est m\u00e1sik vend\u00e9ge, aki ekkor vegy\u00e9sztechnikusnak tanult], hanem ink\u00e1bb biztasd arra [&#8230;] maga r\u00e1gja a p\u00e9nn\u00e1t \u00e9s n\u00e9 dolgoztasson egy ilyen elaggott f\u00fczfapo\u00e9t\u00e1t mint Mikl\u00f3s b\u00e1ty\u00e1d.\u00bd Az al\u00e1\u00edr\u00e1st k\u00f6vet\u00f5 &#8222;H\u00f3dmez\u00f5magyarorsz\u00e1g&#8221; kifejez\u00e9s &#8211; mondta el Szenti Tibor &#8211; Galyasi Mikl\u00f3st\u00f3l eredt, aki ezzel szeretett sz\u00fcl\u00f5v\u00e1ros\u00e1t \u00e9s haz\u00e1j\u00e1t \u00fagy k\u00f6t\u00f6tte \u00f6ssze, hogy sz\u00e1m\u00e1ra V\u00e1s\u00e1rhely egy kis haz\u00e1t, vagy eg\u00e9sz Magyarorsz\u00e1got jelentett.      Szeretett \u00bdkishaz\u00e1j\u00e1\u00e9rt\u00bd az 1956-os forradalom idej\u00e9n is ki\u00e1llt, november 3-\u00e1n a V\u00e1s\u00e1rhelyi Nemzeti \u00dajs\u00e1g c\u00edmlapj\u00e1n &#8222;Most ne jussoljunk!&#8221; c\u00edm\u00fb vez\u00e9rcikke, majd november 11-\u00e9n &#8222;Testv\u00e9r, ne adjuk&#8230;&#8221; c\u00edm\u00fb verse jelent meg. Ezen \u00edr\u00e1sai\u00e9rt beb\u00f6rt\u00f6n\u00f6zt\u00e9k, majd (k\u00e9nyszer)nyugd\u00edjaz\u00e1s\u00e1t k\u00f6vet\u00f5en \u00f5t \u00e9s a k\u00f6r\u00fclette mindig is jelen l\u00e9v\u00f5 \u00e9rtelmis\u00e9gi csoportot a csongr\u00e1d megyei politikai rend\u00f5rs\u00e9g folyamatos ellen\u00f5rz\u00e9s alatt tartotta. Az \u00e1llambiztons\u00e1gi szervek gyanakv\u00e1s\u00e1t fokozta, hogy a renitens fiatalok, Vincze Ferenc szerkeszt\u00e9s\u00e9ben r\u00e9szt vettek az els\u00f5 hazai &#8222;szamizdat&#8221;, a K\u00e9p-\u00cdr\u00e1s foly\u00f3irat elk\u00e9sz\u00edt\u00e9s\u00e9ben is.  P\u00e9ntek este 5 \u00f3r\u00e1t\u00f3l az Eml\u00e9kpont estj\u00e9n Szenti Tiborral \u00e9s Vincze Ferenccel M\u00e9sz\u00e1ros Tam\u00e1s, a k\u00f6zgy\u00fbjtem\u00e9ny t\u00f6rt\u00e9n\u00e9sze besz\u00e9lget, Galyasi Mikl\u00f3s verseit Rakonczai Kitti, a N\u00e9meth L\u00e1szl\u00f3 Gimn\u00e1zium \u00e9s \u00c1ltal\u00e1nos Iskola tanul\u00f3ja szavalja el.<\/p>\n","protected":false},"excerpt":{"rendered":"<p>H\u00f3dmez\u00f5magyarorsz\u00e1g utols\u00f3 polihisztora A 110 \u00e9vvel ezel\u00f5tt sz\u00fcletett Galyasi Mikl\u00f3s k\u00f6lt\u00f5, m\u00fbv\u00e9szett\u00f6rt\u00e9n\u00e9sz, m\u00fazeumigazgat\u00f3, az 1956-os forradalmat k\u00f6vet\u00f5 megtorl\u00e1s meghurcoltja eml\u00e9k\u00e9re rendez estet az Eml\u00e9kpont okt\u00f3ber 25-\u00e9n, p\u00e9nteken 17 \u00f3r\u00e1t\u00f3l. A h\u00f3dmez\u00f5v\u00e1s\u00e1rhelyi kultur\u00e1lis \u00e9let legend\u00e1s alakj\u00e1t k\u00e9t egykori tan\u00edtv\u00e1nya, Szenti Tibor \u00edr\u00f3, n\u00e9prajzkutat\u00f3 \u00e9s Dr. Vincze Ferenc orvos id\u00e9zi meg. Ajtaja mindig nyitva \u00e1llt a m\u00fbv\u00e9szek [&hellip;]<\/p>\n","protected":false},"author":5,"featured_media":0,"comment_status":"open","ping_status":"open","sticky":false,"template":"","format":"standard","meta":{"footnotes":""},"categories":[12,8,18],"tags":[],"_links":{"self":[{"href":"https:\/\/emlekpont.hu\/index.php?rest_route=\/wp\/v2\/posts\/6613"}],"collection":[{"href":"https:\/\/emlekpont.hu\/index.php?rest_route=\/wp\/v2\/posts"}],"about":[{"href":"https:\/\/emlekpont.hu\/index.php?rest_route=\/wp\/v2\/types\/post"}],"author":[{"embeddable":true,"href":"https:\/\/emlekpont.hu\/index.php?rest_route=\/wp\/v2\/users\/5"}],"replies":[{"embeddable":true,"href":"https:\/\/emlekpont.hu\/index.php?rest_route=%2Fwp%2Fv2%2Fcomments&post=6613"}],"version-history":[{"count":0,"href":"https:\/\/emlekpont.hu\/index.php?rest_route=\/wp\/v2\/posts\/6613\/revisions"}],"wp:attachment":[{"href":"https:\/\/emlekpont.hu\/index.php?rest_route=%2Fwp%2Fv2%2Fmedia&parent=6613"}],"wp:term":[{"taxonomy":"category","embeddable":true,"href":"https:\/\/emlekpont.hu\/index.php?rest_route=%2Fwp%2Fv2%2Fcategories&post=6613"},{"taxonomy":"post_tag","embeddable":true,"href":"https:\/\/emlekpont.hu\/index.php?rest_route=%2Fwp%2Fv2%2Ftags&post=6613"}],"curies":[{"name":"wp","href":"https:\/\/api.w.org\/{rel}","templated":true}]}}