{"id":6611,"date":"2013-10-29T00:00:00","date_gmt":"2013-10-29T00:00:00","guid":{"rendered":"http:\/\/emlekpont.hu\/?p=6611"},"modified":"2013-10-29T00:00:00","modified_gmt":"2013-10-29T00:00:00","slug":"roncsok-%cb%9dorok%cb%9d-alma","status":"publish","type":"post","link":"https:\/\/emlekpont.hu\/?p=6611","title":{"rendered":"Roncsok \u02dd\u00f6r\u00f6k\u02dd \u00e1lma?"},"content":{"rendered":"<p>Roncsok \u00bd\u00f6r\u00f6k\u00bd \u00e1lma?Horthy Istv\u00e1n f\u00f5hadnagy hal\u00e1la. Lengyel pil\u00f3t\u00e1k Magyarorsz\u00e1g felett.  Okt\u00f3ber 30-\u00e1n, szerd\u00e1n d\u00e9lut\u00e1n 5 \u00f3r\u00e1ra a m\u00e1sodik vil\u00e1gh\u00e1bor\u00fa hadt\u00f6rt\u00e9nete ir\u00e1nt \u00e9rdekl\u00f5d\u00f5ket v\u00e1rj\u00e1k az Eml\u00e9kpontba, ahol Mag\u00f3 K\u00e1roly roncskutat\u00f3val, Horthy Istv\u00e1n f\u00f5hadnagy rep\u00fcl\u00f5baleset\u00e9nek leg\u00fajabb vizsg\u00e1lat\u00e1r\u00f3l, valamint Ol\u00e1h Andr\u00e1s P\u00e1l t\u00f6rt\u00e9n\u00e9sszel a brit hadseregben szolg\u00e1l\u00f3 lengyel pil\u00f3t\u00e1kr\u00f3l, a Szentes k\u00f6zel\u00e9ben nemr\u00e9g felt\u00e1rt lel\u00f5tt rep\u00fcl\u00f5g\u00e9p megtal\u00e1l\u00e1s\u00e1nak t\u00f6rt\u00e9net\u00e9r\u00f5l  besz\u00e9lget Vincze G\u00e1bor, az Eml\u00e9kpont t\u00f6rt\u00e9n\u00e9sze.  Mag\u00f3 K\u00e1roly z\u00e1szl\u00f3s, a Szolnoki Rep\u00fcl\u00f5m\u00fazeum munkat\u00e1rsa nemr\u00e9giben jelentette meg \u00bdLegenda \u00e9s val\u00f3s\u00e1g\u00bd  c\u00edmmel Horthy Istv\u00e1n rep\u00fcl\u00f5baleset\u00e9nek leg\u00fajabb vizsg\u00e1lati eredm\u00e9nyeit. 1942. augusztus 20-\u00e1n 5 \u00f3rakor Horthy Istv\u00e1n rep\u00fcl\u00f5 f\u00f5hadnagy \u00e9lete utols\u00f3 bevet\u00e9s\u00e9re sz\u00e1llt fel, melynek sor\u00e1n egy magyar felder\u00edt\u00f5g\u00e9pet kellett volna oltalmaznia a k\u00eds\u00e9r\u00f5j\u00e9vel, Nemeslaki Zolt\u00e1n \u00f5rmesterrel. Amikor megk\u00f6zel\u00edtett\u00e9k a felder\u00edt\u00f5 g\u00e9pet, Horthy rep\u00fcl\u00f5g\u00e9pe er\u00f5sen sz\u00fbk\u00edtett fordul\u00f3val pr\u00f3b\u00e1lt besorolni, azonban a g\u00e9pe kip\u00f6rd\u00fclt \u00e9s dug\u00f3h\u00faz\u00f3ba esett. A pil\u00f3t\u00e1nak siker\u00fclt ugyan kivennie a g\u00e9pet a dug\u00f3h\u00faz\u00f3b\u00f3l, az alacsony magass\u00e1g miatt m\u00e9gis a f\u00f6ldbe csap\u00f3dott. Horthy Istv\u00e1n, Magyarorsz\u00e1g korm\u00e1nyz\u00f3helyettese a balesetben elhunyt. Mag\u00f3 K\u00e1roly az esem\u00e9nyeket k\u00f6vet\u00f5 h\u00e9t \u00e9vtized m\u00falt\u00e1val \u00fajra megvizsg\u00e1lta a baleset k\u00f6r\u00fclm\u00e9nyeit a modern balesetkivizsg\u00e1l\u00e1si m\u00f3dszerek bevet\u00e9s\u00e9vel, t\u00f6rekedve arra, hogy minden vitatott k\u00e9rd\u00e9s kapcs\u00e1n tudom\u00e1nyos magyar\u00e1zattal tudjon szolg\u00e1lni.      Horthy Istv\u00e1n rep\u00fcl\u00f5 f\u00f5hadnagy lezuhant rep\u00fcl\u00f5g\u00e9pe  Az elm\u00falt id\u00f5szakban Ruzs\u00e1n \u00e9s Szentesen is eml\u00e9km\u00fbvet avattak a m\u00e1sodik vil\u00e1gh\u00e1bor\u00faban megy\u00e9nk felett lel\u00f5tt lengyel pil\u00f3t\u00e1k eml\u00e9k\u00e9re. Ol\u00e1h Andr\u00e1s P\u00e1l t\u00f6rt\u00e9n\u00e9sz, a l\u00e9gi h\u00e1bor\u00fak kutat\u00f3ja elmondja, hogy az 1944. augusztus 1. \u00e9s okt\u00f3ber 2. k\u00f6z\u00f6tt zajlott vars\u00f3i felkel\u00e9snek az a brit ir\u00e1ny\u00edt\u00e1ssal m\u00fbk\u00f6d\u00f5, k\u00fcl\u00f6nleges m\u00fbveleti k\u00f6tel\u00e9k juttatott seg\u00e9lysz\u00e1ll\u00edtm\u00e1nyokat, amelyben ezek a h\u00f5si hal\u00e1lt halt lengyel pil\u00f3t\u00e1k szolg\u00e1ltak. Ezen id\u00f5szakban \u00f6sszesen 306 g\u00e9p rep\u00fclt be a c\u00e9lter\u00fclet f\u00f6l\u00e9, ebb\u00f5l 110 amerikai, 91 lengyel, 55 d\u00e9l-afrikai \u00e9s 50 brit volt. A rep\u00fcl\u00f5k az olaszorsz\u00e1gi Brindizib\u00f5l vittek \u00e9lelmiszert, gy\u00f3gyszert, fegyvert. A bevet\u00e9sek els\u00f5 napj\u00e1n, augusztus 2-\u00e1n \u00e9jjel n\u00e9met \u00e9jszakai vad\u00e1szok a szentesi Tisza-h\u00edd k\u00f6zel\u00e9ben lel\u00f5ttek egy a k\u00fcldet\u00e9s\u00e9r\u00f5l visszat\u00e9r\u00f5 n\u00e9gymotoros Halifax bomb\u00e1z\u00f3t. A h\u00e9tf\u00f5s szem\u00e9lyzetb\u00f5l \u00f6ten ejt\u00f5erny\u00f5vel el tudt\u00e1k hagyni a g\u00e9pet, \u00f5k hadifogs\u00e1gba estek. Ketten azonban &#8211; a 24 esztend\u00f5s Pawel Szejnowski \u00e9s a 31 \u00e9ves Jan Lewandowski &#8211; \u00e9let\u00fcket vesztett\u00e9k. \u00b444. szeptember 11-\u00e9re virrad\u00f3 \u00e9jjel 3 \u00f3rakor Ruzsa (akkor Szeged-Csorva j\u00e1r\u00e1s) hat\u00e1r\u00e1ban h\u00e9t lengyel rep\u00fcl\u00f5s &#8211; Zbigniew Jerzy Kozlowski (28 \u00e9ves), Tadeusz Lach (28), Wlodzimierz Sergiusz Fedzinski (20), Franciszek Dziadula (32), Stanislaw J\u00f3zef Mucha (31), Witold Pazdzior (35), Boleslaw Podsiadly (21) &#8211; halt h\u00f5si hal\u00e1lt, amikor egy n\u00e9met vad\u00e1szg\u00e9p a n\u00e9gymotorost eltal\u00e1lta.<\/p>\n","protected":false},"excerpt":{"rendered":"<p>Roncsok \u00bd\u00f6r\u00f6k\u00bd \u00e1lma?Horthy Istv\u00e1n f\u00f5hadnagy hal\u00e1la. Lengyel pil\u00f3t\u00e1k Magyarorsz\u00e1g felett. Okt\u00f3ber 30-\u00e1n, szerd\u00e1n d\u00e9lut\u00e1n 5 \u00f3r\u00e1ra a m\u00e1sodik vil\u00e1gh\u00e1bor\u00fa hadt\u00f6rt\u00e9nete ir\u00e1nt \u00e9rdekl\u00f5d\u00f5ket v\u00e1rj\u00e1k az Eml\u00e9kpontba, ahol Mag\u00f3 K\u00e1roly roncskutat\u00f3val, Horthy Istv\u00e1n f\u00f5hadnagy rep\u00fcl\u00f5baleset\u00e9nek leg\u00fajabb vizsg\u00e1lat\u00e1r\u00f3l, valamint Ol\u00e1h Andr\u00e1s P\u00e1l t\u00f6rt\u00e9n\u00e9sszel a brit hadseregben szolg\u00e1l\u00f3 lengyel pil\u00f3t\u00e1kr\u00f3l, a Szentes k\u00f6zel\u00e9ben nemr\u00e9g felt\u00e1rt lel\u00f5tt rep\u00fcl\u00f5g\u00e9p megtal\u00e1l\u00e1s\u00e1nak t\u00f6rt\u00e9net\u00e9r\u00f5l [&hellip;]<\/p>\n","protected":false},"author":5,"featured_media":0,"comment_status":"open","ping_status":"open","sticky":false,"template":"","format":"standard","meta":{"footnotes":""},"categories":[12,8,18],"tags":[],"_links":{"self":[{"href":"https:\/\/emlekpont.hu\/index.php?rest_route=\/wp\/v2\/posts\/6611"}],"collection":[{"href":"https:\/\/emlekpont.hu\/index.php?rest_route=\/wp\/v2\/posts"}],"about":[{"href":"https:\/\/emlekpont.hu\/index.php?rest_route=\/wp\/v2\/types\/post"}],"author":[{"embeddable":true,"href":"https:\/\/emlekpont.hu\/index.php?rest_route=\/wp\/v2\/users\/5"}],"replies":[{"embeddable":true,"href":"https:\/\/emlekpont.hu\/index.php?rest_route=%2Fwp%2Fv2%2Fcomments&post=6611"}],"version-history":[{"count":0,"href":"https:\/\/emlekpont.hu\/index.php?rest_route=\/wp\/v2\/posts\/6611\/revisions"}],"wp:attachment":[{"href":"https:\/\/emlekpont.hu\/index.php?rest_route=%2Fwp%2Fv2%2Fmedia&parent=6611"}],"wp:term":[{"taxonomy":"category","embeddable":true,"href":"https:\/\/emlekpont.hu\/index.php?rest_route=%2Fwp%2Fv2%2Fcategories&post=6611"},{"taxonomy":"post_tag","embeddable":true,"href":"https:\/\/emlekpont.hu\/index.php?rest_route=%2Fwp%2Fv2%2Ftags&post=6611"}],"curies":[{"name":"wp","href":"https:\/\/api.w.org\/{rel}","templated":true}]}}