{"id":6610,"date":"2013-11-11T00:00:00","date_gmt":"2013-11-11T00:00:00","guid":{"rendered":"http:\/\/emlekpont.hu\/?p=6610"},"modified":"2013-11-11T00:00:00","modified_gmt":"2013-11-11T00:00:00","slug":"arva-laszlo-az-emlekpont-uj-vezetoje","status":"publish","type":"post","link":"https:\/\/emlekpont.hu\/?p=6610","title":{"rendered":"\u00c1rva L\u00e1szl\u00f3 az Eml\u00e9kpont \u00faj vezet\u0151je"},"content":{"rendered":"<p>\u00c1rva L\u00e1szl\u00f3 az Eml\u00e9kpont \u00faj vezet\u00f5jeA N\u00e9meth L\u00e1szl\u00f3 Gimn\u00e1zium igazgat\u00f3ja ir\u00e1ny\u00edtja a j\u00f6v\u00f5ben az int\u00e9zm\u00e9nyt  \u00c1rva L\u00e1szl\u00f3 magyar-t\u00f6rt\u00e9nelem szakos pedag\u00f3gus ir\u00e1ny\u00edtja a j\u00f6v\u00f5ben az Eml\u00e9kpont szakmai munk\u00e1j\u00e1t. A h\u00f3dmez\u00f5v\u00e1s\u00e1rhelyi N\u00e9meth L\u00e1szl\u00f3 Gimn\u00e1zium \u00e9s \u00c1ltal\u00e1nos Iskola igazgat\u00f3ja szakmai f\u00f5tan\u00e1csad\u00f3k\u00e9nt koordin\u00e1lja a k\u00f6zgy\u00fbjtem\u00e9nyben zajl\u00f3 munk\u00e1t, megb\u00edzat\u00e1sa november 11-\u00e9t\u00f5l 2014 v\u00e9g\u00e9ig sz\u00f3l a kommunizmus \u00e9vtizedeit feldolgoz\u00f3 \u00e9s bemutat\u00f3 int\u00e9zm\u00e9ny \u00e9l\u00e9n.  Az Eml\u00e9kpont \u00e9l\u00e9r\u00f5l id\u00e9n \u00e1prilis v\u00e9g\u00e9n t\u00e1vozott Blazovich P\u00e9ter, az int\u00e9zm\u00e9nyvezet\u00f5i posztra ki\u00edrt p\u00e1ly\u00e1zat azonban eredm\u00e9nytelen volt &#8211; mondta el dr. Nagy Imre, a Tornyai J\u00e1nos M\u00fazeum \u00e9s K\u00f6zm\u00fbvel\u00f5d\u00e9si K\u00f6zpont igazgat\u00f3ja. A k\u00f6zgy\u00fbjtem\u00e9ny a m\u00falt bemutat\u00e1sa \u00e9s feldolgoz\u00e1sa mellett orsz\u00e1gosan egyed\u00fcl\u00e1ll\u00f3 m\u00f3don v\u00e1llal szerepet a 20. sz\u00e1zad m\u00e1sodik fel\u00e9nek tudom\u00e1nyos feldolgoz\u00e1s\u00e1ban, meg\u00e9rt\u00e9sben \u00e9s tan\u00edt\u00e1s\u00e1ban   h\u00e9tr\u00f5l-h\u00e9tre az Eml\u00e9kpontban kihelyezett tan\u00f3r\u00e1kon saj\u00e1t\u00edtj\u00e1k el t\u00f6rt\u00e9nelmi ismereteiket a v\u00e1ros v\u00e9gz\u00f5s k\u00f6z\u00e9piskol\u00e1sai  , ez\u00e9rt k\u00fcl\u00f6n\u00f6sen fontos, hogy az int\u00e9zm\u00e9ny \u00e9l\u00e9n az oktat\u00e1si feladatokat \u00e9s a gyakorlatot is j\u00f3l ismer\u00f5 szakember \u00e1lljon   emelte ki a v\u00e1ros kultur\u00e1lis int\u00e9zm\u00e9nyeinek vezet\u00f5je. \u00c1rva igazgat\u00f3 urat az\u00e9rt k\u00e9rtem fel, hogy szakmai tan\u00e1csad\u00f3k\u00e9nt koordin\u00e1lja az int\u00e9zm\u00e9nyben zajl\u00f3 munk\u00e1t,  seg\u00edtsen ezen c\u00e9lok tov\u00e1bbvitel\u00e9ben, az eredm\u00e9nyek kisz\u00e9les\u00edt\u00e9s\u00e9ben, valamint a tudom\u00e1nyos tev\u00e9kenys\u00e9g er\u00f5s\u00edt\u00e9s\u00e9ben is   indokolta a megb\u00edzat\u00e1st Nagy Imre.  A magyar nyelv \u00e9s irodalom, t\u00f6rt\u00e9nelem szakos \u00c1rva L\u00e1szl\u00f3 negyedsz\u00e1zada oktatja a H\u00f3dmez\u00f5v\u00e1s\u00e1rhely k\u00f6z\u00e9piskol\u00e1sait, 1995 \u00f3ta vezeti a v\u00e1ros egyik legnagyobb oktat\u00e1si int\u00e9zm\u00e9ny\u00e9t, a N\u00e9meth L\u00e1szl\u00f3 Gimn\u00e1ziumot \u00e9s \u00c1ltal\u00e1nos Iskol\u00e1t. Az alf\u00f6ldi v\u00e1ros kultur\u00e1lis \u00e9let\u00e9ben akt\u00edv szerepet v\u00e1llal: a Czirbusz Piroska Eml\u00e9k\u00e9re a H\u00f3dmez\u00f5v\u00e1s\u00e1rhelyi M\u00fbv\u00e9szetek\u00e9rt K\u00f6zalap\u00edtv\u00e1ny, valamint a Bessenyei Ferenc M\u00fbv\u00e9szeti D\u00edj b\u00edr\u00e1l\u00f3 bizotts\u00e1g\u00e1nak tagja. Ell\u00e1tja a N\u00e9meth L\u00e1szl\u00f3 T\u00e1rsas\u00e1g titk\u00e1ri feladatait, szervez\u00e9s\u00e9ben t\u00f6bb, a neves \u00edr\u00f3 irodalmi hagyat\u00e9k\u00e1t \u00e1pol\u00f3 programot rendeztek m\u00e1r az Eml\u00e9kpontban. A 20. sz\u00e1zad m\u00e1sodik fel\u00e9nek totalit\u00e1rius rendszer\u00e9t bemutat\u00f3 int\u00e9zm\u00e9ny m\u00fbk\u00f6d\u00e9s\u00e9re annak megnyit\u00e1sa \u00f3ta r\u00e1l\u00e1t\u00e1ssal van, 2006 \u00f3ta r\u00e9szt vesz az oktat\u00e1si test\u00fclet munk\u00e1j\u00e1ban, valamint tagja volt a Minden Nap Kult\u00fara! Program Eml\u00e9kpont munkacsoportj\u00e1nak is.<\/p>\n","protected":false},"excerpt":{"rendered":"<p>\u00c1rva L\u00e1szl\u00f3 az Eml\u00e9kpont \u00faj vezet\u00f5jeA N\u00e9meth L\u00e1szl\u00f3 Gimn\u00e1zium igazgat\u00f3ja ir\u00e1ny\u00edtja a j\u00f6v\u00f5ben az int\u00e9zm\u00e9nyt \u00c1rva L\u00e1szl\u00f3 magyar-t\u00f6rt\u00e9nelem szakos pedag\u00f3gus ir\u00e1ny\u00edtja a j\u00f6v\u00f5ben az Eml\u00e9kpont szakmai munk\u00e1j\u00e1t. A h\u00f3dmez\u00f5v\u00e1s\u00e1rhelyi N\u00e9meth L\u00e1szl\u00f3 Gimn\u00e1zium \u00e9s \u00c1ltal\u00e1nos Iskola igazgat\u00f3ja szakmai f\u00f5tan\u00e1csad\u00f3k\u00e9nt koordin\u00e1lja a k\u00f6zgy\u00fbjtem\u00e9nyben zajl\u00f3 munk\u00e1t, megb\u00edzat\u00e1sa november 11-\u00e9t\u00f5l 2014 v\u00e9g\u00e9ig sz\u00f3l a kommunizmus \u00e9vtizedeit feldolgoz\u00f3 \u00e9s bemutat\u00f3 [&hellip;]<\/p>\n","protected":false},"author":5,"featured_media":0,"comment_status":"open","ping_status":"open","sticky":false,"template":"","format":"standard","meta":{"footnotes":""},"categories":[12,8,18],"tags":[],"_links":{"self":[{"href":"https:\/\/emlekpont.hu\/index.php?rest_route=\/wp\/v2\/posts\/6610"}],"collection":[{"href":"https:\/\/emlekpont.hu\/index.php?rest_route=\/wp\/v2\/posts"}],"about":[{"href":"https:\/\/emlekpont.hu\/index.php?rest_route=\/wp\/v2\/types\/post"}],"author":[{"embeddable":true,"href":"https:\/\/emlekpont.hu\/index.php?rest_route=\/wp\/v2\/users\/5"}],"replies":[{"embeddable":true,"href":"https:\/\/emlekpont.hu\/index.php?rest_route=%2Fwp%2Fv2%2Fcomments&post=6610"}],"version-history":[{"count":0,"href":"https:\/\/emlekpont.hu\/index.php?rest_route=\/wp\/v2\/posts\/6610\/revisions"}],"wp:attachment":[{"href":"https:\/\/emlekpont.hu\/index.php?rest_route=%2Fwp%2Fv2%2Fmedia&parent=6610"}],"wp:term":[{"taxonomy":"category","embeddable":true,"href":"https:\/\/emlekpont.hu\/index.php?rest_route=%2Fwp%2Fv2%2Fcategories&post=6610"},{"taxonomy":"post_tag","embeddable":true,"href":"https:\/\/emlekpont.hu\/index.php?rest_route=%2Fwp%2Fv2%2Ftags&post=6610"}],"curies":[{"name":"wp","href":"https:\/\/api.w.org\/{rel}","templated":true}]}}