{"id":6609,"date":"2013-11-21T00:00:00","date_gmt":"2013-11-21T00:00:00","guid":{"rendered":"http:\/\/emlekpont.hu\/?p=6609"},"modified":"2013-11-21T00:00:00","modified_gmt":"2013-11-21T00:00:00","slug":"uj-vezeto-az-emlekpont-elen","status":"publish","type":"post","link":"https:\/\/emlekpont.hu\/?p=6609","title":{"rendered":"\u00daj vezet\u0151 az Eml\u00e9kpont \u00e9l\u00e9n"},"content":{"rendered":"<p>\u00daj vezet\u00f5 az Eml\u00e9kpont \u00e9l\u00e9n  Az eddigi sikeres kutat\u00e1si \u00e9s oktat\u00e1si munk\u00e1t folytatva kisz\u00e9les\u00edten\u00e9 a k\u00f6zelm\u00falt h\u00f3dmez\u00f5v\u00e1s\u00e1rhelyi t\u00f6rt\u00e9nelm\u00e9t felt\u00e1r\u00f3 \u00e9s bemutat\u00f3 m\u00fazeum, az Eml\u00e9kpont tev\u00e9kenys\u00e9gi k\u00f6r\u00e9t az int\u00e9zm\u00e9ny \u00faj vezet\u00f5je, \u00c1rva L\u00e1szl\u00f3.  A k\u00f6zgy\u00fbjtem\u00e9nyt szakmai f\u00f5tan\u00e1csad\u00f3k\u00e9nt ir\u00e1ny\u00edt\u00f3 pedag\u00f3gus, a h\u00f3dmez\u00f5v\u00e1s\u00e1rhelyi N\u00e9meth L\u00e1szl\u00f3 Gimn\u00e1zium igazgat\u00f3ja cs\u00fct\u00f6rt\u00f6ki bemutatkoz\u00f3 sajt\u00f3t\u00e1j\u00e9koztat\u00f3j\u00e1n elmondta, az Eml\u00e9kpont eddigi k\u00f6zel egy \u00e9vtizedes m\u00fbk\u00f6d\u00e9s\u00e9vel fontos helyet v\u00edvott ki mag\u00e1nak az orsz\u00e1g kultur\u00e1lis \u00e9let\u00e9ben.  Az Eml\u00e9kpontban folytat\u00f3dni fognak az olyan komoly t\u00f6rt\u00e9n\u00e9szi munk\u00e1val l\u00e9trehozott id\u00f5szaki ki\u00e1ll\u00edt\u00e1sok, mint amilyen p\u00e9ld\u00e1ul az \u00e1llambiztons\u00e1gi szolg\u00e1latok \u00e9s a kultur\u00e1lis \u00e9let viszony\u00e1t bemutat\u00f3 Megfigyelt m\u00fbv\u00e9szet c\u00edm\u00fb t\u00e1rlat volt. J\u00f6v\u00f5 \u00e9v tavasz\u00e1n a R\u00e1kosi-korszak igazs\u00e1gszolg\u00e1ltat\u00e1s\u00e1r\u00f3l ny\u00edlik majd ki\u00e1ll\u00edt\u00e1s, amelyhez kapcsol\u00f3d\u00f3an jelenleg is kutat\u00e1sok folynak, egyebek mellett a szegedi Csillagb\u00f6rt\u00f6nben &#8211; tette hozz\u00e1 a szakember.  Az int\u00e9zm\u00e9ny \u00e1lland\u00f3 ki\u00e1ll\u00edt\u00e1s\u00e1nak bemutat\u00e1s\u00e1val, id\u00f5szaki t\u00e1rlataival, rendhagy\u00f3 t\u00f6rt\u00e9nelem\u00f3r\u00e1ival jelent\u00f5s oktat\u00e1si tev\u00e9kenys\u00e9get v\u00e9gez H\u00f3dmez\u00f5v\u00e1s\u00e1rhely \u00e9s a t\u00e9rs\u00e9g iskol\u00e1ival \u00f6sszefogva. 2014-ben a holokauszt eml\u00e9k\u00e9v oktat\u00e1si programj\u00e1ban is fontos szerepet t\u00f6lt majd be az Eml\u00e9kpont &#8211; k\u00f6z\u00f6lte \u00c1rva L\u00e1szl\u00f3. Mint kiemelte, az I. vil\u00e1gh\u00e1bor\u00fa kit\u00f6r\u00e9s\u00e9nek sz\u00e1zadik \u00e9vfordul\u00f3j\u00e1ra eml\u00e9kezve azonban b\u00f5v\u00edten\u00e9 azt az id\u00f5szakot, amelynek bemutat\u00e1s\u00e1val az int\u00e9zm\u00e9ny foglalkozik.  A szakember lehet\u00f5s\u00e9geket l\u00e1t a H\u00f3dmez\u00f5v\u00e1s\u00e1rhelyen \u00e9s a r\u00e9gi\u00f3ban foly\u00f3 helyt\u00f6rt\u00e9neti kutat\u00e1sok eredm\u00e9nyeinek bemutat\u00e1s\u00e1ra, \u00e9s arra is, hogy a k\u00f6zgy\u00fbjtem\u00e9ny megjelenjen a k\u00f6rnyez\u00f5 telep\u00fcl\u00e9seken.  Forr\u00e1s: MTI<\/p>\n","protected":false},"excerpt":{"rendered":"<p>\u00daj vezet\u00f5 az Eml\u00e9kpont \u00e9l\u00e9n Az eddigi sikeres kutat\u00e1si \u00e9s oktat\u00e1si munk\u00e1t folytatva kisz\u00e9les\u00edten\u00e9 a k\u00f6zelm\u00falt h\u00f3dmez\u00f5v\u00e1s\u00e1rhelyi t\u00f6rt\u00e9nelm\u00e9t felt\u00e1r\u00f3 \u00e9s bemutat\u00f3 m\u00fazeum, az Eml\u00e9kpont tev\u00e9kenys\u00e9gi k\u00f6r\u00e9t az int\u00e9zm\u00e9ny \u00faj vezet\u00f5je, \u00c1rva L\u00e1szl\u00f3. A k\u00f6zgy\u00fbjtem\u00e9nyt szakmai f\u00f5tan\u00e1csad\u00f3k\u00e9nt ir\u00e1ny\u00edt\u00f3 pedag\u00f3gus, a h\u00f3dmez\u00f5v\u00e1s\u00e1rhelyi N\u00e9meth L\u00e1szl\u00f3 Gimn\u00e1zium igazgat\u00f3ja cs\u00fct\u00f6rt\u00f6ki bemutatkoz\u00f3 sajt\u00f3t\u00e1j\u00e9koztat\u00f3j\u00e1n elmondta, az Eml\u00e9kpont eddigi k\u00f6zel egy \u00e9vtizedes m\u00fbk\u00f6d\u00e9s\u00e9vel [&hellip;]<\/p>\n","protected":false},"author":5,"featured_media":0,"comment_status":"open","ping_status":"open","sticky":false,"template":"","format":"standard","meta":{"footnotes":""},"categories":[12,8,18],"tags":[],"_links":{"self":[{"href":"https:\/\/emlekpont.hu\/index.php?rest_route=\/wp\/v2\/posts\/6609"}],"collection":[{"href":"https:\/\/emlekpont.hu\/index.php?rest_route=\/wp\/v2\/posts"}],"about":[{"href":"https:\/\/emlekpont.hu\/index.php?rest_route=\/wp\/v2\/types\/post"}],"author":[{"embeddable":true,"href":"https:\/\/emlekpont.hu\/index.php?rest_route=\/wp\/v2\/users\/5"}],"replies":[{"embeddable":true,"href":"https:\/\/emlekpont.hu\/index.php?rest_route=%2Fwp%2Fv2%2Fcomments&post=6609"}],"version-history":[{"count":0,"href":"https:\/\/emlekpont.hu\/index.php?rest_route=\/wp\/v2\/posts\/6609\/revisions"}],"wp:attachment":[{"href":"https:\/\/emlekpont.hu\/index.php?rest_route=%2Fwp%2Fv2%2Fmedia&parent=6609"}],"wp:term":[{"taxonomy":"category","embeddable":true,"href":"https:\/\/emlekpont.hu\/index.php?rest_route=%2Fwp%2Fv2%2Fcategories&post=6609"},{"taxonomy":"post_tag","embeddable":true,"href":"https:\/\/emlekpont.hu\/index.php?rest_route=%2Fwp%2Fv2%2Ftags&post=6609"}],"curies":[{"name":"wp","href":"https:\/\/api.w.org\/{rel}","templated":true}]}}