{"id":6608,"date":"2013-11-21T00:00:00","date_gmt":"2013-11-21T00:00:00","guid":{"rendered":"http:\/\/emlekpont.hu\/?p=6608"},"modified":"2013-11-21T00:00:00","modified_gmt":"2013-11-21T00:00:00","slug":"fontos-az-elmenykozpontu-tortenelemoktatas","status":"publish","type":"post","link":"https:\/\/emlekpont.hu\/?p=6608","title":{"rendered":"Fontos az \u00e9lm\u00e9nyk\u00f6zpont\u00fa t\u00f6rt\u00e9nelemoktat\u00e1s"},"content":{"rendered":"<p>\u00c1rva L\u00e1szl\u00f3: fontos az \u00e9lm\u00e9nyalap\u00fa t\u00f6rt\u00e9nelemoktat\u00e1s!  \u00c1rva L\u00e1szl\u00f3 a N\u00e9meth L\u00e1szl\u00f3 Gimn\u00e1zium \u00e9s \u00c1ltal\u00e1nos Iskola igazgat\u00f3ja, az Eml\u00e9kpont \u00faj vezet\u00f5je terveir\u00f5l, szeml\u00e9let\u00e9r\u00f5l besz\u00e9lt cs\u00fct\u00f6rt\u00f6k d\u00e9lel\u00f5tt a R\u00e1di\u00f3 7 Napraforg\u00f3 c\u00edm\u00fb m\u00fbsor\u00e1ban.  \u00bdAzon szerencs\u00e9s emberek k\u00f6z\u00e9 tartozom, akik eset\u00e9ben a munkatev\u00e9kenys\u00e9g \u00e9s a munk\u00e1n t\u00fali \u00e9rdekl\u00f5d\u00e9s nagyon szorosan \u00e9rintkezik egym\u00e1ssal \u00e9s \u00e1tfedi egym\u00e1st.  Amikor a felk\u00e9r\u00e9sre sor ker\u00fclt, alapvet\u00f5en fontos volt, hogy a N\u00e9meth L\u00e1szl\u00f3 \u00c1ltal\u00e1nos Iskola \u00e9s Gimn\u00e1zium ir\u00e1ny\u00edt\u00e1sa a tov\u00e1bbiakban is olyan szinten t\u00f6rt\u00e9njen, mint eddig. Az Eml\u00e9kpontban foly\u00f3 munk\u00e1hoz sok szempontb\u00f3l kapcsol\u00f3dtam eddig, ez\u00e9rt gondoltam, hogy k\u00e9pes vagyok arra, hogy az ott foly\u00f3 szakmai munk\u00e1t \u00f6sszefogjam, koordin\u00e1ljam.  A munkak\u00f6r infrastrukt\u00far\u00e1ja, m\u00f3dszerei sz\u00e9pen kidolgozottak voltak, van mire \u00e9p\u00edteni.&#8221; &#8211; mondta \u00c1rva L\u00e1szl\u00f3 az Eml\u00e9kpont szakmai f\u00f5tan\u00e1csad\u00f3ja R\u00e1di\u00f3 7 cs\u00fct\u00f6rt\u00f6k d\u00e9lel\u00f5tti Napraforg\u00f3 c\u00edm\u00fb m\u00fbsor\u00e1ban.  \u00c1rva L\u00e1szl\u00f3 els\u00f5 munkanapja szakmai tan\u00e1csad\u00f3k\u00e9nt az Eml\u00e9kpontban november 11-\u00e9n volt. Nem ismeretlen az int\u00e9zm\u00e9nyben, egy \u00e9vtizede seg\u00edti annak munk\u00e1j\u00e1t. R\u00e9szt vett p\u00e9ld\u00e1ul a Minden Nap Kult\u00fara! Program kidolgoz\u00e1s\u00e1ban, ami a di\u00e1kok sokr\u00e9t\u00fb, \u00e9lm\u00e9nyalap\u00fa t\u00f6rt\u00e9nelmi oktat\u00e1s\u00e1t szolg\u00e1lja.  \u00bdA magyar t\u00f6rt\u00e9nelemoktat\u00e1s nagyon sok szempontb\u00f3l strukt\u00farak\u00f6zpont\u00fa, arra t\u00f6rekszik, hogy a tanul\u00f3kkal olyan t\u00f6rt\u00e9nelmi fogalmakat tan\u00edtson meg, amelyek miatt h\u00e1tt\u00e9rbe szorulnak a szem\u00e9lyes t\u00f6rt\u00e9netek. Ezek a gy\u00fbjtem\u00e9nyek- amely k\u00f6z\u00e9 nem csak az Eml\u00e9kpont sorolhat\u00f3, hanem a v\u00e1ros t\u00f6bbi k\u00f6zgy\u00fbjtem\u00e9nye is- betekint\u00e9st engednek a t\u00f6rt\u00e9nelmi szem\u00e9lyek \u00e9let\u00e9be, az esem\u00e9nyeket \u00e9lm\u00e9nyalap\u00faan \u00e9lhetj\u00fck meg &#8211; hangzott el a m\u00fbsorban.  Forr\u00e1s: R\u00e1di\u00f37 &#8211; Promen\u00e1d h\u00edrport\u00e1l<\/p>\n","protected":false},"excerpt":{"rendered":"<p>\u00c1rva L\u00e1szl\u00f3: fontos az \u00e9lm\u00e9nyalap\u00fa t\u00f6rt\u00e9nelemoktat\u00e1s! \u00c1rva L\u00e1szl\u00f3 a N\u00e9meth L\u00e1szl\u00f3 Gimn\u00e1zium \u00e9s \u00c1ltal\u00e1nos Iskola igazgat\u00f3ja, az Eml\u00e9kpont \u00faj vezet\u00f5je terveir\u00f5l, szeml\u00e9let\u00e9r\u00f5l besz\u00e9lt cs\u00fct\u00f6rt\u00f6k d\u00e9lel\u00f5tt a R\u00e1di\u00f3 7 Napraforg\u00f3 c\u00edm\u00fb m\u00fbsor\u00e1ban. \u00bdAzon szerencs\u00e9s emberek k\u00f6z\u00e9 tartozom, akik eset\u00e9ben a munkatev\u00e9kenys\u00e9g \u00e9s a munk\u00e1n t\u00fali \u00e9rdekl\u00f5d\u00e9s nagyon szorosan \u00e9rintkezik egym\u00e1ssal \u00e9s \u00e1tfedi egym\u00e1st. Amikor a felk\u00e9r\u00e9sre [&hellip;]<\/p>\n","protected":false},"author":5,"featured_media":0,"comment_status":"open","ping_status":"open","sticky":false,"template":"","format":"standard","meta":{"footnotes":""},"categories":[12,8,18],"tags":[],"_links":{"self":[{"href":"https:\/\/emlekpont.hu\/index.php?rest_route=\/wp\/v2\/posts\/6608"}],"collection":[{"href":"https:\/\/emlekpont.hu\/index.php?rest_route=\/wp\/v2\/posts"}],"about":[{"href":"https:\/\/emlekpont.hu\/index.php?rest_route=\/wp\/v2\/types\/post"}],"author":[{"embeddable":true,"href":"https:\/\/emlekpont.hu\/index.php?rest_route=\/wp\/v2\/users\/5"}],"replies":[{"embeddable":true,"href":"https:\/\/emlekpont.hu\/index.php?rest_route=%2Fwp%2Fv2%2Fcomments&post=6608"}],"version-history":[{"count":0,"href":"https:\/\/emlekpont.hu\/index.php?rest_route=\/wp\/v2\/posts\/6608\/revisions"}],"wp:attachment":[{"href":"https:\/\/emlekpont.hu\/index.php?rest_route=%2Fwp%2Fv2%2Fmedia&parent=6608"}],"wp:term":[{"taxonomy":"category","embeddable":true,"href":"https:\/\/emlekpont.hu\/index.php?rest_route=%2Fwp%2Fv2%2Fcategories&post=6608"},{"taxonomy":"post_tag","embeddable":true,"href":"https:\/\/emlekpont.hu\/index.php?rest_route=%2Fwp%2Fv2%2Ftags&post=6608"}],"curies":[{"name":"wp","href":"https:\/\/api.w.org\/{rel}","templated":true}]}}