{"id":6607,"date":"2013-11-22T00:00:00","date_gmt":"2013-11-22T00:00:00","guid":{"rendered":"http:\/\/emlekpont.hu\/?p=6607"},"modified":"2013-11-22T00:00:00","modified_gmt":"2013-11-22T00:00:00","slug":"elrabolt-gyermekkor","status":"publish","type":"post","link":"https:\/\/emlekpont.hu\/?p=6607","title":{"rendered":"Elrabolt gyermekkor"},"content":{"rendered":"<p>Elrabolt gyermekkorMegr\u00e1z\u00f3 t\u00f6rt\u00e9net a Szovjetuni\u00f3ba hurcoltak eml\u00e9knapj\u00e1n  A Szovjetuni\u00f3ba hurcoltak eml\u00e9knapj\u00e1n egy megd\u00f6bbent\u00f5 \u00e9s sz\u00edvbemarkol\u00f3 t\u00f6rt\u00e9netet ismerhetnek meg az Eml\u00e9kpont rendhagy\u00f3 tan\u00f3r\u00e1j\u00e1n r\u00e9sztvev\u00f5 di\u00e1kok november 25-\u00e9n, h\u00e9tf\u00f5n 13 \u00f3r\u00e1t\u00f3l. 1945-ben, a m\u00e1sodik vil\u00e1gh\u00e1bor\u00fa v\u00e9g\u00e9n a h\u00e1rom \u00e9ves Horv\u00e1th L\u00e1szl\u00f3t nagysz\u00fclei karjaib\u00f3l t\u00e9pt\u00e9k ki a szovjet hat\u00f3s\u00e1gok \u00e9s hurcolt\u00e1k el egy szovjet gyermeknevel\u00f5 int\u00e9zetbe. A \u00bdjanics\u00e1rk\u00e9nt nevelt\u00bd fi\u00fa el\u00f5sz\u00f6r hat \u00e9vesen szembes\u00fclt magyar sz\u00e1rmaz\u00e1s\u00e1val, de csak a hatvanas \u00e9vekben ker\u00fclhetett kapcsolatba \u00e9desapj\u00e1val \u00e9s juthatott haza Magyarorsz\u00e1gra &#8211; magyar nyelvtud\u00e1s n\u00e9lk\u00fcl.  A magyar Orsz\u00e1ggy\u00fbl\u00e9s a tavalyi \u00e9vben min\u00f5s\u00edtette november 25-\u00e9t a Szovjetuni\u00f3ba hurcolt magyar politikai rabok \u00e9s k\u00e9nyszermunk\u00e1sok eml\u00e9knapj\u00e1v\u00e1. A hat\u00e1rozat alapj\u00e1n arr\u00f3l a mintegy 800 ezer magyarr\u00f3l van sz\u00f3, akiket 1944 \u00f5sz\u00e9t\u00f5l hadifogolyk\u00e9nt vagy intern\u00e1ltk\u00e9nt a Szovjetuni\u00f3ba hurcoltak k\u00e9nyszermunk\u00e1ra, illetve akiket koholt v\u00e1dakkal hossz\u00fa \u00e9vekre sz\u00e1m\u00fbztek a Gulag rabtelepeire.  H\u00e9tf\u00f5n d\u00e9lut\u00e1n egy \u00f3r\u00e1t\u00f3l egy megr\u00e1z\u00f3 t\u00f6rt\u00e9netet ismerhetnek meg az Eml\u00e9kpont rendhagy\u00f3 tan\u00f3r\u00e1j\u00e1n r\u00e9sztvev\u00f5 di\u00e1kok. A jelenleg Nagym\u00e1gocson \u00e9l\u00f5 Horv\u00e1th L\u00e1szl\u00f3 maga mondja el a fiataloknak, hogyan szak\u00edtott\u00e1k el csal\u00e1dj\u00e1t\u00f3l a szovjet hat\u00f3s\u00e1gok, fosztott\u00e1k meg magyars\u00e1g\u00e1t\u00f3l \u00e9s mik\u00e9nt ker\u00fclt haza sz\u00fcl\u00f5f\u00f6ldj\u00e9re. Az 1942-ben sz\u00fcletett Horv\u00e1th L\u00e1szl\u00f3t sz\u00fclei a m\u00e1sodik vil\u00e1gh\u00e1bor\u00fa v\u00e9g\u00e9n az Ungv\u00e1ron \u00e9l\u00f5 rokonok gondjaira b\u00edzt\u00e1k. 1945-ben a nagysz\u00fcl\u00f5k \u00fagy d\u00f6nt\u00f6ttek, hogy hazatelep\u00fclnek Magyarorsz\u00e1gra. A hat\u00e1r\u00e1tl\u00e9p\u00e9s sor\u00e1n a szovjet katon\u00e1k a nagysz\u00fcl\u00f5k kez\u00e9b\u00f5l kiragadt\u00e1k az ekkor h\u00e1rom \u00e9ves Lacit, \u00f5ket pedig fegyverrel k\u00e9nyszer\u00edtett\u00e9k a magyar ter\u00fcletre val\u00f3 \u00e1tl\u00e9p\u00e9sre.  Horv\u00e1th L\u00e1szl\u00f3t ezt k\u00f6vet\u00f5en az ungv\u00e1ri gyermekgy\u00fbjt\u00f5 t\u00e1borba hurcolt\u00e1k. 1945. okt\u00f3ber\u00e9ben \u00e1tvitt\u00e9k Munk\u00e1csra egy szigor\u00faan z\u00e1rt gyermeknevel\u00f5 int\u00e9zetbe. Itt v\u00e9gzett el h\u00e9t \u00e1ltal\u00e1nos iskolai oszt\u00e1lyt, majd Boriszl\u00e1v v\u00e1ros\u00e1ba ker\u00fclt, olajipari k\u00f6z\u00e9piskol\u00e1ba. 1959-t\u00f5l 1963-ig a Kaszpi-tenger melletti olajf\u00far\u00e1sokn\u00e1l dolgozott.  El\u00f5sz\u00f6r hat \u00e9ves kor\u00e1ban jutott tudom\u00e1s\u00e1ra, hogy \u00f5 magyar. A gyermeknevel\u00f5 int\u00e9zetben dolgoz\u00f3 egyik tan\u00e1rn\u00f5 s\u00fagta f\u00fcl\u00e9be, azzal a megk\u00f6t\u00e9ssel, hogy tartsa titokban. \u00c9desapja 1956-ban kerestette a V\u00f6r\u00f6skereszttel, ekkor lett sz\u00e1m\u00e1ra v\u00e9g\u00e9rv\u00e9ny\u00fben nyilv\u00e1nval\u00f3v\u00e1 magyars\u00e1ga. A forradalom kirobban\u00e1sa miatt \u00fcgy\u00e9t f\u00e9lres\u00f6p\u00f6rt\u00e9k a hat\u00f3s\u00e1gok. M\u00e1r a Kaszpi-tenger mellett dolgozott a sz\u00e1m\u00e1ra k\u00f6telez\u00f5en kijel\u00f6lt munkahelyen, amikor megkezdhette levelez\u00e9s\u00e9t a budapesti V\u00f6r\u00f6skereszttel. \u00cdgy vehette fel a kapcsolatot \u00e9desapj\u00e1val, \u00e9s v\u00e9g\u00fcl hazautazhatott Magyarorsz\u00e1gra.  Hazaker\u00fcl\u00e9s\u00e9t k\u00f6vet\u00f5en meg kellett tanulnia a magyar nyelvet, \u00e9s a mindennapokban val\u00f3 eligazod\u00e1shoz sz\u00fcks\u00e9ges ismereteket is el kellett saj\u00e1t\u00edtania. Enn\u00e9l is nehezebb volt sz\u00e1m\u00e1ra, hogy \u00e9desapj\u00e1val feln\u00f5ttk\u00e9nt kellett kialak\u00edtani az apa-fi\u00fa kapcsolatot. A K\u00e1d\u00e1r rezsim nem t\u00fbrte a \u00bdbar\u00e1ti\u00bd szovjetek \u00e1ltal elk\u00f6vetett embertelen t\u00f6rt\u00e9netek l\u00e9tez\u00e9s\u00e9t, ez\u00e9rt Horv\u00e1th L\u00e1szl\u00f3nak \u00e9s csal\u00e1dj\u00e1nak a vele t\u00f6rt\u00e9ntekr\u00f5l eg\u00e9szen a rendszerv\u00e1lt\u00e1sig hallgatnia kellett.<\/p>\n","protected":false},"excerpt":{"rendered":"<p>Elrabolt gyermekkorMegr\u00e1z\u00f3 t\u00f6rt\u00e9net a Szovjetuni\u00f3ba hurcoltak eml\u00e9knapj\u00e1n A Szovjetuni\u00f3ba hurcoltak eml\u00e9knapj\u00e1n egy megd\u00f6bbent\u00f5 \u00e9s sz\u00edvbemarkol\u00f3 t\u00f6rt\u00e9netet ismerhetnek meg az Eml\u00e9kpont rendhagy\u00f3 tan\u00f3r\u00e1j\u00e1n r\u00e9sztvev\u00f5 di\u00e1kok november 25-\u00e9n, h\u00e9tf\u00f5n 13 \u00f3r\u00e1t\u00f3l. 1945-ben, a m\u00e1sodik vil\u00e1gh\u00e1bor\u00fa v\u00e9g\u00e9n a h\u00e1rom \u00e9ves Horv\u00e1th L\u00e1szl\u00f3t nagysz\u00fclei karjaib\u00f3l t\u00e9pt\u00e9k ki a szovjet hat\u00f3s\u00e1gok \u00e9s hurcolt\u00e1k el egy szovjet gyermeknevel\u00f5 int\u00e9zetbe. A \u00bdjanics\u00e1rk\u00e9nt [&hellip;]<\/p>\n","protected":false},"author":5,"featured_media":0,"comment_status":"open","ping_status":"open","sticky":false,"template":"","format":"standard","meta":{"footnotes":""},"categories":[12,8,18],"tags":[],"_links":{"self":[{"href":"https:\/\/emlekpont.hu\/index.php?rest_route=\/wp\/v2\/posts\/6607"}],"collection":[{"href":"https:\/\/emlekpont.hu\/index.php?rest_route=\/wp\/v2\/posts"}],"about":[{"href":"https:\/\/emlekpont.hu\/index.php?rest_route=\/wp\/v2\/types\/post"}],"author":[{"embeddable":true,"href":"https:\/\/emlekpont.hu\/index.php?rest_route=\/wp\/v2\/users\/5"}],"replies":[{"embeddable":true,"href":"https:\/\/emlekpont.hu\/index.php?rest_route=%2Fwp%2Fv2%2Fcomments&post=6607"}],"version-history":[{"count":0,"href":"https:\/\/emlekpont.hu\/index.php?rest_route=\/wp\/v2\/posts\/6607\/revisions"}],"wp:attachment":[{"href":"https:\/\/emlekpont.hu\/index.php?rest_route=%2Fwp%2Fv2%2Fmedia&parent=6607"}],"wp:term":[{"taxonomy":"category","embeddable":true,"href":"https:\/\/emlekpont.hu\/index.php?rest_route=%2Fwp%2Fv2%2Fcategories&post=6607"},{"taxonomy":"post_tag","embeddable":true,"href":"https:\/\/emlekpont.hu\/index.php?rest_route=%2Fwp%2Fv2%2Ftags&post=6607"}],"curies":[{"name":"wp","href":"https:\/\/api.w.org\/{rel}","templated":true}]}}