{"id":6606,"date":"2013-11-25T00:00:00","date_gmt":"2013-11-25T00:00:00","guid":{"rendered":"http:\/\/emlekpont.hu\/?p=6606"},"modified":"2013-11-25T00:00:00","modified_gmt":"2013-11-25T00:00:00","slug":"rendhagyo-tortenelemora-a-szovjetunioba-hurcoltak-emleknapjan","status":"publish","type":"post","link":"https:\/\/emlekpont.hu\/?p=6606","title":{"rendered":"Rendhagy\u00f3 t\u00f6rt\u00e9nelem\u00f3ra a Szovjetuni\u00f3ba hurcoltak eml\u00e9knapj\u00e1n"},"content":{"rendered":"<p>Rendhagy\u00f3 t\u00f6rt\u00e9nelem\u00f3ra a Szovjetuni\u00f3ba hurcoltak eml\u00e9knapj\u00e1n  A h\u00e1rom\u00e9ves kor\u00e1ban szovjet katon\u00e1k \u00e1ltal elrabolt Horv\u00e1th L\u00e1szl\u00f3 sors\u00e1t ismerhett\u00e9k meg k\u00f6z\u00e9piskol\u00e1sok h\u00e9tf\u00f5n az Eml\u00e9kpontban a Szovjetuni\u00f3ba hurcoltak eml\u00e9knapj\u00e1n tartott rendhagy\u00f3 t\u00f6rt\u00e9nelem\u00f3r\u00e1n.  Horv\u00e1th L\u00e1szl\u00f3 1942. j\u00falius 18-\u00e1n sz\u00fcletett Budapesten. 1945-ben Ungv\u00e1ron \u00e9l\u00f5 nagysz\u00fclei gondj\u00e1ra b\u00edzt\u00e1k sz\u00fclei. A h\u00e1bor\u00fa v\u00e9g\u00e9n \u00fagy d\u00f6nt\u00f6ttek a nagysz\u00fcl\u00f5k, hogy hazatelep\u00fclnek Magyarorsz\u00e1gra. A hat\u00e1r\u00e1tl\u00e9p\u00e9s sor\u00e1n a szovjet katon\u00e1k a nagysz\u00fcl\u00f5k kez\u00e9b\u00f5l kiragadt\u00e1k a h\u00e1rom\u00e9ves fi\u00fat, majd fegyverrel k\u00e9nyszer\u00edtett\u00e9k \u00f5ket, hogy unok\u00e1jukat h\u00e1trahagyva t\u00e1vozzanak.  A fi\u00fat el\u00f5bb egy ungv\u00e1ri gyermekgy\u00fbjt\u00f5 t\u00e1borba hurcolt\u00e1k, k\u00e9s\u00f5bb \u00e1tvitt\u00e9k Munk\u00e1csra egy szigor\u00faan z\u00e1rt gyermeknevel\u00f5 int\u00e9zetbe. A sz\u00f6gesdr\u00f3ttal k\u00f6r\u00fclvett helyen v\u00e9gzett el h\u00e9t \u00e1ltal\u00e1nos iskolai oszt\u00e1lyt, majd Boriszl\u00e1v v\u00e1ros\u00e1ba ker\u00fclt, az olajipari k\u00f6z\u00e9piskol\u00e1ba. 1959-t\u00f5l 1963-ig a Kaszpi-tenger melletti olajf\u00far\u00e1sokn\u00e1l dolgozott.  El\u00f5sz\u00f6r hat\u00e9ves kor\u00e1ban jutott tudom\u00e1s\u00e1ra, hogy magyar nemzetis\u00e9g\u00fb, a titkot az int\u00e9zetben dolgoz\u00f3 egyik tan\u00e1rn\u00f5 \u00e1rulta el neki azzal, senkinek ne \u00e1rulja el. \u00c9desapja 1956-ban kerestette a V\u00f6r\u00f6skereszt \u00e1ltal, ekkor lett sz\u00e1m\u00e1ra v\u00e9g\u00e9rv\u00e9ny\u00fben nyilv\u00e1nval\u00f3v\u00e1 magyars\u00e1ga. A magyar forradalom kirobban\u00e1sa miatt \u00fcgy\u00e9t f\u00e9lres\u00f6p\u00f6rt\u00e9k a hat\u00f3s\u00e1gok. M\u00e1r a Kaszpi-tenger mellett dolgozott a sz\u00e1m\u00e1ra k\u00f6telez\u00f5en kijel\u00f6lt munkahelyen, amikor megkezdhette levelez\u00e9s\u00e9t a budapesti V\u00f6r\u00f6skereszttel. V\u00e9g\u00fcl a V\u00f6r\u00f6skereszt seg\u00edts\u00e9g\u00e9vel felvehette a kapcsolatot \u00e9desapj\u00e1val, \u00e9s 1963-ban utazhatott haza Magyarorsz\u00e1gra.      Horv\u00e1th L\u00e1szl\u00f3 \u00e9s M\u00e9sz\u00e1ros Tam\u00e1s t\u00f6rt\u00e9n\u00e9sz(MTI Fot\u00f3: Kelemen Zolt\u00e1n Gergely)  A jelenleg 71 esztend\u00f5s f\u00e9rfi elmes\u00e9lte, hogy Budapestre, sz\u00fcl\u00f5v\u00e1ros\u00e1ba \u00e9rkezve egy\u00e1ltal\u00e1n nem tudott magyarul, \u00e9desapj\u00e1val &#8211; akit csak feln\u00f5tt fejjel ismerhetett meg &#8211; az\u00e9rt tudott kommunik\u00e1lni, mert \u00f5 a szovjet hadifogs\u00e1gban j\u00f3l-rosszul, de megtanult oroszul. Horv\u00e1th L\u00e1szl\u00f3 anyanyelv\u00e9t v\u00e9g\u00fcl a k\u00fclf\u00f6ldi egyetemist\u00e1knak szervezett tanfolyamon tanulta meg.  M\u00e9sz\u00e1ros Tam\u00e1s, az Eml\u00e9kpont t\u00f6rt\u00e9n\u00e9sze az MTI-nek elmondta: m\u00e9g becsl\u00e9sek sem l\u00e9teznek arr\u00f3l, a h\u00e1bor\u00fa v\u00e9g\u00e9n h\u00e1ny gyermeket hurcolhattak el Horv\u00e1th L\u00e1szl\u00f3hoz hasonl\u00f3an a Szovjetuni\u00f3ba.  Forr\u00e1s: MTI<\/p>\n","protected":false},"excerpt":{"rendered":"<p>Rendhagy\u00f3 t\u00f6rt\u00e9nelem\u00f3ra a Szovjetuni\u00f3ba hurcoltak eml\u00e9knapj\u00e1n A h\u00e1rom\u00e9ves kor\u00e1ban szovjet katon\u00e1k \u00e1ltal elrabolt Horv\u00e1th L\u00e1szl\u00f3 sors\u00e1t ismerhett\u00e9k meg k\u00f6z\u00e9piskol\u00e1sok h\u00e9tf\u00f5n az Eml\u00e9kpontban a Szovjetuni\u00f3ba hurcoltak eml\u00e9knapj\u00e1n tartott rendhagy\u00f3 t\u00f6rt\u00e9nelem\u00f3r\u00e1n. Horv\u00e1th L\u00e1szl\u00f3 1942. j\u00falius 18-\u00e1n sz\u00fcletett Budapesten. 1945-ben Ungv\u00e1ron \u00e9l\u00f5 nagysz\u00fclei gondj\u00e1ra b\u00edzt\u00e1k sz\u00fclei. A h\u00e1bor\u00fa v\u00e9g\u00e9n \u00fagy d\u00f6nt\u00f6ttek a nagysz\u00fcl\u00f5k, hogy hazatelep\u00fclnek Magyarorsz\u00e1gra. A hat\u00e1r\u00e1tl\u00e9p\u00e9s [&hellip;]<\/p>\n","protected":false},"author":5,"featured_media":0,"comment_status":"open","ping_status":"open","sticky":false,"template":"","format":"standard","meta":{"footnotes":""},"categories":[12,8,18],"tags":[],"_links":{"self":[{"href":"https:\/\/emlekpont.hu\/index.php?rest_route=\/wp\/v2\/posts\/6606"}],"collection":[{"href":"https:\/\/emlekpont.hu\/index.php?rest_route=\/wp\/v2\/posts"}],"about":[{"href":"https:\/\/emlekpont.hu\/index.php?rest_route=\/wp\/v2\/types\/post"}],"author":[{"embeddable":true,"href":"https:\/\/emlekpont.hu\/index.php?rest_route=\/wp\/v2\/users\/5"}],"replies":[{"embeddable":true,"href":"https:\/\/emlekpont.hu\/index.php?rest_route=%2Fwp%2Fv2%2Fcomments&post=6606"}],"version-history":[{"count":0,"href":"https:\/\/emlekpont.hu\/index.php?rest_route=\/wp\/v2\/posts\/6606\/revisions"}],"wp:attachment":[{"href":"https:\/\/emlekpont.hu\/index.php?rest_route=%2Fwp%2Fv2%2Fmedia&parent=6606"}],"wp:term":[{"taxonomy":"category","embeddable":true,"href":"https:\/\/emlekpont.hu\/index.php?rest_route=%2Fwp%2Fv2%2Fcategories&post=6606"},{"taxonomy":"post_tag","embeddable":true,"href":"https:\/\/emlekpont.hu\/index.php?rest_route=%2Fwp%2Fv2%2Ftags&post=6606"}],"curies":[{"name":"wp","href":"https:\/\/api.w.org\/{rel}","templated":true}]}}