{"id":6605,"date":"2013-11-26T00:00:00","date_gmt":"2013-11-26T00:00:00","guid":{"rendered":"http:\/\/emlekpont.hu\/?p=6605"},"modified":"2013-11-26T00:00:00","modified_gmt":"2013-11-26T00:00:00","slug":"filmpropaganda-a-franco-korszakban","status":"publish","type":"post","link":"https:\/\/emlekpont.hu\/?p=6605","title":{"rendered":"Filmpropaganda a Franco-korszakban"},"content":{"rendered":"<p>Filmpropaganda a Franco-korszakban  A spanyol film, pontosabban a Franco-diktat\u00fara propagand\u00e1j\u00e1nak vil\u00e1g\u00e1ba vezeti dr. L\u00e9n\u00e1rt Andr\u00e1s, az SZTE Hispanisztikai Tansz\u00e9k\u00e9nek munkat\u00e1rsa a SZE-EM &#8211; T\u00f6rt\u00e9nelemtud\u00e1s egyeteme hallgat\u00f3s\u00e1g\u00e1t november 28-\u00e1n, cs\u00fct\u00f6rt\u00f6k\u00f6n 17 \u00f3r\u00e1t\u00f3l az Eml\u00e9kpontban.  Spanyolorsz\u00e1gban az 1939 \u00e9s 1975 k\u00f6z\u00f6tt fenn\u00e1ll\u00f3 Franco-diktat\u00fara nagy hangs\u00falyt fektetett a t\u00e1rsadalomhoz f\u00fbz\u00f5d\u00f5 kapcsolat\u00e1ra, valamint a nemzetk\u00f6zi viszonyrendszerben elfoglalt poz\u00edci\u00f3ja fenntart\u00e1s\u00e1ra. Mindk\u00e9t ter\u00fcleten, term\u00e9szetesen, v\u00e1ltoz\u00e1sok t\u00f6rt\u00e9ntek az eltelt \u00e9vtizedek sor\u00e1n, m\u00f3dosultak a hangs\u00falyok \u00e9s a priorit\u00e1sok. A rezsim ir\u00e1ny\u00edt\u00f3i a propaganda seg\u00edts\u00e9g\u00e9vel juttathatt\u00e1k el a n\u00e9p fel\u00e9 a gondosan kimunk\u00e1lt \u00fczeneteiket, s mind k\u00f6z\u00fcl a filmpropaganda bizonyult a leghat\u00e1sosabb eszk\u00f6znek. Az el\u00f5ad\u00e1s arra vil\u00e1g\u00edt r\u00e1, hogy milyen k\u00f6zvetlen \u00e9s k\u00f6zvetett kapcsolat \u00e1llt fenn a Franco-rendszer ideol\u00f3gi\u00e1ja \u00e9s filmpolitik\u00e1ja k\u00f6z\u00f6tt, hogyan v\u00e1lhatott a film a leghat\u00e1sosabb, \u00e9s egyben legn\u00e9pszer\u00fbbb propaganda-csatorn\u00e1v\u00e1.<\/p>\n","protected":false},"excerpt":{"rendered":"<p>Filmpropaganda a Franco-korszakban A spanyol film, pontosabban a Franco-diktat\u00fara propagand\u00e1j\u00e1nak vil\u00e1g\u00e1ba vezeti dr. L\u00e9n\u00e1rt Andr\u00e1s, az SZTE Hispanisztikai Tansz\u00e9k\u00e9nek munkat\u00e1rsa a SZE-EM &#8211; T\u00f6rt\u00e9nelemtud\u00e1s egyeteme hallgat\u00f3s\u00e1g\u00e1t november 28-\u00e1n, cs\u00fct\u00f6rt\u00f6k\u00f6n 17 \u00f3r\u00e1t\u00f3l az Eml\u00e9kpontban. Spanyolorsz\u00e1gban az 1939 \u00e9s 1975 k\u00f6z\u00f6tt fenn\u00e1ll\u00f3 Franco-diktat\u00fara nagy hangs\u00falyt fektetett a t\u00e1rsadalomhoz f\u00fbz\u00f5d\u00f5 kapcsolat\u00e1ra, valamint a nemzetk\u00f6zi viszonyrendszerben elfoglalt poz\u00edci\u00f3ja fenntart\u00e1s\u00e1ra. [&hellip;]<\/p>\n","protected":false},"author":5,"featured_media":0,"comment_status":"open","ping_status":"open","sticky":false,"template":"","format":"standard","meta":{"footnotes":""},"categories":[12,8,18],"tags":[],"_links":{"self":[{"href":"https:\/\/emlekpont.hu\/index.php?rest_route=\/wp\/v2\/posts\/6605"}],"collection":[{"href":"https:\/\/emlekpont.hu\/index.php?rest_route=\/wp\/v2\/posts"}],"about":[{"href":"https:\/\/emlekpont.hu\/index.php?rest_route=\/wp\/v2\/types\/post"}],"author":[{"embeddable":true,"href":"https:\/\/emlekpont.hu\/index.php?rest_route=\/wp\/v2\/users\/5"}],"replies":[{"embeddable":true,"href":"https:\/\/emlekpont.hu\/index.php?rest_route=%2Fwp%2Fv2%2Fcomments&post=6605"}],"version-history":[{"count":0,"href":"https:\/\/emlekpont.hu\/index.php?rest_route=\/wp\/v2\/posts\/6605\/revisions"}],"wp:attachment":[{"href":"https:\/\/emlekpont.hu\/index.php?rest_route=%2Fwp%2Fv2%2Fmedia&parent=6605"}],"wp:term":[{"taxonomy":"category","embeddable":true,"href":"https:\/\/emlekpont.hu\/index.php?rest_route=%2Fwp%2Fv2%2Fcategories&post=6605"},{"taxonomy":"post_tag","embeddable":true,"href":"https:\/\/emlekpont.hu\/index.php?rest_route=%2Fwp%2Fv2%2Ftags&post=6605"}],"curies":[{"name":"wp","href":"https:\/\/api.w.org\/{rel}","templated":true}]}}