{"id":6604,"date":"2013-12-03T00:00:00","date_gmt":"2013-12-03T00:00:00","guid":{"rendered":"http:\/\/emlekpont.hu\/?p=6604"},"modified":"2013-12-03T00:00:00","modified_gmt":"2013-12-03T00:00:00","slug":"a-20-eve-elhunyt-antall-jozsefre-emlekeznek","status":"publish","type":"post","link":"https:\/\/emlekpont.hu\/?p=6604","title":{"rendered":"A 20 \u00e9ve elhunyt Antall J\u00f3zsefre eml\u00e9keznek"},"content":{"rendered":"<p>\u00bdSzolg\u00e1lok, am\u00edg a nemzetnek haszna van bel\u00f5le\u00bdA 20 \u00e9ve elhunyt Antall J\u00f3zsefre eml\u00e9keznek H\u00f3dmez\u00f5v\u00e1s\u00e1rhelyen  Antall J\u00f3zsef minisztereln\u00f6k (1932-1993) hal\u00e1l\u00e1nak 20. \u00e9vfordul\u00f3ja alkalm\u00e1b\u00f3l eml\u00e9kez\u00f5 besz\u00e9lget\u00e9st rendez H\u00f3dmez\u00f5v\u00e1s\u00e1rhely Megyei Jog\u00fa V\u00e1ros \u00d6nkorm\u00e1nyzata \u00e9s az Eml\u00e9kpont december 4-\u00e9n szerd\u00e1n d\u00e9lel\u00f5tt 10 \u00f3r\u00e1t\u00f3l a V\u00e1rosh\u00e1za d\u00edszterm\u00e9ben. Az els\u00f5 szabadon v\u00e1lasztott magyar parlament minisztereln\u00f6k\u00e9nek politikai \u00e9let\u00fatj\u00e1t \u00e9s szellemi \u00f6r\u00f6ks\u00e9g\u00e9t kabinetj\u00e9nek egykori tagjai \u00e9s p\u00e1rtt\u00e1rsai id\u00e9zik meg. A besz\u00e9lget\u00e9sen r\u00e9szt vesz Balsai Istv\u00e1n alkotm\u00e1nyb\u00edr\u00f3, Kulin Ferenc irodalomt\u00f6rt\u00e9n\u00e9sz \u00e9s Marinovich Endre, az Antall J\u00f3zsef Bar\u00e1ti T\u00e1rsas\u00e1g eln\u00f6ke. Moder\u00e1tor Juh\u00e1sz Judit, az Antall J\u00f3zsef Bar\u00e1ti T\u00e1rsas\u00e1g eln\u00f6ks\u00e9gi tagja.  Magyarorsz\u00e1g rendszerv\u00e1lt\u00e1s ut\u00e1ni els\u00f5 korm\u00e1nyf\u00f5j\u00e9nek politikusi p\u00e1ly\u00e1j\u00e1ra d\u00f6nt\u00f5 hat\u00e1ssal volt \u00e9desapja, aki az 1945 el\u00f5tti Kisgazdap\u00e1rt tagja volt, s mint k\u00f6ztisztvisel\u00f5, a m\u00e1sodik vil\u00e1gh\u00e1bor\u00fa v\u00e9szterhes \u00e9veiben \u00fcld\u00f6z\u00f6ttek t\u00edzezreinek   lengyel menek\u00fclteknek \u00e9s bujk\u00e1l\u00f3 zsid\u00f3knak   seg\u00edtett. Az 1932-ben sz\u00fcletetett Antall J\u00f3zsef, mint fiatal tan\u00e1r \u00bdker\u00fclt be a t\u00f6rt\u00e9nelembe\u00bd az 1956-os forradalom idej\u00e9n. M\u00e1r ekkor hat\u00e1rozott elk\u00e9pzel\u00e9sei voltak a j\u00f6v\u00f5r\u00f5l, c\u00e9lja a demokratikus, t\u00f6bbp\u00e1rtrendszer\u00fb Magyarorsz\u00e1g megteremt\u00e9se volt. Politikai magatart\u00e1sa, a magyar szabads\u00e1g melletti ki\u00e1ll\u00e1sa miatt \u00e1thelyezt\u00e9k, majd 1959-ben eltan\u00e1csolt\u00e1k a tan\u00e1ri p\u00e1ly\u00e1t\u00f3l, \u00edgy k\u00f6nyvt\u00e1ros, muzeol\u00f3gus \u00e9s kutat\u00f3 t\u00f6rt\u00e9n\u00e9sz lett a Semmelweis Orvost\u00f6rt\u00e9neti M\u00fazeumban. A k\u00f6zgy\u00fbjtem\u00e9nyben \u00e9s annak \u00e9l\u00e9n elt\u00f6lt\u00f6tt \u00e9vtizedei alatt az int\u00e9zetet vil\u00e1gh\u00edr\u00fb kutat\u00f3m\u00fbhelly\u00e9 fejlesztette \u00e9s munk\u00e1t biztos\u00edtott sz\u00e1mos olyan embereknek, akiket a rendszer \u00fcld\u00f6z\u00f6tt. Az 1987-ben megalakult Magyar Demokrata F\u00f3rum felismerte benne a nagy k\u00e9pess\u00e9g\u00fb politikust, \u00e9s eln\u00f6kk\u00e9 v\u00e1lasztotta.       Antall J\u00f3zsef a h\u00f3dmez\u00f5v\u00e1s\u00e1rhelyi II. vil\u00e1gh\u00e1bor\u00fas eml\u00e9km\u00fb avat\u00e1s\u00e1n 1992-ben  Az 1990-es, els\u00f5 szabad v\u00e1laszt\u00e1sok ut\u00e1n nemcsak Magyarorsz\u00e1g, hanem l\u00e9lekben a nemzet, 15 milli\u00f3 magyar minisztereln\u00f6ke is lett. Els\u00f5dlegesnek a nemzet ir\u00e1nti szolg\u00e1latot tekintette \u00e9s ez al\u00e1 rendelt mindent. Vallotta, hogy &#8222;egy politikusn\u00e1l els\u00f5dlegesen az a m\u00e9rt\u00e9k, hogy az orsz\u00e1g \u00e9rdek\u00e9ben mit tesz, s ezen bel\u00fcl term\u00e9szetesen vannak olyan politikai \u00e9s mor\u00e1lis norm\u00e1k, amelyeket meg kell tartania.&#8221; Korm\u00e1nyz\u00e1sa alatt zajlott le a szovjet csapatok kivon\u00e1sa, vagyis az orsz\u00e1g szuverenit\u00e1s\u00e1nak visszaszerz\u00e9se. A k\u00fclpolitik\u00e1ban a t\u00e9rs\u00e9gben egyed\u00fcl\u00e1ll\u00f3 nemzetk\u00f6zi elismerts\u00e9gre tett szert. Bevezette az orsz\u00e1got az \u00f6sszeur\u00f3pai int\u00e9zm\u00e9nyrendszerekbe \u00e9s megalapozta Magyarorsz\u00e1g euro-atlanti orient\u00e1ci\u00f3j\u00e1t. Ek\u00f6zben itthon politikai v\u00e1ls\u00e1gok eg\u00e9sz sor\u00e1val is kellett megk\u00fczdenie, melyek rendez\u00e9s\u00e9ben kimagasl\u00f3 kompromisszumk\u00e9szs\u00e9g\u00e9r\u00f5l tett tan\u00fabizonys\u00e1got. A haza \u00e9rdek\u00e9ben v\u00edvott \u00e1ldozatos k\u00fczdelm\u00e9nek s\u00falyos betegs\u00e9ge vetett v\u00e9get, 1993. december 12-\u00e9n 62 \u00e9ves kor\u00e1ban hunyt el.<\/p>\n","protected":false},"excerpt":{"rendered":"<p>\u00bdSzolg\u00e1lok, am\u00edg a nemzetnek haszna van bel\u00f5le\u00bdA 20 \u00e9ve elhunyt Antall J\u00f3zsefre eml\u00e9keznek H\u00f3dmez\u00f5v\u00e1s\u00e1rhelyen Antall J\u00f3zsef minisztereln\u00f6k (1932-1993) hal\u00e1l\u00e1nak 20. \u00e9vfordul\u00f3ja alkalm\u00e1b\u00f3l eml\u00e9kez\u00f5 besz\u00e9lget\u00e9st rendez H\u00f3dmez\u00f5v\u00e1s\u00e1rhely Megyei Jog\u00fa V\u00e1ros \u00d6nkorm\u00e1nyzata \u00e9s az Eml\u00e9kpont december 4-\u00e9n szerd\u00e1n d\u00e9lel\u00f5tt 10 \u00f3r\u00e1t\u00f3l a V\u00e1rosh\u00e1za d\u00edszterm\u00e9ben. Az els\u00f5 szabadon v\u00e1lasztott magyar parlament minisztereln\u00f6k\u00e9nek politikai \u00e9let\u00fatj\u00e1t \u00e9s szellemi \u00f6r\u00f6ks\u00e9g\u00e9t kabinetj\u00e9nek [&hellip;]<\/p>\n","protected":false},"author":5,"featured_media":0,"comment_status":"open","ping_status":"open","sticky":false,"template":"","format":"standard","meta":{"footnotes":""},"categories":[12,8,18],"tags":[],"_links":{"self":[{"href":"https:\/\/emlekpont.hu\/index.php?rest_route=\/wp\/v2\/posts\/6604"}],"collection":[{"href":"https:\/\/emlekpont.hu\/index.php?rest_route=\/wp\/v2\/posts"}],"about":[{"href":"https:\/\/emlekpont.hu\/index.php?rest_route=\/wp\/v2\/types\/post"}],"author":[{"embeddable":true,"href":"https:\/\/emlekpont.hu\/index.php?rest_route=\/wp\/v2\/users\/5"}],"replies":[{"embeddable":true,"href":"https:\/\/emlekpont.hu\/index.php?rest_route=%2Fwp%2Fv2%2Fcomments&post=6604"}],"version-history":[{"count":0,"href":"https:\/\/emlekpont.hu\/index.php?rest_route=\/wp\/v2\/posts\/6604\/revisions"}],"wp:attachment":[{"href":"https:\/\/emlekpont.hu\/index.php?rest_route=%2Fwp%2Fv2%2Fmedia&parent=6604"}],"wp:term":[{"taxonomy":"category","embeddable":true,"href":"https:\/\/emlekpont.hu\/index.php?rest_route=%2Fwp%2Fv2%2Fcategories&post=6604"},{"taxonomy":"post_tag","embeddable":true,"href":"https:\/\/emlekpont.hu\/index.php?rest_route=%2Fwp%2Fv2%2Ftags&post=6604"}],"curies":[{"name":"wp","href":"https:\/\/api.w.org\/{rel}","templated":true}]}}