{"id":6603,"date":"2013-12-04T00:00:00","date_gmt":"2013-12-04T00:00:00","guid":{"rendered":"http:\/\/emlekpont.hu\/?p=6603"},"modified":"2013-12-04T00:00:00","modified_gmt":"2013-12-04T00:00:00","slug":"szolgalok-amig-a-nemzetnek-haszna-van-belole","status":"publish","type":"post","link":"https:\/\/emlekpont.hu\/?p=6603","title":{"rendered":"&#8222;Szolg\u00e1lok, am\u00edg a nemzetnek haszna van bel\u0151le&#8221;"},"content":{"rendered":"<p>\u00bdSzolg\u00e1lok, am\u00edg a nemzetnek haszna van bel\u00f5le\u00bd  A 20 \u00e9vvel ezel\u00f5tt elhunyt korm\u00e1nyf\u00f5re, dr. Antall J\u00f3zsefre eml\u00e9keztek H\u00f3dmez\u00f5v\u00e1s\u00e1rhelyen. Az els\u00f5 szabadon v\u00e1lasztott magyar parlament minisztereln\u00f6k\u00e9nek szellemi \u00f6r\u00f6ks\u00e9g\u00e9t, emberi nagys\u00e1g\u00e1t, kabinetj\u00e9nek tagjai \u00e9s p\u00e1rtt\u00e1rsai id\u00e9zt\u00e9k meg.  \u00bdSzolg\u00e1lok, am\u00edg a nemzetnek haszna van bel\u00f5le.\u00bd &#8211; a harmadik Magyar K\u00f6zt\u00e1rsas\u00e1g els\u00f5 szabadon v\u00e1lasztott minisztereln\u00f6ke, beiktat\u00e1s\u00e1t k\u00f6vet\u00f5en e- mondattal kezdte korm\u00e1nyf\u00f5i besz\u00e9d\u00e9t.  Az 1993-ban elhunyt Antal J\u00f3zsefre eml\u00e9keztek H\u00f3dmez\u00f5v\u00e1s\u00e1rhelyen, a V\u00e1rosh\u00e1za d\u00edszterm\u00e9ben. Az esem\u00e9nyen a Magyar Telev\u00edzi\u00f3 arch\u00edvum\u00e1t felhaszn\u00e1lva, a V\u00e1s\u00e1rhelyi Telev\u00edzi\u00f3 \u00e1ltal k\u00e9sz\u00edtett dokumentumfilm \u00f6ssze\u00e1ll\u00edt\u00e1s is azt seg\u00edtette, hogy min\u00e9l pontosabban id\u00e9zz\u00e9k meg a nagyform\u00e1tum\u00fa politikus sokoldal\u00fa szem\u00e9lyis\u00e9g\u00e9t. Antall J\u00f3zsef nev\u00e9hez f\u00fbz\u00f5dik t\u00f6bbek k\u00f6z\u00f6tt az \u00e1llamszocializmus elt\u00f6rl\u00e9se, az orsz\u00e1g \u00faj gazdas\u00e1gi alapokra helyez\u00e9se, de ez\u00fattal nemcsak a politikusra, az emberre eml\u00e9keztek.      Dr. K\u00f3sz\u00f3 P\u00e9ter alpolg\u00e1rmester k\u00f6sz\u00f6nt\u00f5je az eml\u00e9kbesz\u00e9lget\u00e9sen(Fot\u00f3: Szil\u00e1gyi Gergely, hodmezovasarhely.hu)  &#8211; Hihetetlen nagys\u00e1g\u00fa emberi \u00e9s erk\u00f6lcsi er\u00f5r\u00f5l tett tan\u00fabizonys\u00e1got, hiszen egy hal\u00e1los korral a szervezet\u00e9ben v\u00e9gig a politika porondj\u00e1n, a k\u00f6z\u00e9let k\u00f6zep\u00e9n, mindent v\u00e1llalva \u00e9s \u00f6nmag\u00e1t fel\u00e1ldozva tett meg mindent, hogy egy puskal\u00f6v\u00e9s n\u00e9lk\u00fcl ebb\u00f5l az orsz\u00e1gb\u00f3l az \u00f5 \u00e1ltala is olyan szeretett N\u00e9meth L\u00e1szl\u00f3i gondolat szerint, egy emelked\u00f5 nemzet v\u00e1ljon. Az orsz\u00e1g ennek a f\u00e9rfinek h\u00e1l\u00e1val tartozik, \u00e9s soha nem feledheti el. &#8211; emelte ki k\u00f6sz\u00f6nt\u00f5j\u00e9ben Dr. K\u00f3sz\u00f3 P\u00e9ter alpolg\u00e1rmester.  Antall J\u00f3zsef politikai \u00e9let\u00fatj\u00e1t \u00e9s szellemi \u00f6r\u00f6ks\u00e9g\u00e9t kabinetj\u00e9nek egykori tagjai \u00e9s p\u00e1rtt\u00e1rsai jelen\u00edtett\u00e9k meg. A k\u00f6tetlen besz\u00e9lget\u00e9sen szem\u00e9lyes \u00e9lm\u00e9nyeit eleven\u00edtette fel t\u00f6bbek k\u00f6z\u00f6tt dr. Balsai Istv\u00e1n alkotm\u00e1nyb\u00edr\u00f3, az Antall-korm\u00e1ny igazs\u00e1g\u00fcgy-minisztere.  &#8211; Megjelen\u00e9sben, szem\u00e9lyis\u00e9g\u00e9ben, kin\u00e9zet\u00e9ben rendk\u00edv\u00fcl europ\u00e9er k\u00fclsej\u00fb, \u00f3ri\u00e1si felk\u00e9sz\u00fclts\u00e9g\u00fb ember volt. Kor\u00e1nak egyik legfelk\u00e9sz\u00fcltebb politikusa volt. K\u00f6zvetlen, szellemes. Sokan mondj\u00e1k igaztalanul, hogy nem volt mosolyg\u00f3s. Rendk\u00edv\u00fcl szellemes, igazi nagym\u00fbvelts\u00e9g\u00fb tud\u00f3s tan\u00e1rember volt \u00e9s mellesleg politikus, Magyarorsz\u00e1g minisztereln\u00f6ke.      Alm\u00e1si Istv\u00e1n, H\u00f3dmez\u00f5v\u00e1s\u00e1rhely polg\u00e1rmestere \u00e9s Antall J\u00f3zsef \u00f6zvegye(Fot\u00f3: Szil\u00e1gyi Gergely, hodmezovasarhely.hu)  Az eml\u00e9kez\u00f5 besz\u00e9lget\u00e9sre a n\u00e9hai korm\u00e1nyf\u00f5 \u00f6zvegye is ell\u00e1togatott, aki elmondta, f\u00e9rje a teljess\u00e9gre t\u00f6rekedett munk\u00e1j\u00e1ban \u00e9s csal\u00e1di \u00e9let\u00e9ben egyar\u00e1nt. Mindig \u00fcgyelt arra, hogy ha nehezen is, de mindenk\u00e9ppen id\u00f5t szak\u00edtson hozz\u00e1tartoz\u00f3ira.  &#8211; A h\u00e9tv\u00e9ge mindig a mi\u00e9nk volt. Akkor k\u00e9zen fogta a fiainkat, elvitte \u00f5ket m\u00fazeumba, s\u00e9t\u00e1lni. Amikor tehettem \u00e9s az eb\u00e9d is elk\u00e9sz\u00fclt \u00e9n is vel\u00fck mentem &#8211; mondta \u00f6zv. Antall J\u00f3zsefn\u00e9.      Antall J\u00f3zsef eml\u00e9kbesz\u00e9lget\u00e9s(Fot\u00f3: Szil\u00e1gyi Gergely, hodmezovasarhely.hu)  A megeml\u00e9kez\u00e9sen Antall J\u00f3zsefet a huszadik sz\u00e1zad tal\u00e1n egyik legnagyobb form\u00e1tum\u00fa politikus\u00e1nak nevezt\u00e9k, aki Magyarorsz\u00e1got m\u00e9lt\u00f3 \u00e9letk\u00f6r\u00fclm\u00e9nyek k\u00f6z\u00e9 \u00e9s erk\u00f6lcsi magaslatokba k\u00edv\u00e1nta emelni. T\u00f6rekv\u00e9sei szil\u00e1rd \u00e9rt\u00e9krendj\u00e9b\u00f5l, csal\u00e1di neveltet\u00e9s\u00e9b\u00f5l t\u00e1pl\u00e1lkozott.  Forr\u00e1s: V\u00e1s\u00e1rhelyi Telev\u00edzi\u00f3<\/p>\n","protected":false},"excerpt":{"rendered":"<p>\u00bdSzolg\u00e1lok, am\u00edg a nemzetnek haszna van bel\u00f5le\u00bd A 20 \u00e9vvel ezel\u00f5tt elhunyt korm\u00e1nyf\u00f5re, dr. Antall J\u00f3zsefre eml\u00e9keztek H\u00f3dmez\u00f5v\u00e1s\u00e1rhelyen. Az els\u00f5 szabadon v\u00e1lasztott magyar parlament minisztereln\u00f6k\u00e9nek szellemi \u00f6r\u00f6ks\u00e9g\u00e9t, emberi nagys\u00e1g\u00e1t, kabinetj\u00e9nek tagjai \u00e9s p\u00e1rtt\u00e1rsai id\u00e9zt\u00e9k meg. \u00bdSzolg\u00e1lok, am\u00edg a nemzetnek haszna van bel\u00f5le.\u00bd &#8211; a harmadik Magyar K\u00f6zt\u00e1rsas\u00e1g els\u00f5 szabadon v\u00e1lasztott minisztereln\u00f6ke, beiktat\u00e1s\u00e1t k\u00f6vet\u00f5en e- mondattal [&hellip;]<\/p>\n","protected":false},"author":5,"featured_media":0,"comment_status":"open","ping_status":"open","sticky":false,"template":"","format":"standard","meta":{"footnotes":""},"categories":[12,8,18],"tags":[],"_links":{"self":[{"href":"https:\/\/emlekpont.hu\/index.php?rest_route=\/wp\/v2\/posts\/6603"}],"collection":[{"href":"https:\/\/emlekpont.hu\/index.php?rest_route=\/wp\/v2\/posts"}],"about":[{"href":"https:\/\/emlekpont.hu\/index.php?rest_route=\/wp\/v2\/types\/post"}],"author":[{"embeddable":true,"href":"https:\/\/emlekpont.hu\/index.php?rest_route=\/wp\/v2\/users\/5"}],"replies":[{"embeddable":true,"href":"https:\/\/emlekpont.hu\/index.php?rest_route=%2Fwp%2Fv2%2Fcomments&post=6603"}],"version-history":[{"count":0,"href":"https:\/\/emlekpont.hu\/index.php?rest_route=\/wp\/v2\/posts\/6603\/revisions"}],"wp:attachment":[{"href":"https:\/\/emlekpont.hu\/index.php?rest_route=%2Fwp%2Fv2%2Fmedia&parent=6603"}],"wp:term":[{"taxonomy":"category","embeddable":true,"href":"https:\/\/emlekpont.hu\/index.php?rest_route=%2Fwp%2Fv2%2Fcategories&post=6603"},{"taxonomy":"post_tag","embeddable":true,"href":"https:\/\/emlekpont.hu\/index.php?rest_route=%2Fwp%2Fv2%2Ftags&post=6603"}],"curies":[{"name":"wp","href":"https:\/\/api.w.org\/{rel}","templated":true}]}}