{"id":6601,"date":"2014-01-06T00:00:00","date_gmt":"2014-01-06T00:00:00","guid":{"rendered":"http:\/\/emlekpont.hu\/?p=6601"},"modified":"2014-01-06T00:00:00","modified_gmt":"2014-01-06T00:00:00","slug":"rendhagyo-tanora-a-szent-korona-hazateresrol","status":"publish","type":"post","link":"https:\/\/emlekpont.hu\/?p=6601","title":{"rendered":"Rendhagy\u00f3 tan\u00f3ra a Szent Korona hazat\u00e9r\u00e9sr\u0151l"},"content":{"rendered":"<p>\u00bdIde tartozik, ahogy a Dun\u00e1n \u00e1t\u00edvel\u00f5 hidak is\u00bdRendhagy\u00f3 tan\u00f3ra a Szent Korona hazat\u00e9r\u00e9sr\u00f5l az Eml\u00e9kpontban  T\u00f6bb mint h\u00e1rom \u00e9vtizednyi, h\u00e1nyatott sors\u00fa t\u00e1voll\u00e9tet k\u00f6vet\u00f5en, 1978. janu\u00e1r 5-\u00e9n \u00e9rkezett meg a Ferihegyi rep\u00fcl\u00f5t\u00e9rre a magyar \u00e1llamis\u00e1g jelk\u00e9pe, a Szent Korona, melyet m\u00e1snap a magyar n\u00e9pnek adott vissza \u00bdaz amerikai n\u00e9pet\u00bd k\u00e9pvisel\u00f5 Cyrus Vance, az USA k\u00fcl\u00fcgyminisztere. Az \u00e9vfordul\u00f3ra eml\u00e9kezve janu\u00e1r 7-\u00e9n, kedden 13 \u00f3rakor Kerecsen L\u00e1szl\u00f3 korona\u00f5r rendhagy\u00f3 tan\u00f3r\u00e1n mutatja be az Eml\u00e9kpontban a Szent Korona hazat\u00e9r\u00e9s\u00e9nek t\u00f6rt\u00e9net\u00e9t, megismertetve a di\u00e1kokkal a Magyar Kir\u00e1lyi Korona\u00f5rs\u00e9g hagyom\u00e1nyait \u00e9s a Pajt\u00e1s ezredes vezette korona\u00f5rs\u00e9g szerep\u00e9t nemzeti erekly\u00e9nk megmenek\u00edt\u00e9s\u00e9ben.  A Szent Koron\u00e1t \u00e9s a koron\u00e1z\u00e1si erekly\u00e9ket a II. vil\u00e1gh\u00e1bor\u00fa idej\u00e9n, 1944 okt\u00f3ber\u00e9ben a budai V\u00e1rban \u00e1st\u00e1k el a Magyar Kir\u00e1lyi Korona\u00f5rs\u00e9g tagjai. Az el\u00f5renyomul\u00f3 szovjet csapatok el\u00f5l a kir\u00e1lyi \u00e9kszert Veszpr\u00e9mbe, K\u00f5szegre, azt\u00e1n Velembe sz\u00e1ll\u00edtott\u00e1k, majd 1945. m\u00e1rcius 27-\u00e9n a korona\u00f5r\u00f6k Ausztri\u00e1ba menek\u00edtett\u00e9k. V\u00e9gc\u00e9ljuk Mattsee volt, a korm\u00e1ny utols\u00f3 \u00e1llom\u00e1shelye. A minisztereln\u00f6k utas\u00edt\u00e1s\u00e1ra a Pajt\u00e1s Ern\u00f5 parancsnoks\u00e1ga alatt \u00e1ll\u00f3 korona\u00f5r\u00f6k a Szent Koron\u00e1t egy t\u00f3 partj\u00e1n \u00e1st\u00e1k el, hely\u00e9t felt\u00e9rk\u00e9pezt\u00e9k. A koronal\u00e1d\u00e1t viszont tov\u00e1bb \u00f5rizt\u00e9k, \u00e9s amikor a csapat amerikai fogs\u00e1gba esett, a korona\u00f5rs\u00e9g parancsnoka \u00e1tadta a l\u00e1d\u00e1t a 7. amerikai hadsereg kihallgat\u00e1si k\u00f6zpontja \u00fcgyeletes tisztj\u00e9nek. A l\u00e1da felnyit\u00e1sa ut\u00e1n, a korona hi\u00e1ny\u00e1t konstat\u00e1lva, a korona\u00f5rs\u00e9g parancsnok\u00e1t hosszas kihallgat\u00e1soknak vetett\u00e9k al\u00e1, majd miut\u00e1n elmondta a t\u00f3parti rejtekhely titk\u00e1t, az amerikaiakkal egy\u00fctt ki\u00e1st\u00e1k a Szent Koron\u00e1t. Az amerikai 7. hadsereg parancsnoka megengedte a korona\u00f5rs\u00e9g parancsnok\u00e1nak, hogy a l\u00e1d\u00e1t tov\u00e1bb k\u00eds\u00e9rje, eg\u00e9szen a n\u00e9metorsz\u00e1gi Heidelbergig, ahol a 7. amerikai hadsereg f\u00f5hadisz\u00e1ll\u00e1s\u00e1n helyezt\u00e9k el a koron\u00e1t.   Az Egyes\u00fclt \u00c1llamokba sz\u00e1ll\u00edtott kincseket 1945 \u00e9s 1953 k\u00f6z\u00f6tt nyolc k\u00fcl\u00f6nb\u00f6z\u00f5 helyen tartotta az amerikai hadsereg, majd hazat\u00e9r\u00e9sig a Kentucky \u00e1llambeli Fort Knox katonai t\u00e1maszponton \u00f5rizt\u00e9k. Jimmy Carter eln\u00f6ks\u00e9ge alatt, 1978. janu\u00e1r 5-\u00e9n a Szent Korona a koron\u00e1z\u00e1si \u00e9kszerekkel egy\u00fctt ism\u00e9t Magyarorsz\u00e1gra \u00e9rkezett. Janu\u00e1r 6-\u00e1n Cyrus Vance amerikai k\u00fcl\u00fcgyminiszter a Parlament \u00e9p\u00fclet\u00e9ben \u00fcnnep\u00e9lyes keretek k\u00f6z\u00f6tt szolg\u00e1ltatta vissza Magyarorsz\u00e1gnak, a magyar n\u00e9pnek.      A Szent Korona \u00fcnnep\u00e9lyes \u00e1tad\u00e1sa a Parlamentben1978. janu\u00e1r 6.  A Szent Korona 20 sz\u00e1zadi k\u00e1lv\u00e1ri\u00e1j\u00e1t \u00e9s hazat\u00e9r\u00e9s\u00e9nek t\u00f6rt\u00e9net\u00e9t Kerecsen L\u00e1szl\u00f3, a Magyar Korona\u00f5r\u00f6k Egyes\u00fclet\u00e9nek tagja mutatja rendhagy\u00f3 t\u00f6rt\u00e9nelem\u00f3r\u00e1n holnap d\u00e9lut\u00e1n 1 \u00f3rakor az Eml\u00e9kpont el\u00f5ad\u00f3term\u00e9ben.<\/p>\n","protected":false},"excerpt":{"rendered":"<p>\u00bdIde tartozik, ahogy a Dun\u00e1n \u00e1t\u00edvel\u00f5 hidak is\u00bdRendhagy\u00f3 tan\u00f3ra a Szent Korona hazat\u00e9r\u00e9sr\u00f5l az Eml\u00e9kpontban T\u00f6bb mint h\u00e1rom \u00e9vtizednyi, h\u00e1nyatott sors\u00fa t\u00e1voll\u00e9tet k\u00f6vet\u00f5en, 1978. janu\u00e1r 5-\u00e9n \u00e9rkezett meg a Ferihegyi rep\u00fcl\u00f5t\u00e9rre a magyar \u00e1llamis\u00e1g jelk\u00e9pe, a Szent Korona, melyet m\u00e1snap a magyar n\u00e9pnek adott vissza \u00bdaz amerikai n\u00e9pet\u00bd k\u00e9pvisel\u00f5 Cyrus Vance, az USA k\u00fcl\u00fcgyminisztere. Az [&hellip;]<\/p>\n","protected":false},"author":5,"featured_media":0,"comment_status":"open","ping_status":"open","sticky":false,"template":"","format":"standard","meta":{"footnotes":""},"categories":[12,8,17],"tags":[],"_links":{"self":[{"href":"https:\/\/emlekpont.hu\/index.php?rest_route=\/wp\/v2\/posts\/6601"}],"collection":[{"href":"https:\/\/emlekpont.hu\/index.php?rest_route=\/wp\/v2\/posts"}],"about":[{"href":"https:\/\/emlekpont.hu\/index.php?rest_route=\/wp\/v2\/types\/post"}],"author":[{"embeddable":true,"href":"https:\/\/emlekpont.hu\/index.php?rest_route=\/wp\/v2\/users\/5"}],"replies":[{"embeddable":true,"href":"https:\/\/emlekpont.hu\/index.php?rest_route=%2Fwp%2Fv2%2Fcomments&post=6601"}],"version-history":[{"count":0,"href":"https:\/\/emlekpont.hu\/index.php?rest_route=\/wp\/v2\/posts\/6601\/revisions"}],"wp:attachment":[{"href":"https:\/\/emlekpont.hu\/index.php?rest_route=%2Fwp%2Fv2%2Fmedia&parent=6601"}],"wp:term":[{"taxonomy":"category","embeddable":true,"href":"https:\/\/emlekpont.hu\/index.php?rest_route=%2Fwp%2Fv2%2Fcategories&post=6601"},{"taxonomy":"post_tag","embeddable":true,"href":"https:\/\/emlekpont.hu\/index.php?rest_route=%2Fwp%2Fv2%2Ftags&post=6601"}],"curies":[{"name":"wp","href":"https:\/\/api.w.org\/{rel}","templated":true}]}}